{"id":33317,"date":"2014-11-12T00:00:00","date_gmt":"2014-11-11T23:00:00","guid":{"rendered":"https:\/\/wp.muchomaas.com\/breve-bernard-cazeneuve\/"},"modified":"2014-11-12T00:00:00","modified_gmt":"2014-11-11T23:00:00","slug":"breve-bernard-cazeneuve","status":"publish","type":"post","link":"https:\/\/archives.regards.fr\/?p=33317","title":{"rendered":"Bernard Cazeneuve"},"content":{"rendered":"<p><em>\u00ab La grenade offensive, qui vous dit qu&#8217;elle a \u00e9t\u00e9 tir\u00e9e en direction des manifestants ? \u00bb<\/em> (12\/11\/2014, France Inter)<\/p>\n","protected":false},"excerpt":{"rendered":"<p>\u00ab La grenade offensive, qui vous dit qu&#8217;elle a \u00e9t\u00e9 tir\u00e9e en direction des manifestants ? \u00bb (12\/11\/2014, France Inter)<\/p>\n","protected":false},"author":1,"featured_media":0,"comment_status":"open","ping_status":"open","sticky":false,"template":"","format":"standard","meta":{"_themeisle_gutenberg_block_has_review":false,"footnotes":""},"categories":[284],"tags":[],"class_list":["post-33317","post","type-post","status-publish","format-standard","hentry","category-declarama-breves"],"_links":{"self":[{"href":"https:\/\/archives.regards.fr\/index.php?rest_route=\/wp\/v2\/posts\/33317","targetHints":{"allow":["GET"]}}],"collection":[{"href":"https:\/\/archives.regards.fr\/index.php?rest_route=\/wp\/v2\/posts"}],"about":[{"href":"https:\/\/archives.regards.fr\/index.php?rest_route=\/wp\/v2\/types\/post"}],"author":[{"embeddable":true,"href":"https:\/\/archives.regards.fr\/index.php?rest_route=\/wp\/v2\/users\/1"}],"replies":[{"embeddable":true,"href":"https:\/\/archives.regards.fr\/index.php?rest_route=%2Fwp%2Fv2%2Fcomments&post=33317"}],"version-history":[{"count":0,"href":"https:\/\/archives.regards.fr\/index.php?rest_route=\/wp\/v2\/posts\/33317\/revisions"}],"wp:attachment":[{"href":"https:\/\/archives.regards.fr\/index.php?rest_route=%2Fwp%2Fv2%2Fmedia&parent=33317"}],"wp:term":[{"taxonomy":"category","embeddable":true,"href":"https:\/\/archives.regards.fr\/index.php?rest_route=%2Fwp%2Fv2%2Fcategories&post=33317"},{"taxonomy":"post_tag","embeddable":true,"href":"https:\/\/archives.regards.fr\/index.php?rest_route=%2Fwp%2Fv2%2Ftags&post=33317"}],"curies":[{"name":"wp","href":"https:\/\/api.w.org\/{rel}","templated":true}]}}