{"id":330,"date":"2016-04-15T10:58:31","date_gmt":"2016-04-15T08:58:31","guid":{"rendered":"https:\/\/wp.muchomaas.com\/breve-jean-christophe-cambadelis-330\/"},"modified":"2016-04-15T10:58:31","modified_gmt":"2016-04-15T08:58:31","slug":"breve-jean-christophe-cambadelis-330","status":"publish","type":"post","link":"https:\/\/archives.regards.fr\/?p=330","title":{"rendered":"Jean-Christophe Cambad\u00e9lis"},"content":{"rendered":"<p><em>\u00ab\u00a0Nous n&#8217;avons pas r\u00e9gl\u00e9 les probl\u00e8mes permettant d&#8217;ass\u00e9cher le Front national mais on a assaini le pays. \u00bb<\/em> (RMC, 15\/03\/2016)<\/p>\n","protected":false},"excerpt":{"rendered":"<p>\u00ab\u00a0Nous n&#8217;avons pas r\u00e9gl\u00e9 les probl\u00e8mes permettant d&#8217;ass\u00e9cher le Front national mais on a assaini le pays. \u00bb (RMC, 15\/03\/2016)<\/p>\n","protected":false},"author":1,"featured_media":0,"comment_status":"open","ping_status":"open","sticky":false,"template":"","format":"standard","meta":{"_themeisle_gutenberg_block_has_review":false,"footnotes":""},"categories":[284],"tags":[],"class_list":["post-330","post","type-post","status-publish","format-standard","hentry","category-declarama-breves"],"_links":{"self":[{"href":"https:\/\/archives.regards.fr\/index.php?rest_route=\/wp\/v2\/posts\/330","targetHints":{"allow":["GET"]}}],"collection":[{"href":"https:\/\/archives.regards.fr\/index.php?rest_route=\/wp\/v2\/posts"}],"about":[{"href":"https:\/\/archives.regards.fr\/index.php?rest_route=\/wp\/v2\/types\/post"}],"author":[{"embeddable":true,"href":"https:\/\/archives.regards.fr\/index.php?rest_route=\/wp\/v2\/users\/1"}],"replies":[{"embeddable":true,"href":"https:\/\/archives.regards.fr\/index.php?rest_route=%2Fwp%2Fv2%2Fcomments&post=330"}],"version-history":[{"count":0,"href":"https:\/\/archives.regards.fr\/index.php?rest_route=\/wp\/v2\/posts\/330\/revisions"}],"wp:attachment":[{"href":"https:\/\/archives.regards.fr\/index.php?rest_route=%2Fwp%2Fv2%2Fmedia&parent=330"}],"wp:term":[{"taxonomy":"category","embeddable":true,"href":"https:\/\/archives.regards.fr\/index.php?rest_route=%2Fwp%2Fv2%2Fcategories&post=330"},{"taxonomy":"post_tag","embeddable":true,"href":"https:\/\/archives.regards.fr\/index.php?rest_route=%2Fwp%2Fv2%2Ftags&post=330"}],"curies":[{"name":"wp","href":"https:\/\/api.w.org\/{rel}","templated":true}]}}