{"id":317,"date":"2016-03-25T11:59:42","date_gmt":"2016-03-25T10:59:42","guid":{"rendered":"https:\/\/wp.muchomaas.com\/breve-guillaume-peltier-317\/"},"modified":"2016-03-25T11:59:42","modified_gmt":"2016-03-25T10:59:42","slug":"breve-guillaume-peltier-317","status":"publish","type":"post","link":"https:\/\/archives.regards.fr\/?p=317","title":{"rendered":"Guillaume Peltier"},"content":{"rendered":"<p><em>\u00ab\u00a0L&#8217;image de la justice est tellement politis\u00e9e depuis le passage de Christiane Taubira que pour le peuple de droite, \u00eatre mis en cause par les juges est une preuve de combativit\u00e9 et de courage.\u00a0\u00bb <\/em> (Le Figaro, 25\/03\/2016)<\/p>\n","protected":false},"excerpt":{"rendered":"<p>\u00ab\u00a0L&#8217;image de la justice est tellement politis\u00e9e depuis le passage de Christiane Taubira que pour le peuple de droite, \u00eatre mis en cause par les juges est une preuve de combativit\u00e9 et de courage.\u00a0\u00bb (Le Figaro, 25\/03\/2016)<\/p>\n","protected":false},"author":1,"featured_media":0,"comment_status":"open","ping_status":"open","sticky":false,"template":"","format":"standard","meta":{"_themeisle_gutenberg_block_has_review":false,"footnotes":""},"categories":[284],"tags":[],"class_list":["post-317","post","type-post","status-publish","format-standard","hentry","category-declarama-breves"],"_links":{"self":[{"href":"https:\/\/archives.regards.fr\/index.php?rest_route=\/wp\/v2\/posts\/317","targetHints":{"allow":["GET"]}}],"collection":[{"href":"https:\/\/archives.regards.fr\/index.php?rest_route=\/wp\/v2\/posts"}],"about":[{"href":"https:\/\/archives.regards.fr\/index.php?rest_route=\/wp\/v2\/types\/post"}],"author":[{"embeddable":true,"href":"https:\/\/archives.regards.fr\/index.php?rest_route=\/wp\/v2\/users\/1"}],"replies":[{"embeddable":true,"href":"https:\/\/archives.regards.fr\/index.php?rest_route=%2Fwp%2Fv2%2Fcomments&post=317"}],"version-history":[{"count":0,"href":"https:\/\/archives.regards.fr\/index.php?rest_route=\/wp\/v2\/posts\/317\/revisions"}],"wp:attachment":[{"href":"https:\/\/archives.regards.fr\/index.php?rest_route=%2Fwp%2Fv2%2Fmedia&parent=317"}],"wp:term":[{"taxonomy":"category","embeddable":true,"href":"https:\/\/archives.regards.fr\/index.php?rest_route=%2Fwp%2Fv2%2Fcategories&post=317"},{"taxonomy":"post_tag","embeddable":true,"href":"https:\/\/archives.regards.fr\/index.php?rest_route=%2Fwp%2Fv2%2Ftags&post=317"}],"curies":[{"name":"wp","href":"https:\/\/api.w.org\/{rel}","templated":true}]}}