{"id":3125,"date":"2008-05-06T00:00:00","date_gmt":"2008-05-05T22:00:00","guid":{"rendered":"https:\/\/wp.muchomaas.com\/leo-moreau-vice-president-de-l-unl3125\/"},"modified":"2008-05-06T00:00:00","modified_gmt":"2008-05-05T22:00:00","slug":"leo-moreau-vice-president-de-l-unl3125","status":"publish","type":"post","link":"https:\/\/archives.regards.fr\/?p=3125","title":{"rendered":"L\u00e9o Moreau, vice-pr\u00e9sident de l&#8217;UNL : &#8221; Le 15 mai sera une manifestation d\u00e9cisive &#8220;"},"content":{"rendered":"<p class=\"post_excerpt\"> Le d\u00e9fil\u00e9 contestataire des lyc\u00e9ens est parti en d\u00e9but d&#8217;apr\u00e8s-midi, mardi 6 mai, de la place de la R\u00e9publique en direction de Bastille. Les lyc\u00e9ens d&#8217;Ile de France se sont retrouv\u00e9s pour protester contre les suppressions de postes pr\u00e9vues \u00e0 la rentr\u00e9e 2008. Cette mobilisation n&#8217;a pas \u00e9t\u00e9 aussi importante que les pr\u00e9c\u00e9dentes. En effet, ils \u00e9taient 1 900 selon la police et 6 000 selon l&#8217;Union nationale lyc\u00e9enne, on est loin des chiffres des pr\u00e9c\u00e9dents cort\u00e8ges. <\/p>\n<p>D\u00e8s la sortie du m\u00e9tro, un important dispositif policier est mis en place, des CRS ont encadr\u00e9 le d\u00e9fil\u00e9 jusqu&#8217;\u00e0 la dispersion des manifestants. Les lyc\u00e9ens \u00e9quip\u00e9s de banderoles, sifflets et autocollants ont manifest\u00e9 dans une ambiance festive et bon enfant. Ils ont cri\u00e9 des slogans &#8220;\u00e9ducation on t&#8217;aime et on va te sauver&#8221;, &#8220;r\u00e9sistance&#8221;, ils ont &#8220;fait du bruit&#8221; pour leur convictions. Dans le cort\u00e8ge, on pouvait lire sur les banderoles &#8220;la mort de l&#8217;enseignement public&#8221; et en guise de clin d&#8217;oeil &#8220;mai 68 mai 2008, notre col\u00e8re n&#8217;est pas r\u00e9duite&#8221;. Pour L\u00e9o Moreau, vice-pr\u00e9sident de l&#8217;UNL, &#8220;la mobilisation aujourd&#8217;hui n&#8217;est pas cruciale, certes, il y a moins de manifestants que dans les cort\u00e8ges pr\u00e9c\u00e9dents mais c&#8217;est normal car le temps d&#8217;information \u00e9tait r\u00e9duit et il y avait bac blanc&#8221;, avant d&#8217;ajouter &#8220;le 15 mai sera une manifestation d\u00e9cisive, les lyc\u00e9ens se d\u00e9placeront massivement&#8221;. Confiant, L\u00e9o Moreau, &#8220;attend des signes dans les prochains jours de la part du gouvernement&#8221;.<\/p>\n<p>Les enseignants ont ouvert le d\u00e9fil\u00e9, &#8220;je n&#8217;ai pas cours le mardi apr\u00e8s-midi, alors je suis venue soutenir mes \u00e9l\u00e8ves&#8221;, d\u00e9clare Cl\u00e9mentine, professeur de math\u00e9matiques. &#8220;Le 15, il y aura beaucoup de monde dans la rue et chez les enseignants \u00e7a va \u00eatre suivi&#8221;, assure l&#8217;enseignante, puis elle ajoute &#8220;m\u00eame si les lyc\u00e9ens sont autonomes, le fait de voir leurs profs dans la prochaine manif va leur donner du coeur \u00e0 l&#8217;ouvrage car \u00e7a fait d\u00e9j\u00e0 un mois qu&#8217;ils luttent&#8221;.<\/p>\n<p>Un peu avant 15h30, les lyc\u00e9ens se sont dispers\u00e9s en promettant d&#8217;\u00eatre pr\u00e9sents la semaine prochaine, &#8220;on compte sur vous le 15&#8221;, crie \u00e0 la foule le d\u00e9tenteur du microphone. Les commer\u00e7ants ont remont\u00e9 leurs rideaux de fer, et en rentrant chez eux, deux jeunes lyc\u00e9ens se demandent combien de temps va leur prendre leur dissertation et leur commentaire. Rendez-vous, dans 9 jours, pour la journ\u00e9e de gr\u00e8ve nationale et de manifestation fonction publique\/lyc\u00e9ens.<\/p>\n","protected":false},"excerpt":{"rendered":"<p> Le d\u00e9fil\u00e9 contestataire des lyc\u00e9ens est parti en d\u00e9but d&#8217;apr\u00e8s-midi, mardi 6 mai, de la place de la R\u00e9publique en direction de Bastille. Les lyc\u00e9ens d&#8217;Ile de France se sont retrouv\u00e9s pour protester contre les suppressions de postes pr\u00e9vues \u00e0 la rentr\u00e9e 2008. Cette mobilisation n&#8217;a pas \u00e9t\u00e9 aussi importante que les pr\u00e9c\u00e9dentes. En effet, ils \u00e9taient 1 900 selon la police et 6 000 selon l&#8217;Union nationale lyc\u00e9enne, on est loin des chiffres des pr\u00e9c\u00e9dents cort\u00e8ges. <\/p>\n","protected":false},"author":618,"featured_media":0,"comment_status":"open","ping_status":"open","sticky":false,"template":"","format":"standard","meta":{"_themeisle_gutenberg_block_has_review":false,"footnotes":""},"categories":[141],"tags":[311],"class_list":["post-3125","post","type-post","status-publish","format-standard","hentry","category-archives-web","tag-mouvement-social"],"_links":{"self":[{"href":"https:\/\/archives.regards.fr\/index.php?rest_route=\/wp\/v2\/posts\/3125","targetHints":{"allow":["GET"]}}],"collection":[{"href":"https:\/\/archives.regards.fr\/index.php?rest_route=\/wp\/v2\/posts"}],"about":[{"href":"https:\/\/archives.regards.fr\/index.php?rest_route=\/wp\/v2\/types\/post"}],"author":[{"embeddable":true,"href":"https:\/\/archives.regards.fr\/index.php?rest_route=\/wp\/v2\/users\/618"}],"replies":[{"embeddable":true,"href":"https:\/\/archives.regards.fr\/index.php?rest_route=%2Fwp%2Fv2%2Fcomments&post=3125"}],"version-history":[{"count":0,"href":"https:\/\/archives.regards.fr\/index.php?rest_route=\/wp\/v2\/posts\/3125\/revisions"}],"wp:attachment":[{"href":"https:\/\/archives.regards.fr\/index.php?rest_route=%2Fwp%2Fv2%2Fmedia&parent=3125"}],"wp:term":[{"taxonomy":"category","embeddable":true,"href":"https:\/\/archives.regards.fr\/index.php?rest_route=%2Fwp%2Fv2%2Fcategories&post=3125"},{"taxonomy":"post_tag","embeddable":true,"href":"https:\/\/archives.regards.fr\/index.php?rest_route=%2Fwp%2Fv2%2Ftags&post=3125"}],"curies":[{"name":"wp","href":"https:\/\/api.w.org\/{rel}","templated":true}]}}