{"id":3105,"date":"2008-04-24T00:00:00","date_gmt":"2008-04-23T22:00:00","guid":{"rendered":"https:\/\/wp.muchomaas.com\/cqfd-5-ans-de-critique-sociale3105\/"},"modified":"2008-04-24T00:00:00","modified_gmt":"2008-04-23T22:00:00","slug":"cqfd-5-ans-de-critique-sociale3105","status":"publish","type":"post","link":"https:\/\/archives.regards.fr\/?p=3105","title":{"rendered":"CQFD : 5 ans de critique sociale"},"content":{"rendered":"<p class=\"post_excerpt\"> Le mensuel Ce Qu&#8217;il Faut Dire, D\u00e9truire, D\u00e9couvrir&#8230; f\u00eate cinq ans d&#8217;ind\u00e9pendance \u00e9ditoriale. <\/p>\n<p>Construite au d\u00e9part autour du journaliste professionnel Olivier Cyran, transfuge de Charlie Hebdo, la r\u00e9daction de CQFD (Ce Qu&#8217;il Faut Dire, D\u00e9truire, D\u00e9couvrir&#8230;) est essentiellement compos\u00e9e d&#8217;autodidactes. Mensuel de critique sociale, \u00e9labor\u00e9 \u00e0 Marseille, par une \u00e9quipe h\u00e9t\u00e9roclite de ch\u00f4meurs, pigistes aux parcours atypiques, facteurs, punks toujours en vie, dessinateurs de tous horizons, CQFD c\u00e9l\u00e8bre ce mois-ci ses cinq ans d&#8217;existence. Et en cinq ans, CQFD a fait son trou dans le paysage de la presse dite alternative. Imprim\u00e9 au niveau national \u00e0 15 000 exemplaires, il est disponible chez quelque 3 500 marchands de journaux depuis octobre 2003. Journal ind\u00e9pendant \u00e0 l&#8217;\u00e9conomie fragile, sans publicit\u00e9, sans patron ni subventions, CQFD tire ses seuls revenus de ses ventes en kiosque et de ses abonn\u00e9s. <\/p>\n<p><strong> Concert anniversaire <\/strong><\/p>\n<p>\u00ab Insoumis et r\u00e9fractaire \u00bb, CQFD traite de tout ce qui l&#8217;int\u00e9resse et l&#8217;\u00e9nerve comme l&#8217;explique Nicolas Arraitz, membre du comit\u00e9 de r\u00e9daction et ancien directeur de publication : \u00ab Nous n&#8217;avons pas de ligne \u00e9ditoriale politique attitr\u00e9e ce qui nous diff\u00e9rencie de la presse militante. Nous pouvons abord\u00e9 des sujets aussi vari\u00e9s que le ch\u00f4mage, les luttes sociales pass\u00e9es sous silence, le culte du travail, les discriminations, les expulsions, les violences polici\u00e8res, les faux amis, les guerres, les syndicats pro-patronaux, les usagers pris en otage, les prisons, les DRH, la croissance&#8230; Nous sommes proches de nos lecteurs du fait que nous sommes nous-m\u00eame confront\u00e9s \u00e0 une certaine pr\u00e9carit\u00e9. \u00bb. CQDF serait-il un journal de ch\u00f4meurs ? Toujours est-il qu&#8217;en cinq ans, le fruit a m\u00fbri et gagne peu \u00e0 peu de nouveaux lecteurs jeunes et retrait\u00e9s \u00e0 travers tout l&#8217;hexagone. Un concert anniversaire est pr\u00e9vu le samedi 3 mai \u00e0 l&#8217;embobineuse, \u00e0 19 heures, \u00e0 Marseille. A l&#8217;affiche : Fantazio, Sam Karpiena trio, Sayon Bamba et X-Or.<\/p>\n<p><strong> Entretien audio : <\/strong><\/p>\n<p>Pour \u00e9couter <strong> l&#8217;interview de Nicolas Arraitz, membre du comit\u00e9 de r\u00e9daction de CQFD <\/strong>, cliquer sur <a href=\"IMG\/mp3\/noiriel.mp3\">noiriel.mp3<\/a><\/p>\n<p>Plus d&#8217;infos sur http:\/\/cequilfautdetruire.org\/<\/p>\n","protected":false},"excerpt":{"rendered":"<p> Le mensuel Ce Qu&#8217;il Faut Dire, D\u00e9truire, D\u00e9couvrir&#8230; f\u00eate cinq ans d&#8217;ind\u00e9pendance \u00e9ditoriale. <\/p>\n","protected":false},"author":604,"featured_media":0,"comment_status":"open","ping_status":"open","sticky":false,"template":"","format":"standard","meta":{"_themeisle_gutenberg_block_has_review":false,"footnotes":""},"categories":[141],"tags":[287],"class_list":["post-3105","post","type-post","status-publish","format-standard","hentry","category-archives-web","tag-medias"],"_links":{"self":[{"href":"https:\/\/archives.regards.fr\/index.php?rest_route=\/wp\/v2\/posts\/3105","targetHints":{"allow":["GET"]}}],"collection":[{"href":"https:\/\/archives.regards.fr\/index.php?rest_route=\/wp\/v2\/posts"}],"about":[{"href":"https:\/\/archives.regards.fr\/index.php?rest_route=\/wp\/v2\/types\/post"}],"author":[{"embeddable":true,"href":"https:\/\/archives.regards.fr\/index.php?rest_route=\/wp\/v2\/users\/604"}],"replies":[{"embeddable":true,"href":"https:\/\/archives.regards.fr\/index.php?rest_route=%2Fwp%2Fv2%2Fcomments&post=3105"}],"version-history":[{"count":0,"href":"https:\/\/archives.regards.fr\/index.php?rest_route=\/wp\/v2\/posts\/3105\/revisions"}],"wp:attachment":[{"href":"https:\/\/archives.regards.fr\/index.php?rest_route=%2Fwp%2Fv2%2Fmedia&parent=3105"}],"wp:term":[{"taxonomy":"category","embeddable":true,"href":"https:\/\/archives.regards.fr\/index.php?rest_route=%2Fwp%2Fv2%2Fcategories&post=3105"},{"taxonomy":"post_tag","embeddable":true,"href":"https:\/\/archives.regards.fr\/index.php?rest_route=%2Fwp%2Fv2%2Ftags&post=3105"}],"curies":[{"name":"wp","href":"https:\/\/api.w.org\/{rel}","templated":true}]}}