{"id":3088,"date":"2008-04-08T00:00:00","date_gmt":"2008-04-07T22:00:00","guid":{"rendered":"https:\/\/wp.muchomaas.com\/manifestations-lyceennes-contre3088\/"},"modified":"2008-04-08T00:00:00","modified_gmt":"2008-04-07T22:00:00","slug":"manifestations-lyceennes-contre3088","status":"publish","type":"post","link":"https:\/\/archives.regards.fr\/?p=3088","title":{"rendered":"Manifestations lyc\u00e9ennes contre les suppressions de postes"},"content":{"rendered":"<p>Les jeunes sont en col\u00e8re et ils tiennent \u00e0 le faire savoir. Trois mille d&#8217;entre-eux, selon la police, 4.000 selon les organisateurs, ont manifest\u00e9 ce mardi matin dans les rues de Grenoble. La manifestation, \u00e0 l&#8217;appel de la Fidl (deuxi\u00e8me syndicat lyc\u00e9en), r\u00e9unissait des lyc\u00e9ens d&#8217;une douzaine d&#8217;\u00e9tablissements de l&#8217;agglom\u00e9ration grenobloise. Les manifestants ont d\u00e9fil\u00e9 derri\u00e8re une banderole de t\u00eate sur laquelle on pouvait lire : \u00ab Lyc\u00e9ens en col\u00e8re, non \u00e0 la r\u00e9forme des BEP \u00bb.<\/p>\n<p>A Paris, comme lors des trois pr\u00e9c\u00e9dentes journ\u00e9es de manifestations organis\u00e9es depuis le 27 mars, le cort\u00e8ge est parti vers 14 h 30 des abords du Jardin du Luxembourg en direction du minist\u00e8re de l&#8217;Education nationale. Le 27 mars, la police avait comptabilis\u00e9 2 000 manifestants dans les rues de Paris, 4 500 le 1er avril et 6 700 jeudi dernier. Aujourd&#8217;hui encore, plusieurs milliers de lyc\u00e9ens, 10 000 selon l&#8217;UNL, sont venus manifester dans les rues de la capitale pour protester contre les suppressions de postes dans l&#8217;Education nationale pr\u00e9vues pour la rentr\u00e9e 2008. 11.200 postes seront en effet supprim\u00e9s en septembre, dont 8 830 dans l&#8217;enseignement public. Venus de toute la r\u00e9gion parisienne, ils d\u00e9filaient derri\u00e8re une banderole sur laquelle \u00e9tait \u00e9crit: \u00ab Rendez-nous nos profs \u00bb. Ils \u00e9taient encadr\u00e9s par un important service d&#8217;ordre, notamment d&#8217;enseignants du Snes-FSU. <\/p>\n<p>Alors que le mouvement a donc commenc\u00e9 \u00e0 s&#8217;\u00e9tendre \u00e0 la province la semaine derni\u00e8re, l&#8217;Union nationale lyc\u00e9enne (UNL) et la F\u00e9d\u00e9ration ind\u00e9pendante et d\u00e9mocratique lyc\u00e9enne (FIDL) appellent \u00e9galement \u00e0 une journ\u00e9e de manifestations jeudi dans toutes les acad\u00e9mies qui ne sont pas encore en vacances.<\/p>\n<p><strong> Entretiens audio r\u00e9alis\u00e9s \u00e0 Paris : <\/strong><\/p>\n<p>Pour \u00e9couter <strong> l&#8217;interview de Florent Lecoultre, pr\u00e9sident de l&#8217;Union nationale lyc\u00e9enne (UNL) <\/strong>, cliquer sur <a href=\"IMG\/mp3\/degremont.mp3\">degremont.mp3<\/a><\/p>\n<p>Pour \u00e9couter <strong> l&#8217;interview de Zaki Marouan, porte-parole de la F\u00e9d\u00e9ration ind\u00e9pendante et d\u00e9mocratique lyc\u00e9enne (FIDL) <\/strong>, cliquer sur <a href=\"IMG\/mp3\/lecoultre.mp3\">lecoultre.mp3<\/a><\/p>\n","protected":false},"excerpt":{"rendered":"<p>Les jeunes sont en col\u00e8re et ils tiennent \u00e0 le faire savoir. Trois mille d&#8217;entre-eux, selon la police, 4.000 selon les organisateurs, ont manifest\u00e9 ce mardi matin dans les rues de Grenoble. La manifestation, \u00e0 l&#8217;appel de la Fidl (deuxi\u00e8me syndicat lyc\u00e9en), r\u00e9unissait des lyc\u00e9ens d&#8217;une douzaine d&#8217;\u00e9tablissements de l&#8217;agglom\u00e9ration grenobloise. Les manifestants ont d\u00e9fil\u00e9 [&hellip;]<\/p>\n","protected":false},"author":604,"featured_media":0,"comment_status":"open","ping_status":"open","sticky":false,"template":"","format":"standard","meta":{"_themeisle_gutenberg_block_has_review":false,"footnotes":""},"categories":[141],"tags":[311],"class_list":["post-3088","post","type-post","status-publish","format-standard","hentry","category-archives-web","tag-mouvement-social"],"_links":{"self":[{"href":"https:\/\/archives.regards.fr\/index.php?rest_route=\/wp\/v2\/posts\/3088","targetHints":{"allow":["GET"]}}],"collection":[{"href":"https:\/\/archives.regards.fr\/index.php?rest_route=\/wp\/v2\/posts"}],"about":[{"href":"https:\/\/archives.regards.fr\/index.php?rest_route=\/wp\/v2\/types\/post"}],"author":[{"embeddable":true,"href":"https:\/\/archives.regards.fr\/index.php?rest_route=\/wp\/v2\/users\/604"}],"replies":[{"embeddable":true,"href":"https:\/\/archives.regards.fr\/index.php?rest_route=%2Fwp%2Fv2%2Fcomments&post=3088"}],"version-history":[{"count":0,"href":"https:\/\/archives.regards.fr\/index.php?rest_route=\/wp\/v2\/posts\/3088\/revisions"}],"wp:attachment":[{"href":"https:\/\/archives.regards.fr\/index.php?rest_route=%2Fwp%2Fv2%2Fmedia&parent=3088"}],"wp:term":[{"taxonomy":"category","embeddable":true,"href":"https:\/\/archives.regards.fr\/index.php?rest_route=%2Fwp%2Fv2%2Fcategories&post=3088"},{"taxonomy":"post_tag","embeddable":true,"href":"https:\/\/archives.regards.fr\/index.php?rest_route=%2Fwp%2Fv2%2Ftags&post=3088"}],"curies":[{"name":"wp","href":"https:\/\/api.w.org\/{rel}","templated":true}]}}