{"id":3086,"date":"2008-04-07T00:00:00","date_gmt":"2008-04-06T22:00:00","guid":{"rendered":"https:\/\/wp.muchomaas.com\/une-nouvelle-equipe-pour-act-up3086\/"},"modified":"2008-04-07T00:00:00","modified_gmt":"2008-04-06T22:00:00","slug":"une-nouvelle-equipe-pour-act-up3086","status":"publish","type":"post","link":"https:\/\/archives.regards.fr\/?p=3086","title":{"rendered":"Une nouvelle \u00e9quipe pour Act Up-Paris"},"content":{"rendered":"<p class=\"post_excerpt\"> Pour la premi\u00e8re fois, une association nationale de lutte contre le sida \u00e9lit une pr\u00e9sidente s\u00e9ropositive. <\/p>\n<p>Dimanche 30 mars 2008, les militants d&#8217;Act Up-Paris r\u00e9unis en Assembl\u00e9e G\u00e9n\u00e9rale ont \u00e9lu un nouveau Conseil d&#8217;administration. Marjolaine Degremont et Rachel Easterman-Ulmann ont \u00e9t\u00e9 \u00e9lues co-pr\u00e9sidentes. S\u00e9bastien Glandut Tr\u00e9sorier et C\u00e9cile Cadu, Cl\u00e9mence Garrot, Pauline Londeix, Fran\u00e7ois Berdougo-Le Blanc et Fr\u00e9d\u00e9ric Bladou Vice-Pr\u00e9sidents.<\/p>\n<p>Pour la premi\u00e8re fois de son histoire, Act Up-Paris a donc \u00e9lu \u00e0 sa t\u00eate une femme s\u00e9ropositive : Marjolaine Degremont, 50 ans, s\u00e9ropositive depuis plus de 20 ans et membre de l&#8217;association depuis 1997.<em> \u00ab Au sein de l&#8217;association, explique-t-elle, mon implication s&#8217;est notamment focalis\u00e9e sur les enjeux des femmes dans l&#8217;\u00e9pid\u00e9mie de sida, la pr\u00e9vention en direction des h\u00e9t\u00e9rosexuels et la n\u00e9cessit\u00e9 d&#8217;une parole publique des femmes s\u00e9ropositives. Mon \u00e9lection s&#8217;inscrit d\u00e8s lors dans la continuit\u00e9 du travail que poursuit depuis de nombreuses ann\u00e9es notre association sur la place des femmes dans l&#8217;\u00e9pid\u00e9mie. Une orientation qui s&#8217;est r\u00e9cemment concr\u00e9tis\u00e9e \u00e0 travers le colloque &#8220;Femmes et VIH, o\u00f9 en sommes-nous 10 ans apr\u00e8s&#8221; et le mot d&#8217;ordre de notre manifestation \u00e0 la veille du 1er d\u00e9cembre 2007 \u00bb <\/em>. <\/p>\n<p>Issue de la communaut\u00e9 homosexuelle, Act Up-Paris est une association de lutte contre de sida qui d\u00e9fend les minorit\u00e9s les plus pr\u00e9caris\u00e9es et discrimin\u00e9es. \u00c0 l&#8217;image de cette nouvelle \u00e9quipe dirigeante, Act Up-Paris poursuivra ses nombreux combats,<em> \u00ab dans un contexte politique profond\u00e9ment hostile aux malades : lutte pour un \u00e9gal acc\u00e8s aux soins, pour une recherche plus proche des besoins des malades, pour l&#8217;acc\u00e8s aux nouvelles mol\u00e9cules, lutte contre les politiques r\u00e9pressives men\u00e9es en France, qui \u00e9loignent les personnes pr\u00e9caris\u00e9es des soins et de la pr\u00e9vention, d\u00e9fense du syst\u00e8me de sant\u00e9 et d\u00e9nonciation de l&#8217;injuste taxation des malades, lutte pour des politiques publiques de pr\u00e9vention g\u00e9n\u00e9ralistes et cibl\u00e9es plus efficaces, lutte pour l&#8217;acc\u00e8s universel au traitement en mettant les pays riches face \u00e0 leurs responsabilit\u00e9s dans le financement de la lutte contre le sida au Sud \u00bb <\/em>, a indiqu\u00e9 Marjolaine Degremont d\u00e9cidemment motiv\u00e9e par son nouveau poste \u00e0 responsabilit\u00e9.  <\/p>\n<p><strong> Entretien audio : <\/strong><\/p>\n<p>Pour \u00e9couter <strong> l&#8217;interview de Marjolaine Degremont, co-pr\u00e9sidente d&#8217;Act Up-Paris <\/strong>, cliquer sur <a href=\"IMG\/mp3\/tacompile.mp3\">tacompile.mp3<\/a><\/p>\n<p>Plus d&#8217;infos sur http:\/\/www.actupparis.org\/<\/p>\n","protected":false},"excerpt":{"rendered":"<p> Pour la premi\u00e8re fois, une association nationale de lutte contre le sida \u00e9lit une pr\u00e9sidente s\u00e9ropositive. <\/p>\n","protected":false},"author":604,"featured_media":0,"comment_status":"open","ping_status":"open","sticky":false,"template":"","format":"standard","meta":{"_themeisle_gutenberg_block_has_review":false,"footnotes":""},"categories":[141],"tags":[311,286],"class_list":["post-3086","post","type-post","status-publish","format-standard","hentry","category-archives-web","tag-mouvement-social","tag-sida"],"_links":{"self":[{"href":"https:\/\/archives.regards.fr\/index.php?rest_route=\/wp\/v2\/posts\/3086","targetHints":{"allow":["GET"]}}],"collection":[{"href":"https:\/\/archives.regards.fr\/index.php?rest_route=\/wp\/v2\/posts"}],"about":[{"href":"https:\/\/archives.regards.fr\/index.php?rest_route=\/wp\/v2\/types\/post"}],"author":[{"embeddable":true,"href":"https:\/\/archives.regards.fr\/index.php?rest_route=\/wp\/v2\/users\/604"}],"replies":[{"embeddable":true,"href":"https:\/\/archives.regards.fr\/index.php?rest_route=%2Fwp%2Fv2%2Fcomments&post=3086"}],"version-history":[{"count":0,"href":"https:\/\/archives.regards.fr\/index.php?rest_route=\/wp\/v2\/posts\/3086\/revisions"}],"wp:attachment":[{"href":"https:\/\/archives.regards.fr\/index.php?rest_route=%2Fwp%2Fv2%2Fmedia&parent=3086"}],"wp:term":[{"taxonomy":"category","embeddable":true,"href":"https:\/\/archives.regards.fr\/index.php?rest_route=%2Fwp%2Fv2%2Fcategories&post=3086"},{"taxonomy":"post_tag","embeddable":true,"href":"https:\/\/archives.regards.fr\/index.php?rest_route=%2Fwp%2Fv2%2Ftags&post=3086"}],"curies":[{"name":"wp","href":"https:\/\/api.w.org\/{rel}","templated":true}]}}