{"id":3084,"date":"2008-04-04T00:00:00","date_gmt":"2008-04-03T22:00:00","guid":{"rendered":"https:\/\/wp.muchomaas.com\/le-festival-ta-parole-sort-une3084\/"},"modified":"2008-04-04T00:00:00","modified_gmt":"2008-04-03T22:00:00","slug":"le-festival-ta-parole-sort-une3084","status":"publish","type":"post","link":"https:\/\/archives.regards.fr\/?p=3084","title":{"rendered":"Le festival Ta Parole sort une compilation live"},"content":{"rendered":"<p>Avis aux amateurs de chanson fran\u00e7aise engag\u00e9e, le festival Ta Parole vient de sortir une seconde compilation intitul\u00e9e \u00ab Ta Compile volume II \u00bb, vendue au prix de 13 euros. Un album live \u00e0 d\u00e9couvrir de toute urgence o\u00f9 l&#8217;on retrouve p\u00eale-m\u00eale un bon nombre d&#8217;artistes autoproduits comme Imbert Imbert, Vendeurs d&#8217;enclumes, Marion Rouxin, Manu Galure, Bazarnaum, Bernard Joyet, David Lafore, les Ongles noirs&#8230; Mention sp\u00e9ciale \u00e0 Debout sur le zinc qui ouvre cette galette de bonne facture avec le titre \u00ab Des larmes sur ma manche \u00bb. A noter \u00e9galement un reportage audio autour du festival 2007. <\/p>\n<p>Mais la r\u00e9alisation de cette compilation n&#8217;a pas \u00e9t\u00e9 une mince affaire comme l&#8217;explique Nicolas Joseph, le directeur artistique : \u00ab Tout au long de l&#8217;ann\u00e9e, nous d\u00e9nichons des artistes au caract\u00e8re bien tremp\u00e9, qui ont encore la force de chanter, de gueuler, de r\u00e9sister et de dire bien haut ce qu&#8217;on entend pas assez : des textes intempestifs, de sonorit\u00e9s bariol\u00e9es, des musiques h\u00e9t\u00e9roclites et des convictions ind\u00e9fectibles \u00bb. <\/p>\n<p>Et Roxane Joseph, coordinatrice du projet d&#8217;ajouter : \u00ab Avec nos 5 ann\u00e9es d&#8221;existence, nous sommes fiers de prolonger notre travail de diffusion en proposant cette compilation enregistr\u00e9e du 15 au 17 juin 2007 au studio Th\u00e9\u00e2tre de Montreuil en r\u00e9gion parisienne. Nous avons la volont\u00e9 de favoriser l&#8217;ind\u00e9pendance, contribuer \u00e0 la diffusion des autoproductions, rechercher et encourager les artistes rares et engag\u00e9s. Nous tentons par l\u00e0 de contourner un peu l&#8217;industrie du disque trop souvent coupeur de t\u00eates et briseur de r\u00eaves \u00bb. <\/p>\n<p><strong> Entretien audio : <\/strong><\/p>\n<p>Pour \u00e9couter <strong> l&#8217;interview crois\u00e9e de Roxane Joseph, coordinatrice de la compilation et Nicolas Joseph, directeur artistique <\/strong>, cliquer sur <a href=\"IMG\/mp3\/beres.mp3\">beres.mp3<\/a><\/p>\n<p>Plus d&#8217;infos sur http:\/\/www.festivaltaparole.org\/<\/p>\n","protected":false},"excerpt":{"rendered":"<p>Avis aux amateurs de chanson fran\u00e7aise engag\u00e9e, le festival Ta Parole vient de sortir une seconde compilation intitul\u00e9e \u00ab Ta Compile volume II \u00bb, vendue au prix de 13 euros. Un album live \u00e0 d\u00e9couvrir de toute urgence o\u00f9 l&#8217;on retrouve p\u00eale-m\u00eale un bon nombre d&#8217;artistes autoproduits comme Imbert Imbert, Vendeurs d&#8217;enclumes, Marion Rouxin, Manu [&hellip;]<\/p>\n","protected":false},"author":604,"featured_media":0,"comment_status":"open","ping_status":"open","sticky":false,"template":"","format":"standard","meta":{"_themeisle_gutenberg_block_has_review":false,"footnotes":""},"categories":[141],"tags":[296],"class_list":["post-3084","post","type-post","status-publish","format-standard","hentry","category-archives-web","tag-musique"],"_links":{"self":[{"href":"https:\/\/archives.regards.fr\/index.php?rest_route=\/wp\/v2\/posts\/3084","targetHints":{"allow":["GET"]}}],"collection":[{"href":"https:\/\/archives.regards.fr\/index.php?rest_route=\/wp\/v2\/posts"}],"about":[{"href":"https:\/\/archives.regards.fr\/index.php?rest_route=\/wp\/v2\/types\/post"}],"author":[{"embeddable":true,"href":"https:\/\/archives.regards.fr\/index.php?rest_route=\/wp\/v2\/users\/604"}],"replies":[{"embeddable":true,"href":"https:\/\/archives.regards.fr\/index.php?rest_route=%2Fwp%2Fv2%2Fcomments&post=3084"}],"version-history":[{"count":0,"href":"https:\/\/archives.regards.fr\/index.php?rest_route=\/wp\/v2\/posts\/3084\/revisions"}],"wp:attachment":[{"href":"https:\/\/archives.regards.fr\/index.php?rest_route=%2Fwp%2Fv2%2Fmedia&parent=3084"}],"wp:term":[{"taxonomy":"category","embeddable":true,"href":"https:\/\/archives.regards.fr\/index.php?rest_route=%2Fwp%2Fv2%2Fcategories&post=3084"},{"taxonomy":"post_tag","embeddable":true,"href":"https:\/\/archives.regards.fr\/index.php?rest_route=%2Fwp%2Fv2%2Ftags&post=3084"}],"curies":[{"name":"wp","href":"https:\/\/api.w.org\/{rel}","templated":true}]}}