{"id":3082,"date":"2008-04-02T00:00:00","date_gmt":"2008-04-01T22:00:00","guid":{"rendered":"https:\/\/wp.muchomaas.com\/les-droits-de-l-homme-a-l-honneur3082\/"},"modified":"2008-04-02T00:00:00","modified_gmt":"2008-04-01T22:00:00","slug":"les-droits-de-l-homme-a-l-honneur3082","status":"publish","type":"post","link":"https:\/\/archives.regards.fr\/?p=3082","title":{"rendered":"Les droits de l&#8217;homme \u00e0 l&#8217;honneur"},"content":{"rendered":"<p class=\"post_excerpt\"> Cr\u00e9\u00e9 par l&#8217;association Alliance, le Festival international du film des droits de l&#8217;homme (FIFDH) se d\u00e9roule \u00e0 Paris du 25 mars au 1er avril 2008 au cin\u00e9ma Action Christine Od\u00e9on. <\/p>\n<p>C&#8217;est la manifestation culturelle sur les droits humains la plus importante en France. Parrain\u00e9e cette ann\u00e9e par l&#8217;acteur Charles Berling, cette 6\u00e8 \u00e9dition, soutenue par la mairie de Paris et la r\u00e9gion Ile-de-France, propose une s\u00e9lection internationale de 32 nouveaux films documentaires souvent in\u00e9dits. \u00ab Notre vocation est de sensibiliser par l&#8217;image et d&#8217;informer le grand public, ainsi que les publics scolaires et le monde universitaire, aux probl\u00e9matiques de la d\u00e9fense et de la promotion des droits de l&#8217;homme dans le monde, explique Vincent Mercier, fondateur, directeur et programmateur artistique du festival. A l&#8217;issue de chaque projection se tient une rencontre-d\u00e9bat avec le r\u00e9alisateur ou des intervenants sp\u00e9cialis\u00e9s sur le th\u00e8me du film. Il peut s&#8217;agir de responsable d&#8217;ONG, d&#8217;universitaires ou de journalistes \u00bb. Par ailleurs, le FIFDH de paris fait partie du Human Rights Film network qui regroupe pr\u00e8s d&#8217;une vingtaine de festivals de films des droits de l&#8217;homme dans le monde. <\/p>\n<p><strong> Susciter une r\u00e9flexion <\/strong><\/p>\n<p>Lieu de rencontre, le FIFDH constitue avant tout un espace de dialogue entre les professionnels et le public. Il s&#8217;adresse \u00e0 tous en pr\u00e9sentant un panorama de films choisis pour leur qualit\u00e9 cin\u00e9matographique et leur capacit\u00e9 \u00e0 susciter une r\u00e9flexion chez le spectateur. Les documentaire sont ainsi class\u00e9s en deux cat\u00e9gories : les documentaires de cr\u00e9ation qui regroupent des oeuvres plus personnelles avec une \u00e9criture singuli\u00e8re, et les documentaires de type dossier et grands reportage qui r\u00e9compensent la qualit\u00e9 du travail journalistique. Un Grand prix et un Prix sp\u00e9cial sont attribu\u00e9s dans chaque cat\u00e9gorie. Chaque jury est compos\u00e9 de personnalit\u00e9s reconnues dans les domaines de l&#8217;audiovisuel et de la d\u00e9fense des droits humains. Un troisi\u00e8me jury, compos\u00e9 d&#8217;\u00e9tudiants, remet le Prix des \u00e9tudiants.  <\/p>\n<p><strong> Remise des prix : <\/strong><\/p>\n<p>Cat\u00e9gorie dossier et reportage : <\/p>\n<p>Grand prix :  \u00ab War made easy : la guerre pour les nuls \u00bb  de Loretta Alper &#038; Jeremy Earp<\/p>\n<p>Prix sp\u00e9cial : \u00ab Chasseur de dictateur \u00bb de Klaartje Quirijns<\/p>\n<p>Cat\u00e9gorie documentaire de cr\u00e9ation :<\/p>\n<p>Grand prix : \u00ab Ma vie dedans \u00bb de Lucia Gaja<\/p>\n<p>Prix sp\u00e9cial :  \u00ab Mourir \u00e0 J\u00e9rusalem \u00bb de Hilla Medalia<\/p>\n<p>Prix du jury \u00e9tudiant : \u00ab Des monstres qui dorment \u00bb de Markus CM Schmidt et Jan Bernotat<\/p>\n<p><strong> Entretien audio : <\/strong><\/p>\n<p>Pour \u00e9couter <strong> l&#8217;interview de Vincent Mercier, fondateur, directeur et programmateur artistique du FIFDH <\/strong>, cliquer sur <a href=\"IMG\/mp3\/arlettelaguiller.mp3\">arlettelaguiller.mp3<\/a><\/p>\n<p>Pour prendre connaissance du programme du festival, cliquer sur http:\/\/www.festival-droitsdelhomme.org\/<\/p>\n<p><strong> S\u00e9lection de films : <\/strong><\/p>\n<p><strong> RESF : UN R\u00c9SEAU DE R\u00c9SISTANCES <\/strong><\/p>\n<p>Agathe Dreyfus, Christine Gabory et Ivora Cusack, France, 2007, 25 min <\/p>\n<p>Synopsis :<em> Projection d&#8217;un des documentaires d&#8217;une s\u00e9rie de cinq films d&#8217;actualit\u00e9s r\u00e9alis\u00e9s en 2006\/2007 autour du RESF 13 (R\u00e9seau \u00c9ducation Sans Fronti\u00e8res, Bouches-du-Rh\u00f4ne). Cr\u00e9\u00e9 en 2004, le R\u00e9seau \u00c9ducation Sans Fronti\u00e8res (RESF) se bat principalement pour la r\u00e9gularisation des familles sans papiers d&#8217;enfants scolaris\u00e9s. Le r\u00e9seau est particuli\u00e8rement actif depuis juin 2006, date de la publication de la circulaire de Nicolas Sarkozy sur la r\u00e9gularisation des familles sans papiers. Les cinq films qui composent la s\u00e9rie RESF: des r\u00e9seaux de r\u00e9sistances ont \u00e9t\u00e9 r\u00e9alis\u00e9s \u00e0 Marseille de novembre 2006 \u00e0 avril 2007, p\u00e9riode pendant laquelle le collectif a suivi des militants sur diff\u00e9rentes actions ou initiatives: mobilisations anti-expulsions, parrainages&#8230;. Ces films d&#8217;actualit\u00e9s, entre documentaires et reportages, s&#8217;inscrivent dans une envie plus large de rendre compte d&#8217;\u00e9v\u00e8nements ou de ph\u00e9nom\u00e8nes peu ou sommairement relay\u00e9s par les m\u00e9dias dominants. <\/em><\/p>\n<p>Pour \u00e9couter <strong> l&#8217;interview d&#8217;Agathe Dreyfus, cor\u00e9alisatrice de RESF : un r\u00e9seau de r\u00e9sistance et membre du collectif 360 degr\u00e9s <\/strong>, cliquer sur <a href=\"IMG\/mp3\/mercier-2.mp3\">mercier-2.mp3<\/a><\/p>\n<p><strong> L&#8217;ASSIETTE SALE <\/strong> <\/p>\n<p>Denys Piningre, France et Maroc, 2007, 80 minutes <\/p>\n<p>Synopsis :<em> Chaque ann\u00e9e, le d\u00e9partement des Bouches-du-Rh\u00f4ne accueille 5000 ouvriers agricoles saisonniers \u00e9trangers. Sans eux, l&#8217;agriculture dans ce d\u00e9partement n&#8217;existerait pas. Les conditions de travail, de logement et les salaires qui leur sont impos\u00e9s sont, dans de tr\u00e8s nombreux cas, indignes. Il suffit de rappeler qu&#8217;aucun droit \u00e0 l&#8217;anciennet\u00e9 ne leur est accord\u00e9, quand certains viennent en France depuis 30 ans, que leur couverture sociale s&#8217;arr\u00eate \u00e0 nos fronti\u00e8res alors que certains traitements chimiques dans les plantations provoquent des maladies \u00ab\u00e0 retardement\u00bb, cancers ou Parkinson&#8230; et la liste est encore longue. <\/em><br \/>\n<em> Le film d\u00e9crit cette situation et remonte les m\u00e9canismes qui l&#8217;engendrent. Au passage, il fustige l&#8217;agriculture intensive, ses exc\u00e8s et les dangers qu&#8217;elle suscite, pour aboutir \u00e0 la description des m\u00e9thodes de la grande distribution. La quasi-totalit\u00e9 du march\u00e9 des fruits et l\u00e9gumes est concentr\u00e9e entre les mains de six centrales d&#8217;achat, qui disposent ainsi de tous les moyens de pression sur les producteurs fran\u00e7ais et \u00e9trangers pour obtenir des prix toujours plus bas, et s&#8217;allouer des marges toujours plus \u00e9lev\u00e9es&#8230; Devons nous subir sans rien dire et accepter qu&#8217;\u00e0 nos portes se pratique une forme moderne de servage? Et nous rendre malades \u00e0 force d&#8217;ingurgiter les r\u00e9sidus de fongicides, pesticides, engrais chimiques, tandis que la terre se gorge de ces produits qui se retrouvent ensuite dans la nappe phr\u00e9atique? Est-ce une fatalit\u00e9? <\/em><br \/>\n<em> Le film montre qu&#8217;au contraire, d&#8217;autres formes d&#8217;agriculture existent, qu&#8217;elles permettent la p\u00e9rennisation d&#8217;exploitations viables, \u00e0 taille humaine, et souvent un mode de relation directe entre le producteur et le consommateur. Opter pour une autre forme de consommation, refuser de manger des tomates \u00abhors-sol\u00bb en hiver, et retrouver le go\u00fbt des produits naturels, fruits et l\u00e9gumes de saison cueillis m\u00fbs et distribu\u00e9s imm\u00e9diatement, c&#8217;est \u00e0 la fois garantir une vie plus saine \u00e0 nos enfants et manifester son d\u00e9saccord vis-\u00e0-vis des catastrophes engendr\u00e9es par le libre-\u00e9change qui ne profite qu&#8217;\u00e0 une poign\u00e9e de privil\u00e9gi\u00e9s et empoisonne le reste du monde. <\/em><\/p>\n<p>Pour \u00e9couter <strong> l&#8217;interview de Denys Piningre, r\u00e9alisateur de l&#8217;assiette sale <\/strong>, cliquer sur <a href=\"IMG\/mp3\/dreyfus.mp3\">dreyfus.mp3<\/a><\/p>\n<p><strong> IRAK : AGONIE D&#8217;UNE NATION <\/strong> <\/p>\n<p>Paul Moreira, France, 2007, 52 mn<\/p>\n<p>Synopsis :<em> Enqu\u00eater en Irak est devenu presque impossible. Entre les attentats islamistes et les prises d&#8217;otages de plus en plus nombreuses, le danger est tel que les journalistes sont oblig\u00e9s de s&#8217;en remettre le plus souvent aux forces am\u00e9ricaines pour leurs d\u00e9placements. Ce journalisme \u00abincorpor\u00e9\u00bb \u00e9choue \u00e0 rendre compte de ce qui se passe vraiment au c\u0153ur du pays. <\/em><\/p>\n<p><em> Quels sont les acteurs et les responsables de la guerre civile qui d\u00e9chire le pays? Comment vivent les Irakiens dans leur quotidien? Comment meurent-ils? Les chiffres officiels parlent de 50 000 morts mais une \u00e9tude statistique de l&#8217;universit\u00e9 John Hopkins arrive au chiffre effroyable de 650 000 victimes depuis le d\u00e9but de l&#8217;invasion am\u00e9ricaine. Chiites, Sunnites et Kurdes ne cessent de s&#8217;entre-tuer. <\/em><\/p>\n<p><em> O\u00f9 est la v\u00e9rit\u00e9? L&#8217;Irak est devenu un trou noir de l&#8217;actualit\u00e9 mondiale. Un trou noir paradoxal dont on nous parle tous les soirs au journal t\u00e9l\u00e9vis\u00e9, bilan macabre, chiffre abstrait des cadavres ramass\u00e9s chaque matin, mais sur lesquels on ne sait rien. Qui tue qui? Les terroristes islamistes sont-ils les seuls \u00e0 massacrer les civils irakiens? Pourquoi la police semble-t-elle incapable de faire r\u00e9gner l&#8217;ordre? Que font les Am\u00e9ricains ? <\/em> <\/p>\n<p><em> Au plus fort du conflit qui d\u00e9chire l&#8217;Irak, Paul Moreira est all\u00e9 mener l&#8217;enqu\u00eate sur les racines de la guerre civile et sur la lente agonie d&#8217;une nation. Comprendre pourquoi, pour les Irakiens, la police est devenue synonyme de menace. Pourquoi certains cadavres qu&#8217;on ramasse le matin dans Bagdad portent des menottes de police toutes neuves aux poignets.  Au c\u0153ur des services secrets et des forces sp\u00e9ciales, nous avons d\u00e9couvert que les milices des partis politiques se livrent une guerre priv\u00e9e dont la population fait les frais. Il n&#8217;y a virtuellement plus d&#8217;Etat. Des hommes en uniforme enl\u00e8vent des dizaines de civils jusque dans le c\u0153ur des minist\u00e8res et les emportent dans des voitures de police. <\/em> <\/p>\n<p><em> Il s&#8217;agit la plupart du temps de milices chiites. Elles ont \u00e9t\u00e9 install\u00e9es au sein des forces de l&#8217;ordre, en 2004, avec l&#8217;assentiment des Am\u00e9ricains. Les milices terrorisent la population civile sunnite, suspect\u00e9e de soutenir l&#8217;insurrection sunnite. <\/em> <\/p>\n<p><em> Une m\u00e9thode qui n&#8217;a fait que nourrir la guerre civile interconfessionnelle mais qui a \u00e9t\u00e9 avalis\u00e9e, voire encourag\u00e9e, par certains strat\u00e8ges militaires de Washington. Elle portait un nom de code: l&#8217;option Salvador, en r\u00e9f\u00e9rence \u00e0 un pays d&#8217;Am\u00e9rique centrale o\u00f9 la gu\u00e9rilla de gauche avait \u00e9t\u00e9 vaincue dans les ann\u00e9es 80 au prix de massacres massifs de civils. Nous avons retrouv\u00e9 en Irak un officier am\u00e9ricain qui avait form\u00e9 les escadrons de la mort au Salvador. D\u00e9sormais, il entra\u00eene les commandos de la police irakienne&#8230; <\/em> <\/p>\n<p>Pour \u00e9couter <strong> l&#8217;interview de Jacques Beres, chirurgien de guerre \u00e0 M\u00e9decins du monde <\/strong>, cliquer sur <a href=\"IMG\/mp3\/piningre.mp3\">piningre.mp3<\/a><\/p>\n","protected":false},"excerpt":{"rendered":"<p> Cr\u00e9\u00e9 par l&#8217;association Alliance, le Festival international du film des droits de l&#8217;homme (FIFDH) se d\u00e9roule \u00e0 Paris du 25 mars au 1er avril 2008 au cin\u00e9ma Action Christine Od\u00e9on. <\/p>\n","protected":false},"author":604,"featured_media":0,"comment_status":"open","ping_status":"open","sticky":false,"template":"","format":"standard","meta":{"_themeisle_gutenberg_block_has_review":false,"footnotes":""},"categories":[141],"tags":[299],"class_list":["post-3082","post","type-post","status-publish","format-standard","hentry","category-archives-web","tag-cinema"],"_links":{"self":[{"href":"https:\/\/archives.regards.fr\/index.php?rest_route=\/wp\/v2\/posts\/3082","targetHints":{"allow":["GET"]}}],"collection":[{"href":"https:\/\/archives.regards.fr\/index.php?rest_route=\/wp\/v2\/posts"}],"about":[{"href":"https:\/\/archives.regards.fr\/index.php?rest_route=\/wp\/v2\/types\/post"}],"author":[{"embeddable":true,"href":"https:\/\/archives.regards.fr\/index.php?rest_route=\/wp\/v2\/users\/604"}],"replies":[{"embeddable":true,"href":"https:\/\/archives.regards.fr\/index.php?rest_route=%2Fwp%2Fv2%2Fcomments&post=3082"}],"version-history":[{"count":0,"href":"https:\/\/archives.regards.fr\/index.php?rest_route=\/wp\/v2\/posts\/3082\/revisions"}],"wp:attachment":[{"href":"https:\/\/archives.regards.fr\/index.php?rest_route=%2Fwp%2Fv2%2Fmedia&parent=3082"}],"wp:term":[{"taxonomy":"category","embeddable":true,"href":"https:\/\/archives.regards.fr\/index.php?rest_route=%2Fwp%2Fv2%2Fcategories&post=3082"},{"taxonomy":"post_tag","embeddable":true,"href":"https:\/\/archives.regards.fr\/index.php?rest_route=%2Fwp%2Fv2%2Ftags&post=3082"}],"curies":[{"name":"wp","href":"https:\/\/api.w.org\/{rel}","templated":true}]}}