{"id":3077,"date":"2008-04-01T00:00:00","date_gmt":"2008-03-31T22:00:00","guid":{"rendered":"https:\/\/wp.muchomaas.com\/sixieme-festival-international-du3077\/"},"modified":"2008-04-01T00:00:00","modified_gmt":"2008-03-31T22:00:00","slug":"sixieme-festival-international-du3077","status":"publish","type":"post","link":"https:\/\/archives.regards.fr\/?p=3077","title":{"rendered":"Sixi\u00e8me festival international du cin\u00e9ma iranien en exil"},"content":{"rendered":"<p class=\"post_excerpt\"> L&#8217;association Art en exil, organise la sixi\u00e8me \u00e9dition du festival international du cin\u00e9ma iranien en exil, du 3 au 6 avril prochain, au cin\u00e9ma la Clef, dans le cinqui\u00e8me arrondissement de Paris. <\/p>\n<p>Depuis sa cr\u00e9ation en mars 2000, l&#8217;association et son pr\u00e9sident Djavad Dadsetan souhaitent faire d\u00e9couvrir des artistes qui, dans leur pays d&#8217;orgine, ne peuvent pas exprimer leur art librement. Ces  artistes risquent parfois leur vie et sont ainsi, contraints de fuir. Ils sont auteurs, com\u00e9diens, metteurs en sc\u00e8ne, photographes ou danseurs et travaillent sur  l&#8217;exil. Leurs oeuvres expriment d\u00e9sarroi et qu\u00eate d&#8217;identit\u00e9.  <\/p>\n<p><strong> Un espace de diffussion <\/strong><\/p>\n<p>L&#8217; action de l&#8217;association se concr\u00e9tise par l&#8217;organisation de deux festivals, l&#8217;un de th\u00e9\u00e2tre et l&#8217;autre de cin\u00e9ma. Ce sont des espaces de diffusion pour des oeuvres &#8220;en marge des productions officielles et conventionnelles&#8221; indique Djavad Dadsetan, pr\u00e9sident de l&#8217;association. Cette ann\u00e9e, \u00e0 l&#8217;affiche du festival de cin\u00e9ma, entre autres, le court-m\u00e9trage En mouvement de Moslem Mansouri, ainsi que Paris, la m\u00e9tisse, un long m\u00e9trage r\u00e9alis\u00e9 par 15  cin\u00e9astes originaires d&#8217;Afrique Noire, d&#8217;Afrique du Nord, des Cara\u00efbes, d&#8217;Asie et d&#8217;Am\u00e9rique Latine. Chacun a r\u00e9alis\u00e9 un plan s\u00e9quence de cinq minutes. Durant ces quatre jours, des d\u00e9bats, des concerts ainsi qu&#8217;une trentaine de fictions et de documentaires de nationalit\u00e9s multiples seront diffus\u00e9s.<\/p>\n<p><strong> Informations pratiques : <\/strong><\/p>\n<p>Cin\u00e9ma la Clef : 21 rue de la clef, 75005 Paris, m\u00e9tro Censier-Daubenton\/ Place Monge (ligne7).<\/p>\n<p>Tarifs : s\u00e9ance 5 euros, r\u00e9duite 3 euros et passeport pour les 4 jours 45 euros. <\/p>\n<p>Programme http:\/\/www.artenexil.net<\/p>\n","protected":false},"excerpt":{"rendered":"<p> L&#8217;association Art en exil, organise la sixi\u00e8me \u00e9dition du festival international du cin\u00e9ma iranien en exil, du 3 au 6 avril prochain, au cin\u00e9ma la Clef, dans le cinqui\u00e8me arrondissement de Paris. <\/p>\n","protected":false},"author":618,"featured_media":0,"comment_status":"open","ping_status":"open","sticky":false,"template":"","format":"standard","meta":{"_themeisle_gutenberg_block_has_review":false,"footnotes":""},"categories":[141],"tags":[299],"class_list":["post-3077","post","type-post","status-publish","format-standard","hentry","category-archives-web","tag-cinema"],"_links":{"self":[{"href":"https:\/\/archives.regards.fr\/index.php?rest_route=\/wp\/v2\/posts\/3077","targetHints":{"allow":["GET"]}}],"collection":[{"href":"https:\/\/archives.regards.fr\/index.php?rest_route=\/wp\/v2\/posts"}],"about":[{"href":"https:\/\/archives.regards.fr\/index.php?rest_route=\/wp\/v2\/types\/post"}],"author":[{"embeddable":true,"href":"https:\/\/archives.regards.fr\/index.php?rest_route=\/wp\/v2\/users\/618"}],"replies":[{"embeddable":true,"href":"https:\/\/archives.regards.fr\/index.php?rest_route=%2Fwp%2Fv2%2Fcomments&post=3077"}],"version-history":[{"count":0,"href":"https:\/\/archives.regards.fr\/index.php?rest_route=\/wp\/v2\/posts\/3077\/revisions"}],"wp:attachment":[{"href":"https:\/\/archives.regards.fr\/index.php?rest_route=%2Fwp%2Fv2%2Fmedia&parent=3077"}],"wp:term":[{"taxonomy":"category","embeddable":true,"href":"https:\/\/archives.regards.fr\/index.php?rest_route=%2Fwp%2Fv2%2Fcategories&post=3077"},{"taxonomy":"post_tag","embeddable":true,"href":"https:\/\/archives.regards.fr\/index.php?rest_route=%2Fwp%2Fv2%2Ftags&post=3077"}],"curies":[{"name":"wp","href":"https:\/\/api.w.org\/{rel}","templated":true}]}}