{"id":3073,"date":"2008-03-25T00:00:00","date_gmt":"2008-03-24T23:00:00","guid":{"rendered":"https:\/\/wp.muchomaas.com\/nouvelle-edition-du-festival3073\/"},"modified":"2008-03-25T00:00:00","modified_gmt":"2008-03-24T23:00:00","slug":"nouvelle-edition-du-festival3073","status":"publish","type":"post","link":"https:\/\/archives.regards.fr\/?p=3073","title":{"rendered":"Nouvelle \u00e9dition du Festival international du film des droits de l&#8217;homme"},"content":{"rendered":"<p class=\"post_excerpt\"> Cr\u00e9\u00e9 par l&#8217;association Alliance, le Festival international du film des droits de l&#8217;homme (FIFDH) se d\u00e9roule \u00e0 Paris du 25 mars au 1er avril 2008 au cin\u00e9ma Action Christine Od\u00e9on. <\/p>\n<p>C&#8217;est la manifestation culturelle sur les droits humains la plus importante en France. Parrain\u00e9e cette ann\u00e9e par l&#8217;acteur Charles Berling, cette 6\u00e8 \u00e9dition, soutenue par la mairie de Paris et la r\u00e9gion Ile-de-France, propose en partenariat avec le Secours catholique une s\u00e9lection internationale de 32 nouveaux films documentaires souvent in\u00e9dits. \u00ab Notre vocation est de sensibiliser par l&#8217;image et d&#8217;informer le grand public, ainsi que les publics scolaires et le monde universitaire, aux probl\u00e9matiques de la d\u00e9fense et de la promotion des droits de l&#8217;homme dans le monde, explique Vincent Mercier, fondateur, directeur et programmateur artistique du festival. A l&#8217;issue de chaque projection se tient une rencontre-d\u00e9bat avec le r\u00e9alisateur ou des intervenants sp\u00e9cialis\u00e9s sur le th\u00e8me du film. Il peut s&#8217;agir de responsable d&#8217;ONG, d&#8217;universitaires ou de journalistes \u00bb. Par ailleurs, le FIFDH de paris fait partie du Human Rights Film network qui regroupe pr\u00e8s d&#8217;une vingtaine de festivals de films des droits de l&#8217;homme dans le monde. <\/p>\n<p><strong> Susciter une r\u00e9flexion <\/strong><\/p>\n<p>Lieu de rencontre, le FIFDH constitue avant tout un espace de dialogue entre les professionnels et le public. Il s&#8217;adresse \u00e0 tous en pr\u00e9sentant un panorama de films choisis pour leur qualit\u00e9 cin\u00e9matographique et leur capacit\u00e9 \u00e0 susciter une r\u00e9flexion chez le spectateur. Les documentaire sont ainsi class\u00e9s en deux cat\u00e9gories : les documentaires de cr\u00e9ation qui regroupent des oeuvres plus personnelles avec une \u00e9criture singuli\u00e8re, et les documentaires de type dossier et grands reportage qui r\u00e9compensent la qualit\u00e9 du travail journalistique. Un Grand prix et un Prix sp\u00e9cial sont attribu\u00e9s dans chaque cat\u00e9gorie. Chaque jury est compos\u00e9 de personnalit\u00e9s reconnues dans les domaines de l&#8217;audiovisuel et de la d\u00e9fense des droits humains. Un troisi\u00e8me jury, compos\u00e9 d&#8217;\u00e9tudiants, remet le Prix des \u00e9tudiants.  <\/p>\n<p><strong> Entretien audio : <\/strong><\/p>\n<p>Pour \u00e9couter <strong> l&#8217;interview de Vincent Mercier, fondateur, directeur et programmateur artistique du FIFDH <\/strong>, cliquer sur <a href=\"IMG\/mp3\/lacoste.mp3\">lacoste.mp3<\/a><\/p>\n<p>Pour prendre connaissance du programme du festival, cliquer sur http:\/\/www.festival-droitsdelhomme.org\/<\/p>\n","protected":false},"excerpt":{"rendered":"<p> Cr\u00e9\u00e9 par l&#8217;association Alliance, le Festival international du film des droits de l&#8217;homme (FIFDH) se d\u00e9roule \u00e0 Paris du 25 mars au 1er avril 2008 au cin\u00e9ma Action Christine Od\u00e9on. <\/p>\n","protected":false},"author":604,"featured_media":0,"comment_status":"open","ping_status":"open","sticky":false,"template":"","format":"standard","meta":{"_themeisle_gutenberg_block_has_review":false,"footnotes":""},"categories":[141],"tags":[299],"class_list":["post-3073","post","type-post","status-publish","format-standard","hentry","category-archives-web","tag-cinema"],"_links":{"self":[{"href":"https:\/\/archives.regards.fr\/index.php?rest_route=\/wp\/v2\/posts\/3073","targetHints":{"allow":["GET"]}}],"collection":[{"href":"https:\/\/archives.regards.fr\/index.php?rest_route=\/wp\/v2\/posts"}],"about":[{"href":"https:\/\/archives.regards.fr\/index.php?rest_route=\/wp\/v2\/types\/post"}],"author":[{"embeddable":true,"href":"https:\/\/archives.regards.fr\/index.php?rest_route=\/wp\/v2\/users\/604"}],"replies":[{"embeddable":true,"href":"https:\/\/archives.regards.fr\/index.php?rest_route=%2Fwp%2Fv2%2Fcomments&post=3073"}],"version-history":[{"count":0,"href":"https:\/\/archives.regards.fr\/index.php?rest_route=\/wp\/v2\/posts\/3073\/revisions"}],"wp:attachment":[{"href":"https:\/\/archives.regards.fr\/index.php?rest_route=%2Fwp%2Fv2%2Fmedia&parent=3073"}],"wp:term":[{"taxonomy":"category","embeddable":true,"href":"https:\/\/archives.regards.fr\/index.php?rest_route=%2Fwp%2Fv2%2Fcategories&post=3073"},{"taxonomy":"post_tag","embeddable":true,"href":"https:\/\/archives.regards.fr\/index.php?rest_route=%2Fwp%2Fv2%2Ftags&post=3073"}],"curies":[{"name":"wp","href":"https:\/\/api.w.org\/{rel}","templated":true}]}}