{"id":3059,"date":"2008-02-28T00:00:00","date_gmt":"2008-02-27T23:00:00","guid":{"rendered":"https:\/\/wp.muchomaas.com\/la-ligue-de-l-enseignement-veut3059\/"},"modified":"2008-02-28T00:00:00","modified_gmt":"2008-02-27T23:00:00","slug":"la-ligue-de-l-enseignement-veut3059","status":"publish","type":"post","link":"https:\/\/archives.regards.fr\/?p=3059","title":{"rendered":"La Ligue de l&#8217;enseignement veut garantir la la\u00efcit\u00e9 de la R\u00e9publique"},"content":{"rendered":"<p class=\"post_excerpt\"> L&#8217;appel \u00abSauvegardons la la\u00efcit\u00e9 de la R\u00e9publique\u00bb ( http:\/\/www.appel-laique.org\/ ), lanc\u00e9 par la Ligue de l&#8217;enseignement, a d\u00e9j\u00e0 re\u00e7u plus de 120 000 signatures. <\/p>\n<p>Le pr\u00e9sident de la R\u00e9publique Nicolas Sarkozy a tenu des propos sur la la\u00efcit\u00e9 qui ont suscit\u00e9 de vives inqui\u00e9tudes. Le 20 d\u00e9cembre dernier, le chef de l&#8217;Etat fran\u00e7ais a en effet re\u00e7u le titre eccl\u00e9siastique de chanoine d&#8217;honneur de la basilique Saint Jean du Latran. En d\u00e9clarant que \u00ab dans le fond de chaque civilisation, il y a quelque chose de religieux (&#8230;). Les racines de la France sont essentiellement chr\u00e9tiennes\u00bb, il a voulu donner \u00e0 cette c\u00e9r\u00e9monie une port\u00e9e politique et philosophique. <\/p>\n<p>R\u00e9sultat : la Ligue de l&#8217;enseignement se mobilise en initiant le 4 f\u00e9vrier un appel la\u00efque contre les \u00abatteintes \u00e0 la la\u00efcit\u00e9 de la R\u00e9publique\u00bb que constituent les \u00abd\u00e9clarations r\u00e9centes de monsieur Sarkozy, m\u00ealant ses convictions personnelles et sa fonction pr\u00e9sidentielle\u00bb. Des signataires qui \u00abrappellent solennellement que, selon l&#8217;article 1er de la Constitution, la France est une R\u00e9publique indivisible, la\u00efque et d\u00e9mocratique et sociale\u00bb.<\/p>\n<p><strong> Paix civile <\/strong><\/p>\n<p>Parmi les premiers \u00e0 juger \u00abinacceptable la mise en cause de ce principe indispensable \u00e0 la paix civile\u00bb , figurent les syndicats de l&#8217;enseignement, la FSU, le Sgen-CFDT, l&#8217;Unsa \u00e9ducation, les conf\u00e9d\u00e9rations syndicales CGT, CFDT, mais aussi le Grand Orient de France, la Libre Pens\u00e9e, la Ligue des droits de l&#8217;homme&#8230;<\/p>\n<p>Tous craignent une modification du contenu de la loi de 1905 sur la s\u00e9paration des \u00e9glises et de l&#8217;Etat. \u00abC&#8217;est un sujet sensible qui touche \u00e0 l&#8217;identit\u00e9 des personnes et la coh\u00e9sion sociale. Jusqu&#8217;\u00e0 pr\u00e9sent, un \u00e9quilibre avait \u00e9t\u00e9 trouv\u00e9. Y toucher, c&#8217;est prendre le risque d&#8217;un mouvement de grande ampleur\u00bb , estime Charles Conte, charg\u00e9 de mission la\u00efcit\u00e9 \u00e0 la Ligue de l&#8217;enseignement.<\/p>\n<p><strong> Entretien audio : <\/strong><\/p>\n<p>Pour \u00e9couter <strong> l&#8217;interview de Charles Conte, charg\u00e9 de mission la\u00efcit\u00e9 \u00e0 la Ligue de l&#8217;enseignement <\/strong>, cliquer sur <a href=\"IMG\/mp3\/kassovitz.mp3\">kassovitz.mp3<\/a><\/p>\n","protected":false},"excerpt":{"rendered":"<p> L&#8217;appel \u00abSauvegardons la la\u00efcit\u00e9 de la R\u00e9publique\u00bb ( http:\/\/www.appel-laique.org\/ ), lanc\u00e9 par la Ligue de l&#8217;enseignement, a d\u00e9j\u00e0 re\u00e7u plus de 120 000 signatures. <\/p>\n","protected":false},"author":604,"featured_media":0,"comment_status":"open","ping_status":"open","sticky":false,"template":"","format":"standard","meta":{"_themeisle_gutenberg_block_has_review":false,"footnotes":""},"categories":[141],"tags":[311],"class_list":["post-3059","post","type-post","status-publish","format-standard","hentry","category-archives-web","tag-mouvement-social"],"_links":{"self":[{"href":"https:\/\/archives.regards.fr\/index.php?rest_route=\/wp\/v2\/posts\/3059","targetHints":{"allow":["GET"]}}],"collection":[{"href":"https:\/\/archives.regards.fr\/index.php?rest_route=\/wp\/v2\/posts"}],"about":[{"href":"https:\/\/archives.regards.fr\/index.php?rest_route=\/wp\/v2\/types\/post"}],"author":[{"embeddable":true,"href":"https:\/\/archives.regards.fr\/index.php?rest_route=\/wp\/v2\/users\/604"}],"replies":[{"embeddable":true,"href":"https:\/\/archives.regards.fr\/index.php?rest_route=%2Fwp%2Fv2%2Fcomments&post=3059"}],"version-history":[{"count":0,"href":"https:\/\/archives.regards.fr\/index.php?rest_route=\/wp\/v2\/posts\/3059\/revisions"}],"wp:attachment":[{"href":"https:\/\/archives.regards.fr\/index.php?rest_route=%2Fwp%2Fv2%2Fmedia&parent=3059"}],"wp:term":[{"taxonomy":"category","embeddable":true,"href":"https:\/\/archives.regards.fr\/index.php?rest_route=%2Fwp%2Fv2%2Fcategories&post=3059"},{"taxonomy":"post_tag","embeddable":true,"href":"https:\/\/archives.regards.fr\/index.php?rest_route=%2Fwp%2Fv2%2Ftags&post=3059"}],"curies":[{"name":"wp","href":"https:\/\/api.w.org\/{rel}","templated":true}]}}