{"id":3052,"date":"2008-02-22T00:00:00","date_gmt":"2008-02-21T23:00:00","guid":{"rendered":"https:\/\/wp.muchomaas.com\/une-nuit-de-solidarite-avec-les3052\/"},"modified":"2008-02-22T00:00:00","modified_gmt":"2008-02-21T23:00:00","slug":"une-nuit-de-solidarite-avec-les3052","status":"publish","type":"post","link":"https:\/\/archives.regards.fr\/?p=3052","title":{"rendered":"Une nuit de solidarit\u00e9 avec les sans-abri et les mal-log\u00e9s"},"content":{"rendered":"<p class=\"post_excerpt\"> 28 associations et des personnalit\u00e9s ont appel\u00e9 \u00e0 passer la nuit place de la R\u00e9publique \u00e0 Paris, pour attirer l&#8217;attention sur le sort des sans-abri et mal log\u00e9s et d\u00e9noncer la mobilisation insuffisante de l&#8217;Etat. <\/p>\n<p>La nuit solidaire pour le logement, organis\u00e9e jeudi 21 f\u00e9vrier, \u00e0 Paris, a r\u00e9uni plus d&#8217;un millier de personnes (1 800 selon la police) au plus fort de la soir\u00e9e. Environ 300 personnes sont rest\u00e9es passer la nuit, place de la R\u00e9publique, pour manifester leur \u00ab solidarit\u00e9 avec les SDF \u00bb.  L&#8217;\u00e9v\u00e9nement, in\u00e9dit, \u00e9tait organis\u00e9 \u00e0 l&#8217;appel de vingt-huit associations de solidarit\u00e9 avec les sans-abri et les mal-log\u00e9s, parmi lesquelles la Fondation Abb\u00e9-Pierre, le Secours catholique, Emma\u00fcs, les Enfants de Don Quichotte, ATD Quart-monde&#8230;, afin \u00ab d&#8217;exiger du gouvernement des mesures, pour faire appliquer le droit au logement pour tous \u00bb.<\/p>\n<p>Pour d\u00e9noncer \u00ab l&#8217;insuffisante mobilisation de l&#8217;Etat \u00bb, et demander au gouvernement de \u00ab compl\u00e9ter imm\u00e9diatement ses mesures pour d\u00e9finir une r\u00e9elle politique publique \u00e0 l&#8217;\u00e9gard des personnes sans abri et mal log\u00e9es \u00bb, les associations ont donc organis\u00e9 cette mobilisation, \u00ab ouverte \u00e0 tous, personnes \u00e0 la rue, mal log\u00e9s, associations et autres citoyens \u00bb. <\/p>\n<p><strong> Effort financier <\/strong><\/p>\n<p>Ces organisations protestent contre les propositions gouvernementales pr\u00e9sent\u00e9es par le premier ministre, Fran\u00e7ois Fillon, le 29 janvier. Elles estiment que ces propositions ne sont pas \u00ab de nature \u00e0 am\u00e9liorer durablement les conditions de vie des sans-abri et des personnes mal log\u00e9es, ou \u00e0 fluidifier l&#8217;ensemble de la cha\u00eene qui va de l&#8217;h\u00e9bergement au logement \u00bb. Les associations \u00e9valuent l&#8217;effort financier n\u00e9cessaire \u00e0 plus de 1,5 milliard d&#8217;euros pour 2008, alors que Fran\u00e7ois Fillon n&#8217;a annonc\u00e9 que 250 millions.<\/p>\n<p>La f\u00eate a battu son plein jusqu&#8217;\u00e0 deux heures du matin : concerts, prises de parole se sont succ\u00e9d\u00e9 sur une sc\u00e8ne mont\u00e9e au centre de la place, o\u00f9 \u00e9taient aussi organis\u00e9s des ateliers de photographie ou d&#8217;\u00e9criture, au milieu des stands des associations organisatrices.<\/p>\n<p><strong> Entretiens audio : <\/strong><\/p>\n<p>Pour \u00e9couter <strong> l&#8217;interview d&#8217;Augustin Legrand, porte-parole des Enfants de Don Quichotte <\/strong>, cliquer sur <a href=\"IMG\/mp3\/meheustsurete.mp3\">meheustsurete.mp3<\/a><\/p>\n<p>Pour \u00e9couter <strong> l&#8217;interview de Pierre Henry, directeur g\u00e9n\u00e9ral de France Terre d&#8217;Asile <\/strong>, cliquer sur <a href=\"IMG\/mp3\/legrand.mp3\">legrand.mp3<\/a><\/p>\n<p>Pour \u00e9couter <strong> l&#8217;interview de Didier Cusserne, d\u00e9l\u00e9gu\u00e9 g\u00e9n\u00e9ral de l&#8217;Association Emma\u00fcs <\/strong>, cliquer sur <a href=\"IMG\/mp3\/henrysolidaire.mp3\">henrysolidaire.mp3<\/a><\/p>\n<p>Pour \u00e9couter <strong> l&#8217;interview de Patrick Doutreligne, d\u00e9l\u00e9gu\u00e9 g\u00e9n\u00e9ral de la Fondation Abb\u00e9 Pierre <\/strong>, cliquer sur <a href=\"IMG\/mp3\/cusserne.mp3\">cusserne.mp3<\/a><\/p>\n<p>Pour \u00e9couter <strong> l&#8217;interview de Joseph H\u00e9r\u00e9, responsable de l&#8217;Association des Cit\u00e9s du Secours Catholique <\/strong>, cliquer sur <a href=\"IMG\/mp3\/doutreligne.mp3\">doutreligne.mp3<\/a><\/p>\n<p>Pour \u00e9couter <strong> l&#8217;interview de Matthieu Kassovitz, com\u00e9dien et r\u00e9alisateur <\/strong>, cliquer sur <a href=\"IMG\/mp3\/here.mp3\">here.mp3<\/a><\/p>\n","protected":false},"excerpt":{"rendered":"<p> 28 associations et des personnalit\u00e9s ont appel\u00e9 \u00e0 passer la nuit place de la R\u00e9publique \u00e0 Paris, pour attirer l&#8217;attention sur le sort des sans-abri et mal log\u00e9s et d\u00e9noncer la mobilisation insuffisante de l&#8217;Etat. <\/p>\n","protected":false},"author":604,"featured_media":0,"comment_status":"open","ping_status":"open","sticky":false,"template":"","format":"standard","meta":{"_themeisle_gutenberg_block_has_review":false,"footnotes":""},"categories":[141],"tags":[311],"class_list":["post-3052","post","type-post","status-publish","format-standard","hentry","category-archives-web","tag-mouvement-social"],"_links":{"self":[{"href":"https:\/\/archives.regards.fr\/index.php?rest_route=\/wp\/v2\/posts\/3052","targetHints":{"allow":["GET"]}}],"collection":[{"href":"https:\/\/archives.regards.fr\/index.php?rest_route=\/wp\/v2\/posts"}],"about":[{"href":"https:\/\/archives.regards.fr\/index.php?rest_route=\/wp\/v2\/types\/post"}],"author":[{"embeddable":true,"href":"https:\/\/archives.regards.fr\/index.php?rest_route=\/wp\/v2\/users\/604"}],"replies":[{"embeddable":true,"href":"https:\/\/archives.regards.fr\/index.php?rest_route=%2Fwp%2Fv2%2Fcomments&post=3052"}],"version-history":[{"count":0,"href":"https:\/\/archives.regards.fr\/index.php?rest_route=\/wp\/v2\/posts\/3052\/revisions"}],"wp:attachment":[{"href":"https:\/\/archives.regards.fr\/index.php?rest_route=%2Fwp%2Fv2%2Fmedia&parent=3052"}],"wp:term":[{"taxonomy":"category","embeddable":true,"href":"https:\/\/archives.regards.fr\/index.php?rest_route=%2Fwp%2Fv2%2Fcategories&post=3052"},{"taxonomy":"post_tag","embeddable":true,"href":"https:\/\/archives.regards.fr\/index.php?rest_route=%2Fwp%2Fv2%2Ftags&post=3052"}],"curies":[{"name":"wp","href":"https:\/\/api.w.org\/{rel}","templated":true}]}}