{"id":3045,"date":"2008-02-13T00:00:00","date_gmt":"2008-02-12T23:00:00","guid":{"rendered":"https:\/\/wp.muchomaas.com\/reporters-sans-frontieres-denonce3045\/"},"modified":"2008-02-13T00:00:00","modified_gmt":"2008-02-12T23:00:00","slug":"reporters-sans-frontieres-denonce3045","status":"publish","type":"post","link":"https:\/\/archives.regards.fr\/?p=3045","title":{"rendered":"Reporters sans fronti\u00e8res d\u00e9nonce le manque de d\u00e9termination des d\u00e9fenseurs de la libert\u00e9 de la presse et s&#8217;inqui\u00e8te de violences probables contre des journalistes dans les mois \u00e0 venir"},"content":{"rendered":"<p>Dans son rapport annuel, rendu public le 13 f\u00e9vrier 2008 et disponible en int\u00e9gralit\u00e9 sur son site http:\/\/www.rsf.org, Reporters sans fronti\u00e8res d\u00e9nonce l&#8217;impuissance, la veulerie et la duplicit\u00e9 des &#8220;d\u00e9fenseurs officiels&#8221; de la libert\u00e9 d&#8217;expression : &#8220;La couardise de certains Etats occidentaux, de grandes institutions internationales, nuit \u00e0 la libert\u00e9 d&#8217;expression, \u00e9crit Robert M\u00e9nard, secr\u00e9taire g\u00e9n\u00e9ral de Reporters sans fronti\u00e8res dans un texte publi\u00e9 en pr\u00e9face de ce rapport. Le manque de d\u00e9termination des d\u00e9mocraties \u00e0 d\u00e9fendre les valeurs qu&#8217;elles sont cens\u00e9es incarner est inqui\u00e9tant&#8221;.<\/p>\n<p>L&#8217;organisation pointe \u00e9galement du doigt la duplicit\u00e9 des Nations unies dont le Conseil des droits de l&#8217;homme, \u00e0 Gen\u00e8ve, a &#8220;capitul\u00e9 face \u00e0 des pays comme l&#8217;Iran ou l&#8217;Ouzbekistan&#8221;. Et Reporters sans fronti\u00e8res s&#8217;inqui\u00e8te de l&#8217;impuissance de l&#8217;Union europ\u00e9enne face \u00e0 des &#8220;tyrans qui ne cillent pas face aux menaces de sanctions&#8221;.<\/p>\n<p>Dans l&#8217;introduction de son rapport annuel, Reporters sans fronti\u00e8res fait \u00e9tat de ses pr\u00e9occupations pour l&#8217;ann\u00e9e \u00e0 venir, \u00e0 commencer par les violences qui pourraient \u00eatre commises contre des journalistes \u00e0 l&#8217;occasion de scrutins d&#8217;importance au Pakistan (18 f\u00e9vrier), en Russie (2 mars), en Iran (14 mars) et au Zimbabwe (29 mars).<\/p>\n<p>L&#8217;organisation de d\u00e9fense de la libert\u00e9 de la presse exprime aussi son inqui\u00e9tude quant au sort des journalistes qui couvrent les conflits en cours, notamment au Sri Lanka, dans les Territoires palestiniens, en Somalie, mais aussi au Niger, au Tchad et, bien s\u00fbr, en Irak, qui continue &#8220;d&#8217;enterrer ses journalistes chaque semaine ou presque&#8221;.<\/p>\n<p>Enfin, Reporters sans fronti\u00e8res proteste contre la censure qui touche les nouvelles formes de communication (images transmises par t\u00e9l\u00e9phonie mobile, sites de partages de vid\u00e9os sur Internet, r\u00e9seaux sociaux en ligne, etc.) et revient sur la r\u00e9pression en Chine, objet de toute les attentions \u00e0 la veille des Jeux olympiques. &#8220;Hormis le Comit\u00e9 international olympique, plus personne ne semble croire \u00e0 un geste fort des autorit\u00e9s chinoises dans le domaine des droits de l&#8217;homme avant la c\u00e9r\u00e9monie d&#8217;ouverture. Chaque journaliste lib\u00e9r\u00e9 est imm\u00e9diatement remplac\u00e9 par un autre. (&#8230;) Il est \u00e0 parier que les dissidents chinois ne seront pas \u00e0 la f\u00eate, eux, pendant l&#8217;\u00e9t\u00e9&#8221;, \u00e9crit l&#8217;organisation.<\/p>\n<p>Ce rapport propose des analyses r\u00e9gionales sur la situation de la libert\u00e9 de la presse en 2007 ainsi que des chapitres sur 98 pays, y compris les Etats membres de l&#8217;Union europ\u00e9enne et les Etats-Unis. A l&#8217;occasion de son lancement, Reporters sans fronti\u00e8res organise une conf\u00e9rence de presse \u00e0 Washington, le 13 f\u00e9vrier, en pr\u00e9sence de journalistes irakien, chinois, \u00e9rythr\u00e9en et pakistanais. Une seconde conf\u00e9rence de presse est organis\u00e9e \u00e0 Berlin avec des journalistes russe et zimbabw\u00e9en.<\/p>\n","protected":false},"excerpt":{"rendered":"<p>Dans son rapport annuel, rendu public le 13 f\u00e9vrier 2008 et disponible en int\u00e9gralit\u00e9 sur son site http:\/\/www.rsf.org, Reporters sans fronti\u00e8res d\u00e9nonce l&#8217;impuissance, la veulerie et la duplicit\u00e9 des &#8220;d\u00e9fenseurs officiels&#8221; de la libert\u00e9 d&#8217;expression : &#8220;La couardise de certains Etats occidentaux, de grandes institutions internationales, nuit \u00e0 la libert\u00e9 d&#8217;expression, \u00e9crit Robert M\u00e9nard, secr\u00e9taire [&hellip;]<\/p>\n","protected":false},"author":1,"featured_media":0,"comment_status":"open","ping_status":"open","sticky":false,"template":"","format":"standard","meta":{"_themeisle_gutenberg_block_has_review":false,"footnotes":""},"categories":[141],"tags":[287],"class_list":["post-3045","post","type-post","status-publish","format-standard","hentry","category-archives-web","tag-medias"],"_links":{"self":[{"href":"https:\/\/archives.regards.fr\/index.php?rest_route=\/wp\/v2\/posts\/3045","targetHints":{"allow":["GET"]}}],"collection":[{"href":"https:\/\/archives.regards.fr\/index.php?rest_route=\/wp\/v2\/posts"}],"about":[{"href":"https:\/\/archives.regards.fr\/index.php?rest_route=\/wp\/v2\/types\/post"}],"author":[{"embeddable":true,"href":"https:\/\/archives.regards.fr\/index.php?rest_route=\/wp\/v2\/users\/1"}],"replies":[{"embeddable":true,"href":"https:\/\/archives.regards.fr\/index.php?rest_route=%2Fwp%2Fv2%2Fcomments&post=3045"}],"version-history":[{"count":0,"href":"https:\/\/archives.regards.fr\/index.php?rest_route=\/wp\/v2\/posts\/3045\/revisions"}],"wp:attachment":[{"href":"https:\/\/archives.regards.fr\/index.php?rest_route=%2Fwp%2Fv2%2Fmedia&parent=3045"}],"wp:term":[{"taxonomy":"category","embeddable":true,"href":"https:\/\/archives.regards.fr\/index.php?rest_route=%2Fwp%2Fv2%2Fcategories&post=3045"},{"taxonomy":"post_tag","embeddable":true,"href":"https:\/\/archives.regards.fr\/index.php?rest_route=%2Fwp%2Fv2%2Ftags&post=3045"}],"curies":[{"name":"wp","href":"https:\/\/api.w.org\/{rel}","templated":true}]}}