{"id":3033,"date":"2008-01-18T00:00:00","date_gmt":"2008-01-17T23:00:00","guid":{"rendered":"https:\/\/wp.muchomaas.com\/tv-publique-la-taxation-pour3033\/"},"modified":"2008-01-18T00:00:00","modified_gmt":"2008-01-17T23:00:00","slug":"tv-publique-la-taxation-pour3033","status":"publish","type":"post","link":"https:\/\/archives.regards.fr\/?p=3033","title":{"rendered":"TV Publique : la taxation pour remplacer la pub ne d\u00e9passera pas 1%"},"content":{"rendered":"<p>La ministre de la Culture et de la Communication, Christine Albanel, a assur\u00e9 que la taxation sur les produits \u00e9lectroniques permettant de recevoir la t\u00e9l\u00e9vision, envisag\u00e9e pour compenser la fin de la publicit\u00e9 sur France T\u00e9l\u00e9visions, ne d\u00e9passerait &#8220;jamais 1%&#8221;.<\/p>\n<p>Le pr\u00e9sident Nicolas Sarkozy &#8220;a parl\u00e9 de taxes infinit\u00e9simales, c&#8217;est-\u00e0-dire que jamais on ne d\u00e9passerait un maximum de 1%&#8221;, a d\u00e9clar\u00e9 la ministre.<\/p>\n<p>Mme Albanel a pr\u00e9cis\u00e9 que les compensations financi\u00e8res de la suppression de la publicit\u00e9 sur les cha\u00eenes de France T\u00e9l\u00e9visions s&#8217;\u00e9l\u00e8veraient au total &#8220;certainement \u00e0 un milliard d&#8217;euros&#8221;, compte tenu du fait qu&#8217;il &#8220;faudra faire des \u00e9missions pendant le temps de la publicit\u00e9&#8221;.<\/p>\n<p>Pour compenser la perte des recettes publicitaires du groupe public, le gouvernement envisage notamment une taxe sur la t\u00e9l\u00e9phonie mobile et les fournisseurs d&#8217;acc\u00e8s \u00e0 internet, ainsi qu&#8217;une taxation sur la vente des produits \u00e9lectroniques grand public, dit produits &#8220;bruns&#8221;, permettant de recevoir la t\u00e9l\u00e9vision.<\/p>\n<p>Et la ministre de r\u00e9sumer : &#8220;Il y a des ressources : la t\u00e9l\u00e9phonie mobile seule et les abonnements internet, c&#8217;est autour de 20 milliards d&#8217;euros. Tous les \u00e9quipements t\u00e9l\u00e9s, ordinateurs, c&#8217;est 17 milliards d&#8217;euros&#8221;.<\/p>\n<p>L&#8217;autre piste envisag\u00e9e serait de &#8220;taxer les recettes de publicit\u00e9 suppl\u00e9mentaires des cha\u00eenes priv\u00e9es&#8221;, qui seraient alors &#8220;tax\u00e9es \u00e0 hauteur de ce qu&#8217;elles vont recevoir en plus&#8221;, a-t-elle expliqu\u00e9.<\/p>\n<p>Concernant les 320 salari\u00e9s de la r\u00e9gie publicitaire de France T\u00e9l\u00e9visions, Mme Albanel a dit qu&#8217;il y aurait &#8220;z\u00e9ro licenciement&#8221;, m\u00eame s&#8217;il &#8220;appartient aux dirigeants de France T\u00e9l\u00e9visions de porter ce dossier&#8221;.<\/p>\n<p><strong> Maryse Richard, d\u00e9l\u00e9gu\u00e9e syndicale SNJ France 2 : <\/strong> <\/p>\n<p>\u00ab Cette mesure pose un probl\u00e8me de financement parce que cela repr\u00e9sente un manque \u00e0 gagner de 840 millions d&#8217;euros plus un co\u00fbt de 400 millions pour les programmes destin\u00e9s \u00e0 combler les cr\u00e9neaux actuellement occup\u00e9s par la publicit\u00e9 soit 3 h 30 par jour.<\/p>\n<p>Tous les analystes sp\u00e9cialis\u00e9s dans la publicit\u00e9 ont d\u00e9clar\u00e9 que ce projet n&#8217;est pas \u00e9conomiquement viable. Il risque de d\u00e9stabiliser le march\u00e9 publicitaire audiovisuel y compris celui de la presse \u00e9crite.<\/p>\n<p>En attendant, la commission europ\u00e9enne de Bruxelles doit donner son aval. Or, ce type de financement par taxation des cha\u00eenes priv\u00e9es a de fortes chances d&#8217;\u00eatre retoqu\u00e9. Il ne restera plus que la redevance pour combler le manque \u00e0 gagner. Mais Sarkozy a d\u00e9clar\u00e9 qu&#8217;il n&#8217;allait pas l&#8217;augmenter.<\/p>\n<p>A terme, certaines cha\u00eenes du service public pourraient \u00eatre privatis\u00e9es. Et comme France T\u00e9l\u00e9vision publicit\u00e9 va dispara\u00eetre, cette suppression va n\u00e9cessairement entra\u00eener une modification du p\u00e9rim\u00e8tre des cha\u00eenes. Il va y avoir une \u00e9conomie d&#8217;\u00e9chelle. Cette restructuration modifiera donc ce p\u00e9rim\u00e8tre. \u00bb<\/p>\n<p><strong> Pour \u00e9couter son interview <\/strong>, cliquer sur <a href=\"IMG\/mp3\/itwtrouve.mp3\">itwtrouve.mp3<\/a><\/p>\n<p><strong> Jean-Fran\u00e7ois T\u00e9aldi, secr\u00e9taire g\u00e9n\u00e9ral SNJ-CGT France 3 audiovisuel public : <\/strong> <\/p>\n<p>\u00ab Il y a une certaine inqui\u00e9tude car il faut s&#8217;assurer de la p\u00e9rennit\u00e9 du financement pour nous permettre d&#8217;accomplir notre mission de service public. Sarkozy a la volont\u00e9 de d\u00e9truire l&#8217;audiovisuel public et on ne sait pas comment le gouvernement va trouver un mode de financement autre qu&#8217;en ponctionnant la publicit\u00e9 priv\u00e9e d&#8217;un c\u00f4t\u00e9 et les op\u00e9rateurs de t\u00e9l\u00e9phonie de l&#8217;autre. TF1 et M6 vont d\u00e9tenir le monopole de la diffusion publicitaire audiovisuel. <\/p>\n<p>D&#8217;apr\u00e8s nos calculs, il faudra une taxe de 20 \u00e0 25 % sur le chiffre d&#8217;affaire de la pub du secteur priv\u00e9. Probl\u00e8me : ils sucrent la pub d&#8217;un c\u00f4t\u00e9 et ils n&#8217;ont rien pr\u00e9vu en face. La solution pourrait passer par une hausse de la redevance pour la porter au m\u00eame niveau qu&#8217;en Allemagne ou en Angleterre soit 200 euros. Avec 5 % de taux d&#8217;audience, France t\u00e9l\u00e9vision risque de ne plus \u00eatre suffisamment concurrentiel pour les appels d&#8217;offre de programme comme le Tour de France. \u00bb<\/p>\n<p><strong> Pour \u00e9couter son interview <\/strong>, cliquer sur <a href=\"IMG\/mp3\/richard.mp3\">richard.mp3<\/a><\/p>\n","protected":false},"excerpt":{"rendered":"<p>La ministre de la Culture et de la Communication, Christine Albanel, a assur\u00e9 que la taxation sur les produits \u00e9lectroniques permettant de recevoir la t\u00e9l\u00e9vision, envisag\u00e9e pour compenser la fin de la publicit\u00e9 sur France T\u00e9l\u00e9visions, ne d\u00e9passerait &#8220;jamais 1%&#8221;. Le pr\u00e9sident Nicolas Sarkozy &#8220;a parl\u00e9 de taxes infinit\u00e9simales, c&#8217;est-\u00e0-dire que jamais on ne d\u00e9passerait [&hellip;]<\/p>\n","protected":false},"author":604,"featured_media":0,"comment_status":"open","ping_status":"open","sticky":false,"template":"","format":"standard","meta":{"_themeisle_gutenberg_block_has_review":false,"footnotes":""},"categories":[141],"tags":[287],"class_list":["post-3033","post","type-post","status-publish","format-standard","hentry","category-archives-web","tag-medias"],"_links":{"self":[{"href":"https:\/\/archives.regards.fr\/index.php?rest_route=\/wp\/v2\/posts\/3033","targetHints":{"allow":["GET"]}}],"collection":[{"href":"https:\/\/archives.regards.fr\/index.php?rest_route=\/wp\/v2\/posts"}],"about":[{"href":"https:\/\/archives.regards.fr\/index.php?rest_route=\/wp\/v2\/types\/post"}],"author":[{"embeddable":true,"href":"https:\/\/archives.regards.fr\/index.php?rest_route=\/wp\/v2\/users\/604"}],"replies":[{"embeddable":true,"href":"https:\/\/archives.regards.fr\/index.php?rest_route=%2Fwp%2Fv2%2Fcomments&post=3033"}],"version-history":[{"count":0,"href":"https:\/\/archives.regards.fr\/index.php?rest_route=\/wp\/v2\/posts\/3033\/revisions"}],"wp:attachment":[{"href":"https:\/\/archives.regards.fr\/index.php?rest_route=%2Fwp%2Fv2%2Fmedia&parent=3033"}],"wp:term":[{"taxonomy":"category","embeddable":true,"href":"https:\/\/archives.regards.fr\/index.php?rest_route=%2Fwp%2Fv2%2Fcategories&post=3033"},{"taxonomy":"post_tag","embeddable":true,"href":"https:\/\/archives.regards.fr\/index.php?rest_route=%2Fwp%2Fv2%2Ftags&post=3033"}],"curies":[{"name":"wp","href":"https:\/\/api.w.org\/{rel}","templated":true}]}}