{"id":3001,"date":"2007-11-01T00:00:00","date_gmt":"2007-10-31T23:00:00","guid":{"rendered":"https:\/\/wp.muchomaas.com\/jean-christophe-le-duigou-19953001\/"},"modified":"2007-11-01T00:00:00","modified_gmt":"2007-10-31T23:00:00","slug":"jean-christophe-le-duigou-19953001","status":"publish","type":"post","link":"https:\/\/archives.regards.fr\/?p=3001","title":{"rendered":"Jean-Christophe Le Duigou : 1995, 2003&#8230; \u00ab Le mouvement n&#8217;empruntera pas deux fois le m\u00eame chemin \u00bb"},"content":{"rendered":"<p class=\"post_excerpt\"> Quelle est la nouvelle donne de l&#8217;action syndicale ? Eclairage sur les enjeux d&#8217;un mouvement \u00e0 la recherche de plus de proximit\u00e9. Coup d&#8217;envoi : unions locales, petites entreprises et renouvellement g\u00e9n\u00e9rationnel. <\/p>\n<p><strong> Quel sentiment avez-vous sur le mouvement qui a d\u00e9but\u00e9 le 18 octobre dernier ? <\/strong><\/p>\n<p><strong> Jean-Christophe Le Duigou. <\/strong> La force du mouvement a \u00e9t\u00e9 exceptionnelle le 18 octobre dans les trois secteurs concern\u00e9s par la remise en cause du r\u00e9gime des retraites, EDF-GDF, la SNCF et la RATP. M\u00eame le gouvernement a d\u00fb en convenir. Des suites sont d&#8217;ores et d\u00e9j\u00e0 programm\u00e9es en novembre. C&#8217;est la premi\u00e8re action d&#8217;envergure depuis la p\u00e9riode \u00e9lectorale. En ce sens, elle doit retenir l&#8217;attention. Elle repr\u00e9sente une nouvelle \u00e9tape de nature \u00e0 contrecarrer ce qu&#8217;\u00e9tait la d\u00e9marche de Nicolas Sarkozy : une d\u00e9marche s&#8217;appuyant sur sa seule l\u00e9gitimit\u00e9 politique, qui finalement ne laissait gu\u00e8re de place \u00e0 une vraie n\u00e9gociation sociale. Il faut que ce mouvement cr\u00e9e le rapport de force suffisant et se donne les moyens de poursuivre. Mais cela doit \u00eatre fait dans une optique de rassemblement et non d&#8217;isolement d&#8217;une avant-garde. Les salari\u00e9s savent bien que l&#8217;unit\u00e9 est une question capitale. La pr\u00e9occupation sur laquelle sera jug\u00e9 le gouvernement dans les mois qui viennent, c&#8217;est le pouvoir d&#8217;achat. Cela pose la question de l&#8217;\u00e9largissement du mouvement \u00e0 d&#8217;autres revendications et \u00e0 d&#8217;autres secteurs. <\/p>\n<p><strong> En 1995, un mouvement social d&#8217;une amplitude rare a d\u00e9marr\u00e9 alors que le pr\u00e9sident Chirac venait d&#8217;\u00eatre \u00e9lu ? La comparaison s&#8217;arr\u00eate l\u00e0 ? <\/strong><\/p>\n<p><strong> J.-C.L.D. <\/strong> Difficile de penser que le mouvement empruntera deux fois de suite le m\u00eame chemin. En 1995, le candidat Jacques Chirac faisait sa campagne sur la fracture sociale. Une fois \u00e9lu, il d\u00e9cide, dans le cadre de la pr\u00e9paration du budget, d&#8217;augmenter de deux points la TVA. Ce gouvernement a la m\u00eame tentation, on l&#8217;a vu avec la TVA sociale, mais il y a pour le moment renonc\u00e9. Pour l&#8217;instant, les salari\u00e9s sont plut\u00f4t encore dans l&#8217;attente et demandent \u00e0 voir. Cela ne va pas forc\u00e9ment durer longtemps. Autre particularit\u00e9 du moment, l&#8217;essentiel ne se passe pas encore dans la classe ouvri\u00e8re ou chez les employ\u00e9s, c&#8217;est plut\u00f4t dans les classes moyennes et moyennes sup\u00e9rieures que le \u00ab d\u00e9crochage \u00bb s&#8217;est op\u00e9r\u00e9.<\/p>\n<p><strong> Quelles sont les sp\u00e9cificit\u00e9s du mouvement sur les retraites de 2003 et quel impact sur la mani\u00e8re dont on peut envisager les choses aurjourd&#8217;hui ? <\/strong><\/p>\n<p><strong> J.-C.L.D. <\/strong> Il faut se souvenir de 1993 lorsque Edouard Balladur lance la premi\u00e8re r\u00e9forme aux impacts massifs sur les salari\u00e9s du secteur priv\u00e9. Les cons\u00e9quences ne sont alors per\u00e7ues que progressivement parce que le passage de 37,5 \u00e0 40 ans de cotisations ne touchait que marginalement les salari\u00e9s du priv\u00e9. Il y a eu une sous-estimation de ce que repr\u00e9sentaient le passage au calcul sur les 25 meilleures ann\u00e9es de cotisations et la d\u00e9sindexation du calcul des retraites sur les salaires. Le secteur public ne s&#8217;est pas senti concern\u00e9.  En 2003, nous avons v\u00e9cu la situation inverse. La CGT a alors pourtant dit que la r\u00e9forme concernait aussi le secteur priv\u00e9, puisqu&#8217;elle comprenait un nouvel allongement de la dur\u00e9e de cotisation pour tous, mais la r\u00e9forme a \u00e9t\u00e9 per\u00e7ue comme affectant simplement les fonctionnaires. Le mouvement social aurait int\u00e9r\u00eat \u00e0 bien prendre en compte que le gouvernement veut jouer une troisi\u00e8me fois la division du salariat, cette fois-ci sur le dos des r\u00e9gimes sp\u00e9ciaux. L&#8217;essentiel de notre effort sur le plan de la perception des enjeux majeurs de la retraite doit \u00eatre d&#8217;expliquer le lien entre cette remise en cause des r\u00e9gimes sp\u00e9ciaux \u00e0 la troisi\u00e8me vague de la r\u00e9forme des retraites, que le gouvernement a annonc\u00e9 pour le printemps prochain.<\/p>\n<p><strong> L&#8217;enjeu des retraites semble avoir une dimension politique particuli\u00e8re. <\/strong><\/p>\n<p><strong> J.-C.L.D. <\/strong> En effet, avec quelques questions majeures comme l&#8217;assurance maladie, le SMIC, l&#8217;\u00e9cole ou la formation, la retraite est aujourd&#8217;hui l&#8217;un des enjeux transversaux de notre syst\u00e8me social. C&#8217;est peut-\u00eatre m\u00eame un \u00e9l\u00e9ment central de coh\u00e9sion nationale, comme l&#8217;\u00e9tait la monnaie. En somme, la retraite \u00ab fait soci\u00e9t\u00e9 \u00bb, ce qui rend de fait la question toujours complexe. Cela justifie que les choix sur l&#8217;avenir de notre syst\u00e8me soient faits en toute clart\u00e9, collectivement et d\u00e9mocratiquement. L&#8217;individualisation de l&#8217;approche de la retraite, impliquant que chacun soit responsable dans son coin, ne r\u00e9pondra pas \u00e0 la crise sociale d&#8217;aujourd&#8217;hui.<\/p>\n<p><strong> Avec Nicolas Sarkozy pr\u00e9sident, quelle est la nouvelle donne de l&#8217;action syndicale ? <\/strong><\/p>\n<p><strong> J.-C.L.D. <\/strong> Il y a des \u00e9l\u00e9ments de permanence, comme la politique de division du salariat que nous voyons \u00e0 l&#8217;\u0153uvre aujourd&#8217;hui dans cette mani\u00e8re d&#8217;opposer les salari\u00e9s des r\u00e9gimes sp\u00e9ciaux et ceux relevant du r\u00e9gime g\u00e9n\u00e9ral. L&#8217;\u00e9l\u00e9ment nouveau est l&#8217;absence d&#8217;alternatives construites aux r\u00e9formes d\u00e9cid\u00e9es par le gouvernement. Assez franchement, je n&#8217;entends pas beaucoup de v\u00e9ritables contre-propositions. Nicolas Sarkozy joue sur cette absence, cette difficult\u00e9 \u00e0 monter des solutions politiques. Du coup, les syndicats sont en premi\u00e8re ligne et somm\u00e9s de s&#8217;int\u00e9grer ou de se marginaliser.<\/p>\n<p><strong> Nicolas Sarkozy dit en substance aux syndicats : Ou vous vous int\u00e9grez, mais vos exigences ne p\u00e8seront pas sur la structure de la politique men\u00e9e, ou bien vous vous situez \u00e0 l&#8217;ext\u00e9rieur et vous n&#8217;aurez plus de prise sur les d\u00e9cisions que je prends. <\/strong> <\/p>\n<p><strong> J.-C.L.D. <\/strong> Retrouver un syndicalisme de proximit\u00e9, comme pouvaient le faire les unions locales, n&#8217;est-il pas un enjeu majeur ? Le congr\u00e8s de Lille de la CGT a donn\u00e9 v\u00e9ritablement le coup d&#8217;envoi du \u00ab red\u00e9ploiement syndical \u00bb, une r\u00e9flexion portant \u00e0 la fois sur la strat\u00e9gie, les revendications mais aussi sur les structures. Nous rayonnons structurellement aujourd&#8217;hui sur 20 % du salariat, c&#8217;est-\u00e0-dire sur 4 \u00e0 5 millions de personnes avec qui nous avons un contact direct au travers de nos organisations. Il faut poser la question du red\u00e9ploiement pour int\u00e9grer de nouveaux secteurs comme le commerce et les services mais aussi les petites et moyennes entreprises, qui concentrent deux tiers du salariat. Les unions locales ont amorc\u00e9 un red\u00e9ploiement. Leur activit\u00e9 correspondait souvent \u00e0 la carte de l&#8217;industrie d&#8217;il y a trente ans, et pas \u00e0 la localisation actuelle du salariat. Les unions locales ont un r\u00f4le cl\u00e9 \u00e0 jouer, avec la cr\u00e9ation de syndicats multiprofessionnels. Nous avons une conf\u00e9rence nationale sur l&#8217;activit\u00e9 et l&#8217;organisation des unions locales en novembre. Tout l&#8217;enjeu est de bien accompagner ce mouvement de red\u00e9ploiement du syndicalisme. <\/p>\n<p>Entretien r\u00e9alis\u00e9 par R\u00e9mi Douat<\/p>\n<p>Paru dans<em> Regards <\/em> n\u00b045, Novembre 2007<\/p>\n","protected":false},"excerpt":{"rendered":"<p> Quelle est la nouvelle donne de l&#8217;action syndicale ? Eclairage sur les enjeux d&#8217;un mouvement \u00e0 la recherche de plus de proximit\u00e9. Coup d&#8217;envoi : unions locales, petites entreprises et renouvellement g\u00e9n\u00e9rationnel. <\/p>\n","protected":false},"author":569,"featured_media":0,"comment_status":"open","ping_status":"open","sticky":false,"template":"","format":"standard","meta":{"_themeisle_gutenberg_block_has_review":false,"footnotes":""},"categories":[141],"tags":[311],"class_list":["post-3001","post","type-post","status-publish","format-standard","hentry","category-archives-web","tag-mouvement-social"],"_links":{"self":[{"href":"https:\/\/archives.regards.fr\/index.php?rest_route=\/wp\/v2\/posts\/3001","targetHints":{"allow":["GET"]}}],"collection":[{"href":"https:\/\/archives.regards.fr\/index.php?rest_route=\/wp\/v2\/posts"}],"about":[{"href":"https:\/\/archives.regards.fr\/index.php?rest_route=\/wp\/v2\/types\/post"}],"author":[{"embeddable":true,"href":"https:\/\/archives.regards.fr\/index.php?rest_route=\/wp\/v2\/users\/569"}],"replies":[{"embeddable":true,"href":"https:\/\/archives.regards.fr\/index.php?rest_route=%2Fwp%2Fv2%2Fcomments&post=3001"}],"version-history":[{"count":0,"href":"https:\/\/archives.regards.fr\/index.php?rest_route=\/wp\/v2\/posts\/3001\/revisions"}],"wp:attachment":[{"href":"https:\/\/archives.regards.fr\/index.php?rest_route=%2Fwp%2Fv2%2Fmedia&parent=3001"}],"wp:term":[{"taxonomy":"category","embeddable":true,"href":"https:\/\/archives.regards.fr\/index.php?rest_route=%2Fwp%2Fv2%2Fcategories&post=3001"},{"taxonomy":"post_tag","embeddable":true,"href":"https:\/\/archives.regards.fr\/index.php?rest_route=%2Fwp%2Fv2%2Ftags&post=3001"}],"curies":[{"name":"wp","href":"https:\/\/api.w.org\/{rel}","templated":true}]}}