{"id":2947,"date":"2007-09-01T00:00:00","date_gmt":"2007-08-31T22:00:00","guid":{"rendered":"https:\/\/wp.muchomaas.com\/journalistes-sur-la-corde-raide2947\/"},"modified":"2007-09-01T00:00:00","modified_gmt":"2007-08-31T22:00:00","slug":"journalistes-sur-la-corde-raide2947","status":"publish","type":"post","link":"https:\/\/archives.regards.fr\/?p=2947","title":{"rendered":"Journalistes sur la corde raide"},"content":{"rendered":"<p class=\"post_excerpt\"> Suivre Nicolas Sarkozy aujourd&#8217;hui devient une gageure. Connivence, proximit\u00e9, soumission, peur, les journalistes fran\u00e7ais font-ils toujours leur m\u00e9tier ?  Leur confr\u00e8res \u00e9trangers seraient-ils plus vaillants ? Retour sur un monde sous pression. <\/p>\n<p>\u00ab<em> Sarkozy envisage de convier plusieurs directeurs de journaux \u00e0 d\u00eener \u00e0 la mi-septembre. Giscard l&#8217;avait fait au d\u00e9but de son septennat. \u00bb <\/em> C&#8217;est un entrefilet du Nouvel Observateur, une information devenue banale au regard de l&#8217;actualit\u00e9 m\u00e9diatique r\u00e9cente : l&#8217;\u00e9viction d&#8217;Alain G\u00e9nestar de Paris Match exig\u00e9e par Sarkozy aupr\u00e8s de son ami Lagard\u00e8re apr\u00e8s une couverture d\u00e9plaisante, la censure autoritaire intervenue au Journal du Dimanche sur le non-vote de C\u00e9cilia pour son candidat de mari ou encore les cours de journalisme donn\u00e9s en direct sur France 3 \u00e0 une journaliste m\u00e9dus\u00e9e&#8230; Les exemples sont nombreux et inqui\u00e9tants et les d\u00e9clarations non moins alarmantes.<em> \u00ab Un journaliste qui ne m&#8217;aime pas ne me conna\u00eet pas \u00bb <\/em>, avait dit en son temps le ministre de l&#8217;Int\u00e9rieur. Quant aux ressources humaines, elles s&#8217;organisent en bonne intelligence. Une fois Nicolas Sarkozy \u00e9lu pr\u00e9sident de la R\u00e9publique, son directeur de campagne adjoint, Laurent Solly, s&#8217;est vu offrir un bureau \u00e0 la direction g\u00e9n\u00e9rale de TF1 tandis que la journaliste politique du Point, Catherine Pegard, entrait comme conseill\u00e8re \u00e0 l&#8217;Elys\u00e9e. Pire, la proximit\u00e9 avec les patrons de presse est affich\u00e9e sans complexe. Dans pareil contexte, qu&#8217;est-ce qu&#8217;\u00eatre journaliste ? Les coll\u00e8gues \u00e9trangers en poste \u00e0 Paris s&#8217;en donnent \u00e0 c\u0153ur joie. Ang\u00e9lique Chrisaphis, du quotidien anglais The Guardian, a soulign\u00e9 dans un de ses articles une<em> \u00ab culture de la d\u00e9f\u00e9rence \u00bb <\/em> des journalistes politiques fran\u00e7ais. Bj\u00f6rn Erik Rosin, correspondant du quotidien su\u00e9dois conservateur Svenska Dabladet, pr\u00e9cise qu<em> \u00ab en Su\u00e8de, la ligne \u00e9ditoriale n&#8217;influe pas forc\u00e9ment sur le contenu de l&#8217;information dans un journal. En France, la une du Figaro est presque un tract du gouvernement ! \u00bb <\/em> Le journaliste su\u00e9dois estime que ses confr\u00e8res fran\u00e7ais usent et abusent de la prudence :<em> \u00ab Ils r\u00e9fl\u00e9chissent trop avant d&#8217;\u00e9crire. Ils pensent aux inconv\u00e9nients professionnels que pourrait leur attirer un papier critique. \u00bb <\/em> <\/p>\n<p><strong> PROXIMIT\u00c9 INQUI\u00c9TANTE <\/strong><\/p>\n<p>La proximit\u00e9 entre Nicolas Sarkozy et les m\u00e9dias peut inqui\u00e9ter. Pour Henri Maller, coanimateur d&#8217;Acrimed (Action-Critique-M\u00e9dias) il y a l\u00e0 une dangereuse politique de s\u00e9duction :<em> \u00ab Cette politique s&#8217;inscrit dans une strat\u00e9gie de cr\u00e9ation d&#8217;images et d&#8217;\u00e9v\u00e9nements m\u00e9diatiques. La mise en sc\u00e8ne par Sarkozy lui-m\u00eame des rapports familiers qu&#8217;il noue avec les journalistes politiques transforme cette familiarit\u00e9 en question \u00e0 la mode, au d\u00e9triment de l&#8217;examen de la politique qu&#8217;il d\u00e9fend. Un certain journalisme, qu&#8217;il soit favorable ou hostile \u00e0 Sarkozy, est ainsi pris \u00e0 son propre pi\u00e8ge. \u00bb <\/em> <\/p>\n<p>Angoiss\u00e9s pour leur carri\u00e8re, les journalistes fran\u00e7ais, et juste pr\u00eats \u00e0 courber l&#8217;\u00e9chine ? Pas forc\u00e9ment aussi simple.<em> \u00ab Je pense que les effets de strat\u00e9gies personnelles, la connivence avec les grands patrons de presse, son influence sur les m\u00e9dias, ce n&#8217;est que la face \u00e9merg\u00e9e de l&#8217;iceberg, explique Cyril Lemieux, sociologue qui a tenu un blog tout au long de la campagne. C&#8217;est la partie la plus m\u00e9diatis\u00e9e de sa strat\u00e9gie. Mais l&#8217;\u00e9l\u00e9ment fondamental est au contraire le \u00ablaisser-faire\u00bb. ll n&#8217;y a aucune politique publique dans ce domaine. Dans sa conception, les m\u00e9dias rel\u00e8vent plus des politiques, les strat\u00e9gies politiques, que de la policy, la politique. \u00bb <\/em> <\/p>\n<p><strong> CONTRAINTES \u00c9CONOMIQUES <\/strong><\/p>\n<p>Au del\u00e0 des cas de censure directe, quand patrons de groupes ou directeurs de publication \u00e0 la botte manient sans complexe le grand ciseau, le m\u00e9canisme est plus insidieux.  Les journalistes eux-m\u00eames ont parfois int\u00e9gr\u00e9, par habitude ou lassitude, la conduite \u00e0 tenir. L&#8217;organisation des r\u00e9dactions et les contraintes \u00e9conomiques ont aussi leur part.<em> \u00ab Quand le service de communication de Nicolas Sarkozy propose un sujet \u00e0 la r\u00e9daction, nous ne sommes plus capables de dire que cela ne nous int\u00e9resse pas. Cela impliquerait plus de moyens humains. Impossible qu&#8217;une \u00e9quipe parte \u00e0 neuf heures du matin et revienne \u00e0 la r\u00e9daction sans rien. Avec la multiplication des \u00e9ditions, une \u00e9quipe qui part sur le terrain doit ramener un reportage \u00e0 99 %. Cela r\u00e9pond \u00e0 des questions de rentabilit\u00e9 \u00e9conomique. \u00bb <\/em> Jean-Fran\u00e7ois T\u00e9aldi, ancien grand reporter et secr\u00e9taire g\u00e9n\u00e9ral du syndicat CGT de France 3, illustre bien le sentiment de r\u00e9signation ambiant. Les groupes de presse, dans leur recherche d&#8217;externalisation, se nourrissent de pigistes. Ces derniers sont souvent pr\u00e9caires.<em> \u00ab La pr\u00e9carit\u00e9 est globale et vise \u00e0 obtenir l&#8217;ob\u00e9issance. Mais concernant le journaliste, elle est en contradiction avec la nature m\u00eame du travail qu&#8217;il devrait faire \u00bb <\/em>, se d\u00e9sole Arnaud Viviant, ex-chroniqueur \u00e0 la d\u00e9funte Bande \u00e0 Bonnaud sur France Inter, effac\u00e9e de la grille des programmes en juin dernier pour<em> \u00ab indocilit\u00e9 \u00bb <\/em>, selon l&#8217;analyse du principal int\u00e9ress\u00e9 Fr\u00e9d\u00e9ric Bonnaud. Pour exercer son discours critique, Arnaud Viviant craint ainsi d&#8217;\u00eatre cantonn\u00e9 au web, qu&#8217;on ne peut pas encore voir comme l&#8217;Eldorado de la critique et de la libert\u00e9 d&#8217;expression.<em> \u00ab Les blogs les plus lus recueillent 25 000 consultations par jour, mais quand on sait que le journal de TF1 r\u00e9unit tous les soirs plus de 7,5 millions de t\u00e9l\u00e9spectateurs, on mesure le d\u00e9calage \u00bb <\/em>, explique Cyril Lemieux pour ajouter cette formule :<em> \u00ab Les blogs s&#8217;apparentent plus \u00e0 des lobbies de communication qu&#8217;\u00e0 des m\u00e9dias de masse. \u00bb <\/em> <\/p>\n<p><strong> FAIBLE R\u00c9SISTANCE <\/strong><\/p>\n<p>Les mobilisations d&#8217;une profession qui se sent menac\u00e9e n&#8217;ont gu\u00e8re d&#8217;impact et les sollicitations restent lettre morte. Pour exemple, les initiatives du Forum permanent des soci\u00e9t\u00e9s de journalistes qui appelaient une<em> \u00ab modernisation l\u00e9gislative \u00bb <\/em> en mati\u00e8re de garantie d&#8217;ind\u00e9pendance des m\u00e9dias suite aux affaires de la Tribune et des Echos, n&#8217;ont pas \u00e9t\u00e9 entendues :<em> \u00ab Nous n&#8217;avons re\u00e7u aucune r\u00e9ponse de Nicolas Sarkozy. Sa fonction pr\u00e9sidentielle lui conf\u00e8re pourtant d&#8217;\u00eatre le garant de la Constitution \u00bb <\/em>, s&#8217;exasp\u00e8re Fran\u00e7ois Malye, journaliste au Point et directeur de ce Forum.<em> \u00ab La seule r\u00e9forme qu&#8217;il envisage, c&#8217;est celle de l&#8217;am\u00e9lioration de la distribution des journaux. Alors oui, \u00e7a peut embellir les finances des organes de presse, mais il n&#8217;y aura pas de r\u00e9percussions sur la question de l&#8217;ind\u00e9pendance. \u00bb <\/em> Fran\u00e7ois Malye estime pour autant que les probl\u00e8mes ne datent pas de Sarkozy et il a pu v\u00e9rifier qu&#8217;au Point, les deux rubriques en proie \u00e0 la pression sont l&#8217;\u00e9conomie et la politique. M\u00eame si<em> \u00ab la rubrique Monde est en relation avec les instances diplomatiques, Soci\u00e9t\u00e9 &#038; Faits divers peut subir une l\u00e9g\u00e8re pression de la part de la police, et en Culture, c&#8217;est souvent une affaire de copinage \u00bb <\/em>. <\/p>\n<p>Dans ce contexte, o\u00f9 peut-on encore trouver l&#8217;info ? C&#8217;est Rue 89, blog d&#8217;information concoct\u00e9 en partie par des anciens de Lib\u00e9ration, qui a<em> \u00ab sorti \u00bb <\/em> l&#8217;affaire de l&#8217;autocensure du Journal du Dimanche. Un journaliste de cette r\u00e9daction revient sur l&#8217;\u00e9pisode peu glorieux :<em> \u00ab L&#8217;information tenait sur un tout petit papier intitul\u00e9 \u00abC\u00e9cilia Sarkozy n&#8217;est pas all\u00e9e voter\u00bb. Le journaliste avait fait son travail. Mais c&#8217;est le coup de t\u00e9l\u00e9phone de Lagard\u00e8re qui a tout chang\u00e9, je dirais m\u00eame qu&#8217;ils se sont mis tout seuls dans la merde. L&#8217;info n&#8217;\u00e9tait plus \u00abC\u00e9cilia n&#8217;a pas vot\u00e9\u00bb mais \u00abla direction du JDD censure un article\u00bb. On change de niveau d&#8217;information. Si c&#8217;\u00e9tait rest\u00e9 dans le journal, \u00e7a se serait situ\u00e9 en encadr\u00e9 en bas de page et il y aurait moins eu de remous. \u00bb <\/em>  De son c\u00f4t\u00e9, l&#8217;aura naissante de Rue89, un site r\u00e9put\u00e9<em> \u00ab libre \u00bb <\/em>, a contribu\u00e9 \u00e0 en faire une information de premier ordre, \u00e0 l&#8217;heure o\u00f9 le sentiment d&#8217;\u00eatre ligot\u00e9 tra\u00eene confus\u00e9ment dans les r\u00e9dactions. Toujours au JDD, r\u00e9daction embl\u00e9matique puisqu&#8217;en plus d&#8217;avoir \u00e9t\u00e9 victime d&#8217;une brutale censure elle est propri\u00e9t\u00e9 du<em> \u00ab fr\u00e8re \u00bb <\/em> de Nicolas Sarkozy, Arnaud Lagard\u00e8re, un journaliste estime que plusieurs de ses confr\u00e8res se sont<em> \u00ab lib\u00e9r\u00e9s \u00bb <\/em>, depuis le 6 mai dernier. L&#8217;affaire de la censure a en effet provoqu\u00e9 une v\u00e9ritable insurrection dans la r\u00e9daction, et pourquoi pas une sursaut \u00e9thique. Un avis partag\u00e9 par Fran\u00e7ois Malye, du Point, qui croit \u00e0 un d\u00e9ferlement de nouvelles informations \u00e0 partir de la rentr\u00e9e<em> \u00ab quand l&#8217;\u00e9tat de gr\u00e2ce sera pass\u00e9 \u00bb <\/em>. <\/p>\n<p>S.D. et R.D.<\/p>\n<p>Paru dans<em> Regards <\/em> n\u00b043, sept. 07<\/p>\n","protected":false},"excerpt":{"rendered":"<p> Suivre Nicolas Sarkozy aujourd&#8217;hui devient une gageure. Connivence, proximit\u00e9, soumission, peur, les journalistes fran\u00e7ais font-ils toujours leur m\u00e9tier ?  Leur confr\u00e8res \u00e9trangers seraient-ils plus vaillants ? Retour sur un monde sous pression. <\/p>\n","protected":false},"author":569,"featured_media":0,"comment_status":"open","ping_status":"open","sticky":false,"template":"","format":"standard","meta":{"_themeisle_gutenberg_block_has_review":false,"footnotes":""},"categories":[141],"tags":[287],"class_list":["post-2947","post","type-post","status-publish","format-standard","hentry","category-archives-web","tag-medias"],"_links":{"self":[{"href":"https:\/\/archives.regards.fr\/index.php?rest_route=\/wp\/v2\/posts\/2947","targetHints":{"allow":["GET"]}}],"collection":[{"href":"https:\/\/archives.regards.fr\/index.php?rest_route=\/wp\/v2\/posts"}],"about":[{"href":"https:\/\/archives.regards.fr\/index.php?rest_route=\/wp\/v2\/types\/post"}],"author":[{"embeddable":true,"href":"https:\/\/archives.regards.fr\/index.php?rest_route=\/wp\/v2\/users\/569"}],"replies":[{"embeddable":true,"href":"https:\/\/archives.regards.fr\/index.php?rest_route=%2Fwp%2Fv2%2Fcomments&post=2947"}],"version-history":[{"count":0,"href":"https:\/\/archives.regards.fr\/index.php?rest_route=\/wp\/v2\/posts\/2947\/revisions"}],"wp:attachment":[{"href":"https:\/\/archives.regards.fr\/index.php?rest_route=%2Fwp%2Fv2%2Fmedia&parent=2947"}],"wp:term":[{"taxonomy":"category","embeddable":true,"href":"https:\/\/archives.regards.fr\/index.php?rest_route=%2Fwp%2Fv2%2Fcategories&post=2947"},{"taxonomy":"post_tag","embeddable":true,"href":"https:\/\/archives.regards.fr\/index.php?rest_route=%2Fwp%2Fv2%2Ftags&post=2947"}],"curies":[{"name":"wp","href":"https:\/\/api.w.org\/{rel}","templated":true}]}}