{"id":2943,"date":"2007-09-01T00:00:00","date_gmt":"2007-08-31T22:00:00","guid":{"rendered":"https:\/\/wp.muchomaas.com\/les-fausses-habiletes-de-sarkozy2943\/"},"modified":"2007-09-01T00:00:00","modified_gmt":"2007-08-31T22:00:00","slug":"les-fausses-habiletes-de-sarkozy2943","status":"publish","type":"post","link":"https:\/\/archives.regards.fr\/?p=2943","title":{"rendered":"Les fausses habilet\u00e9s de Sarkozy"},"content":{"rendered":"<p>Le \u00abpaquet fiscal\u00bb de Sarkozy, son cadeau de bienvenue, pose deux questions  quelle gestion de la lutte des classes, et quelles relations avec les autres bourgeoisies europ\u00e9ennes? Cette terminologie que d&#8217;aucuns jugeront archa\u00efque est pourtant appropri\u00e9e. La loi TEPA (travail, emploi et pouvoir d&#8217;achat) marque en effet une offensive de classe sans complexe qui organise un transfert de grande ampleur en faveur des couches sociales les plus favoris\u00e9es. Certes, cette loi semble marier la carpe et le lapin: bouclier fiscal et  baisse des droits de succession pour les plus riches, cr\u00e9dit d&#8217;imp\u00f4t sur les emprunts pour les \u00abclasses moyennes\u00bb et d\u00e9fiscalisation des heures suppl\u00e9mentaires pour une fraction (d&#8217;ampleur d&#8217;ailleurs ind\u00e9termin\u00e9e) du salariat.<\/p>\n<p>A court terme, cela peut faire une majorit\u00e9. Mais ce court terme ne durera que jusqu&#8217;au prochain budget, puisqu&#8217;il faudra bien financer une partie au moins de ces largesses. Or, tous les moyens envisageables pour le faire vont frapper une autre majorit\u00e9. Avec la TVA sociale, les consommateurs vont voir les prix augmenter, car il y a peu de chances que le gouvernement r\u00e9ussisse \u00e0 convaincre les entreprises de ne pas profiter de l&#8217;aubaine en la r\u00e9percutant dans leurs prix. Les fonctionnaires vont se trouver coinc\u00e9s entre le marteau des r\u00e9ductions d&#8217;effectifs et l&#8217;enclume des heures suppl\u00e9mentaires impossibles \u00e0 payer. Les b\u00e9n\u00e9ficiaires d&#8217;heures suppl\u00e9mentaires vont peu \u00e0 peu d\u00e9couvrir que la contrepartie est une moindre progression du salaire de base, et les salari\u00e9s qui n&#8217;auront pas eu la possibilit\u00e9 de profiter de la manne seront l\u00e9g\u00e8rement aigris. Et tout le monde ou presque p\u00e2tira d&#8217;une nouvelle d\u00e9gradation des services publics et de la S\u00e9curit\u00e9 sociale.<\/p>\n<p>A moyen terme, le programme de Sarkozy, une fois lanc\u00e9, est une machine infernale, dont toutes les pi\u00e8ces s&#8217;imbriquent les unes dans les autres: nouvelle \u00abr\u00e9forme\u00bb des retraites, nouvelle \u00abma\u00eetrise\u00bb des d\u00e9penses de sant\u00e9, nouvelle r\u00e9duction des moyens des services publics, nouveau contrat de travail. On voit bien alors que la base sociale du sarkozysme est destin\u00e9e \u00e0 se r\u00e9tr\u00e9cir comme peau de chagrin. Si la majorit\u00e9 de la population r\u00e9alise qu&#8217;elle paie les cadeaux aux riches, les \u0153ill\u00e8res risquent de tomber assez vite. <\/p>\n<p>Tel est le dilemme de Sarkozy. S&#8217;il cherche \u00e0 faire passer l&#8217;int\u00e9gralit\u00e9 de son programme, il fabrique m\u00e9caniquement une compr\u00e9hension du contenu de sa politique. S&#8217;il y renonce, il perd son cr\u00e9dit politique fond\u00e9 sur l&#8217;id\u00e9e de rupture. Ce ne sont pas quelques Besson ou Hirsch de plus qui suffiront \u00e0 r\u00e9soudre cette \u00e9quation. D&#8217;o\u00f9 la n\u00e9cessit\u00e9 d&#8217;une certaine distance \u00e0 l&#8217;\u00e9gard de l&#8217;orthodoxie europ\u00e9enne. D&#8217;un c\u00f4t\u00e9, on donne un coup de pouce \u00e0 Angela Merkel pour faire passer son trait\u00e9 simplifi\u00e9, mais, de l&#8217;autre, on reporte aux calendes grecques le retour \u00e0 l&#8217;\u00e9quilibre budg\u00e9taire et on institue une TVA sociale. Cette mesure :tr\u00e8s peu coop\u00e9rative: vise \u00e0 reporter sur les autres pays la charge d&#8217;un certain laxisme budg\u00e9taire. L\u00e0 encore, la voie est \u00e9troite car les rodomontades du gouvernement fran\u00e7ais sur la Banque centrale et sa non-gestion de l&#8217;euro sont un pur simulacre dans la mesure o\u00f9 il n&#8217;a ni l&#8217;envie ni les moyens de s&#8217;affranchir durablement du carcan lib\u00e9ral europ\u00e9en.<\/p>\n<p>La reprise \u00e9conomique pourrait desserrer cette contradiction en donnant des marges de man\u0153uvre budg\u00e9taires. Mais il faut compter aussi avec la m\u00e9diocrit\u00e9 du personnel politique: gaffes de Fillon, inconsistance de Besson, souverainisme insultant de Guaino <em> \u00abLe probl\u00e8me de l&#8217;Afrique, c&#8217;est de cesser de toujours r\u00e9p\u00e9ter, de toujours ressasser\u00bb <\/em>, fait-il dire \u00e0 Sarkozy \u00e0 Dakar). Il suffit de lire les articles de Godet qui ont inspir\u00e9 la r\u00e9forme des heures suppl\u00e9mentaires ou encore le discours de Lagarde \u00e0 l&#8217;Assembl\u00e9e(1) pour d\u00e9couvrir que la coh\u00e9rence id\u00e9ologique de Sarkozy est de faible intensit\u00e9. Pour la ministre de l&#8217;Economie, par exemple,<em> \u00abil ne sert \u00e0 rien de se chamailler quand il est l&#8217;heure de travailler\u00bb <\/em>. On est donc assez loin de Gramsci. L&#8217;habilet\u00e9 suppos\u00e9e de Sarkozy ne tiendra pas la distance, et les astuces style \u00abplan Alzheimer pour justifier les franchises\u00bb n&#8217;auront qu&#8217;un temps. La politique de Sarkozy est donc condamn\u00e9e \u00e0 ressouder le camp du travail et fissurer celui du capital. Mais tout d\u00e9pendra des luttes sociales qu&#8217;il trouvera sur son chemin. Et ce n&#8217;est pas une clause de style.   <\/p>\n<p><strong> M.H. <\/strong><\/p>\n<p>Michel Husson est \u00e9conomiste, membre de la Fondation Copernic et du conseil scientifique d&#8217;ATTAC<\/p>\n<p>Paru dans<em> Regards <\/em><\/p>\n","protected":false},"excerpt":{"rendered":"<p>Le \u00abpaquet fiscal\u00bb de Sarkozy, son cadeau de bienvenue, pose deux questions quelle gestion de la lutte des classes, et quelles relations avec les autres bourgeoisies europ\u00e9ennes? Cette terminologie que d&#8217;aucuns jugeront archa\u00efque est pourtant appropri\u00e9e. La loi TEPA (travail, emploi et pouvoir d&#8217;achat) marque en effet une offensive de classe sans complexe qui organise [&hellip;]<\/p>\n","protected":false},"author":1,"featured_media":0,"comment_status":"open","ping_status":"open","sticky":false,"template":"","format":"standard","meta":{"_themeisle_gutenberg_block_has_review":false,"footnotes":""},"categories":[16],"tags":[],"class_list":["post-2943","post","type-post","status-publish","format-standard","hentry","category-michel-husson"],"_links":{"self":[{"href":"https:\/\/archives.regards.fr\/index.php?rest_route=\/wp\/v2\/posts\/2943","targetHints":{"allow":["GET"]}}],"collection":[{"href":"https:\/\/archives.regards.fr\/index.php?rest_route=\/wp\/v2\/posts"}],"about":[{"href":"https:\/\/archives.regards.fr\/index.php?rest_route=\/wp\/v2\/types\/post"}],"author":[{"embeddable":true,"href":"https:\/\/archives.regards.fr\/index.php?rest_route=\/wp\/v2\/users\/1"}],"replies":[{"embeddable":true,"href":"https:\/\/archives.regards.fr\/index.php?rest_route=%2Fwp%2Fv2%2Fcomments&post=2943"}],"version-history":[{"count":0,"href":"https:\/\/archives.regards.fr\/index.php?rest_route=\/wp\/v2\/posts\/2943\/revisions"}],"wp:attachment":[{"href":"https:\/\/archives.regards.fr\/index.php?rest_route=%2Fwp%2Fv2%2Fmedia&parent=2943"}],"wp:term":[{"taxonomy":"category","embeddable":true,"href":"https:\/\/archives.regards.fr\/index.php?rest_route=%2Fwp%2Fv2%2Fcategories&post=2943"},{"taxonomy":"post_tag","embeddable":true,"href":"https:\/\/archives.regards.fr\/index.php?rest_route=%2Fwp%2Fv2%2Ftags&post=2943"}],"curies":[{"name":"wp","href":"https:\/\/api.w.org\/{rel}","templated":true}]}}