{"id":2896,"date":"2007-11-28T00:00:00","date_gmt":"2007-11-27T23:00:00","guid":{"rendered":"https:\/\/wp.muchomaas.com\/les-etudiants-pakistanais2896\/"},"modified":"2007-11-28T00:00:00","modified_gmt":"2007-11-27T23:00:00","slug":"les-etudiants-pakistanais2896","status":"publish","type":"post","link":"https:\/\/archives.regards.fr\/?p=2896","title":{"rendered":"Les \u00e9tudiants pakistanais mobilisent blogs et groupes Facebook contre l&#8217;Etat d&#8217;urgence"},"content":{"rendered":"<p class=\"post_excerpt\"> Le 3 novembre, l&#8217;\u00e9tat d&#8217;urgence est d\u00e9clar\u00e9 au Pakistan par le pr\u00e9sident Pervez  Musharraf. Libert\u00e9s limit\u00e9es, interdiction de se regrouper et de manifester&#8230;la r\u00e9sistance est censur\u00e9e. Seule issue possible : Internet. D\u00e9jouant le musellement des forces arm\u00e9es, les \u00e9tudiants pakistanais s&#8217;organisent et forment progressivement une toile de r\u00e9sistance au fil des annonces-\u00e9clair, des forums et de blogs militants. <\/p>\n<p>Depuis l&#8217;annonce de l&#8217;\u00e9tat d&#8217;urgence, c&#8217;est un v\u00e9ritable mouvement de d\u00e9sob\u00e9issance civile qui se d\u00e9veloppe sur Internet, essentiellement men\u00e9 par la jeunesse pakistanaise. Le blog Emergency Times (Le temps de l&#8217;urgence) voit le jour le 4 novembre et se d\u00e9clare \u00ab Initiative ind\u00e9pendante d&#8217;\u00e9tudiants pakistanais contre l&#8217;injustice et l&#8217;oppression \u00bb. Son cr\u00e9ateur, Ammar, explique : \u00ab J&#8217;ai cr\u00e9e Emergency Times le 4 novembre. C&#8217;est devenu comme un pamphlet pour tout le campus. Quelques jours plus tard j&#8217;envoyais des copies par mail aux autres campus du pays avec des analyses de la situation et des commentaires que nous \u00e9crivions moi et mon \u00e9quipe. Maintenant nous postons de nouvelles infos tous les jours. C&#8217;est un vrai travail quotidien. \u00bb <\/p>\n<p>Les \u00e9tudiants de l&#8217;universit\u00e9 de Management Studies de Lahore, o\u00f9 Ammar fait ses \u00e9tudes, sont \u00e0 la t\u00eate d&#8217;une mobilisation qui dure maintenant depuis plusieurs semaines. Contournant les interdictions de rassemblements politiques, les manifestations \u00e0 Islamabad, Karachi ou Lahore sont annonc\u00e9es \u00e0 la derni\u00e8re minute sur les sites, les forums et les blogs militants. Les \u00ab rassemblements-\u00e9clair \u00bb qui durent 5 \u00e0 10 minutes permettent aux manifestants de se disperser avant l&#8217;arriv\u00e9e de la police. Le 7 novembre, 1 000 \u00e9tudiants ont d\u00e9fier la police dans les rues de Lahore. Le 14 novembre, ils \u00e9taient 3 000 \u00e0 s&#8217;\u00eatre r\u00e9unit publiquement pour acclamer le joueur de cricket Imran Khan qui a appel\u00e9 \u00e0 la d\u00e9sob\u00e9issance avant de se faire arr\u00eater par les forces de l&#8217;ordre. <\/p>\n<p>Facebook, ce nouveau r\u00e9seau social qui fait fureur sur la toile, a vu de nombreux groupes militants se cr\u00e9er durant le mois dernier. Le groupe \u00ab We oppose Emergency in Pakistan \u00bb compte d\u00e9sormais 13 800 membres. Son cr\u00e9ateur, A.F.K, dipl\u00f4m\u00e9 de Oxford et ancien \u00e9l\u00e8ve \u00e0 l&#8217;universit\u00e9 de Lahore, explique comment les \u00e9tudiants se mobilisent partout dans le monde: \u00ab Le groupe Facebook a au d\u00e9part \u00e9t\u00e9 cr\u00e9e  pour organiser des manifestations en Angleterre par l&#8217;interm\u00e9diaire de plusieurs organisations \u00e9tudiantes. Nous avons \u00e9galement lanc\u00e9 une p\u00e9tition en ligne pour demander la restauration de l&#8217;Etat de droit. Nous attendions 10 000 signatures. Des pakistanais du monde entier ont rejoint le groupe et l&#8217;ont utilis\u00e9 pour exprimer leur opinion, envoyer des vid\u00e9os de manifestations. A notre surprise, la p\u00e9tition gagnait 3 signatures par minute ! \u00bb Aujourd&#8217;hui, la p\u00e9tition (www.gopetition.com\/online\/15064.html) compte 16 500 signatures. <\/p>\n<p>Les diff\u00e9rents groupes Facebook permettent aux \u00e9tudiants de d\u00e9battre sur l&#8217;avenir du Pakistan, les partis politiques et la responsabilit\u00e9 des opposants au r\u00e9gime. Malik, sur le blog Emergencypk s&#8217;exprime ainsi : \u00ab D&#8217;abord la CIA g\u00e9nocidaire a mis \u00ab Bush-arrad \u00bb au pouvoir puis Richard Armitage, l&#8217;ancien sous-secr\u00e9taire charg\u00e9 du terrorisme a t\u00e9l\u00e9phon\u00e9 \u00e0 \u00ab Busharraf \u00bb et lui a demand\u00e9 de rejoindre le terrorisme am\u00e9ricain en Afghanistan s&#8217;il ne voulait pas que le Pakistan soit \u00e0 son tour bombard\u00e9 \u00bb Les opinions les plus divers se confrontent, avec parfois des r\u00e9actions assez violentes contre les Etats-Unis et le parti du peuple de Benazir Bhutto.<\/p>\n<p>\u00ab Quand toutes les nouvelles cha\u00eenes ne sont plus que des \u00e9crans noirs, quand la presse \u00e9crite est s\u00e9v\u00e8rement censur\u00e9e, quand les m\u00e9dias \u00e9mis et contr\u00f4l\u00e9s par l&#8217;Etat sont les seules choses qui nous reste, vers quoi d&#8217;autre se tourner ? Le web \u00e9tait le seul m\u00e9dia non censur\u00e9 qu&#8217;il nous restait. \u00bb explique Ammar. Les \u00e9tudiants sont devenus une force d&#8217;opposition indispensable aux c\u00f4t\u00e9s des juges et avocats engag\u00e9s depuis plusieurs mois contre le r\u00e9gime. Mais il ne faut pas oublier que la plupart de la jeunesse pakistanaise habite les campagnes, sans acc\u00e8s \u00e0 Internet. La cyber-r\u00e9sistance reste donc confin\u00e9e \u00e0 la population pakistanaise privil\u00e9gi\u00e9e, celle qui vit dans les villes ou \u00e0 l&#8217;\u00e9tranger.<\/p>\n<p>N\u00e9anmoins, pour A.F.K, la r\u00e9sistance des \u00e9tudiants a d\u00e9j\u00e0 fait beaucoup pour le futur du Pakistan \u00ab En quelques mois, la pression a atteint un tel niveau que le g\u00e9n\u00e9ral Musharraf a accept\u00e9 de rappeler Nawaz Sharif, l&#8217;un de ses anciens rivaux. Le pouvoir du peuple, et surtout celui de la jeunesse, ne peut pas \u00eatre sous-estim\u00e9. \u00bb Ammar est \u00e9galement optimiste pour l&#8217;avenir de son pays : \u00ab Je vois un soul\u00e8vement de la soci\u00e9t\u00e9 pakistanaise qui inaugure une nouvelle \u00e8re de prise de conscience sociale et politique. Je vois la cr\u00e9ation d&#8217;une d\u00e9mocratie, avec des m\u00e9dias et un pouvoir judiciaire ind\u00e9pendants, qui r\u00e9ellement donne du pouvoir au peuple. Beaucoup voient dans ces paroles un id\u00e9alisme fantasque. Mais en cette sombre p\u00e9riode, ces r\u00eaves-l\u00e0 sont le seul carburant capable d&#8217;alimenter notre flamme&#8230; \u00bb<\/p>\n<p>Naike Desquesnes<\/p>\n","protected":false},"excerpt":{"rendered":"<p> Le 3 novembre, l&#8217;\u00e9tat d&#8217;urgence est d\u00e9clar\u00e9 au Pakistan par le pr\u00e9sident Pervez  Musharraf. Libert\u00e9s limit\u00e9es, interdiction de se regrouper et de manifester&#8230;la r\u00e9sistance est censur\u00e9e. Seule issue possible : Internet. D\u00e9jouant le musellement des forces arm\u00e9es, les \u00e9tudiants pakistanais s&#8217;organisent et forment progressivement une toile de r\u00e9sistance au fil des annonces-\u00e9clair, des forums et de blogs militants. <\/p>\n","protected":false},"author":1,"featured_media":0,"comment_status":"open","ping_status":"open","sticky":false,"template":"","format":"standard","meta":{"_themeisle_gutenberg_block_has_review":false,"footnotes":""},"categories":[141],"tags":[298],"class_list":["post-2896","post","type-post","status-publish","format-standard","hentry","category-archives-web","tag-asie"],"_links":{"self":[{"href":"https:\/\/archives.regards.fr\/index.php?rest_route=\/wp\/v2\/posts\/2896","targetHints":{"allow":["GET"]}}],"collection":[{"href":"https:\/\/archives.regards.fr\/index.php?rest_route=\/wp\/v2\/posts"}],"about":[{"href":"https:\/\/archives.regards.fr\/index.php?rest_route=\/wp\/v2\/types\/post"}],"author":[{"embeddable":true,"href":"https:\/\/archives.regards.fr\/index.php?rest_route=\/wp\/v2\/users\/1"}],"replies":[{"embeddable":true,"href":"https:\/\/archives.regards.fr\/index.php?rest_route=%2Fwp%2Fv2%2Fcomments&post=2896"}],"version-history":[{"count":0,"href":"https:\/\/archives.regards.fr\/index.php?rest_route=\/wp\/v2\/posts\/2896\/revisions"}],"wp:attachment":[{"href":"https:\/\/archives.regards.fr\/index.php?rest_route=%2Fwp%2Fv2%2Fmedia&parent=2896"}],"wp:term":[{"taxonomy":"category","embeddable":true,"href":"https:\/\/archives.regards.fr\/index.php?rest_route=%2Fwp%2Fv2%2Fcategories&post=2896"},{"taxonomy":"post_tag","embeddable":true,"href":"https:\/\/archives.regards.fr\/index.php?rest_route=%2Fwp%2Fv2%2Ftags&post=2896"}],"curies":[{"name":"wp","href":"https:\/\/api.w.org\/{rel}","templated":true}]}}