{"id":2888,"date":"2007-11-20T00:00:00","date_gmt":"2007-11-19T23:00:00","guid":{"rendered":"https:\/\/wp.muchomaas.com\/manifestation-massive-des2888\/"},"modified":"2007-11-20T00:00:00","modified_gmt":"2007-11-19T23:00:00","slug":"manifestation-massive-des2888","status":"publish","type":"post","link":"https:\/\/archives.regards.fr\/?p=2888","title":{"rendered":"Manifestation massive des fonctionnaires, cheminots et \u00e9tudiants"},"content":{"rendered":"<p>La jonction entre la gr\u00e8ve des cheminots et la journ\u00e9e d&#8217;action des fonctionnaires a donc bien eu lieu ce mardi 20 novembre. On a d\u00e9nombr\u00e9 quelque 700 000 manifestants dans toute la France, essentiellement des fonctionnaires, accompagn\u00e9s de cheminots et d&#8217;\u00e9tudiants. A Paris, le cort\u00e8ge est parti de la place d&#8217;Italie pour rallier les Invalides et a rassembl\u00e9 au moins 70 000 personnes selon la FSU.<\/p>\n<p>Avec 30 % de gr\u00e9vistes, le taux de participation de la fonction publique \u00e0 ce mouvement est sup\u00e9rieur \u00e0 celui (20 %) de la derni\u00e8re mobilisation sur la m\u00eame question du pouvoir d&#8217;achat qui s&#8217;\u00e9tait d\u00e9roul\u00e9e en f\u00e9vrier dernier. <\/p>\n<p>Dans l&#8217;Education nationale le mouvement a \u00e9t\u00e9 particuli\u00e8rement suivi avec 39 % de gr\u00e9vistes. Mais c&#8217;est au sein du minist\u00e8re du budget, des Comptes publics et de la Fonction publique que les gr\u00e9vistes sont les plus nombreux, avec 49 % de d\u00e9clar\u00e9s. <\/p>\n<p><strong> Entretiens audio : <\/strong><\/p>\n<p><strong> Pour \u00e9couter l&#8217;interview de Jean-Michel Nathanson, porte-parole de Solidaires Fonction publique, cliquer sur <\/strong> <a href=\"IMG\/mp3\/bedouet.mp3\">bedouet.mp3<\/a><\/p>\n<p><strong> Pour \u00e9couter l&#8217;interview de Philippe Guittet, secr\u00e9taire g\u00e9n\u00e9ral du Sundicat national des personnels de direction de l&#8217;\u00e9ducation national (SNPDEN), cliquer sur <\/strong> <a href=\"IMG\/mp3\/solidaires.mp3\">solidaires.mp3<\/a><\/p>\n<p><strong> Pour \u00e9couter l&#8217;interview de Sophie Binet, vice-pr\u00e9sidente de l&#8217;Unef, cliquer sur <\/strong> <a href=\"IMG\/mp3\/snpden.mp3\">snpden.mp3<\/a><\/p>\n<p><strong> Pour \u00e9couter l&#8217;interview de Laura, porte-parole de la coordination nationale \u00e9tudiante, cliquer sur <\/strong> <a href=\"IMG\/mp3\/unef.mp3\">unef.mp3<\/a><\/p>\n","protected":false},"excerpt":{"rendered":"<p>La jonction entre la gr\u00e8ve des cheminots et la journ\u00e9e d&#8217;action des fonctionnaires a donc bien eu lieu ce mardi 20 novembre. On a d\u00e9nombr\u00e9 quelque 700 000 manifestants dans toute la France, essentiellement des fonctionnaires, accompagn\u00e9s de cheminots et d&#8217;\u00e9tudiants. A Paris, le cort\u00e8ge est parti de la place d&#8217;Italie pour rallier les Invalides [&hellip;]<\/p>\n","protected":false},"author":604,"featured_media":0,"comment_status":"open","ping_status":"open","sticky":false,"template":"","format":"standard","meta":{"_themeisle_gutenberg_block_has_review":false,"footnotes":""},"categories":[141],"tags":[311],"class_list":["post-2888","post","type-post","status-publish","format-standard","hentry","category-archives-web","tag-mouvement-social"],"_links":{"self":[{"href":"https:\/\/archives.regards.fr\/index.php?rest_route=\/wp\/v2\/posts\/2888","targetHints":{"allow":["GET"]}}],"collection":[{"href":"https:\/\/archives.regards.fr\/index.php?rest_route=\/wp\/v2\/posts"}],"about":[{"href":"https:\/\/archives.regards.fr\/index.php?rest_route=\/wp\/v2\/types\/post"}],"author":[{"embeddable":true,"href":"https:\/\/archives.regards.fr\/index.php?rest_route=\/wp\/v2\/users\/604"}],"replies":[{"embeddable":true,"href":"https:\/\/archives.regards.fr\/index.php?rest_route=%2Fwp%2Fv2%2Fcomments&post=2888"}],"version-history":[{"count":0,"href":"https:\/\/archives.regards.fr\/index.php?rest_route=\/wp\/v2\/posts\/2888\/revisions"}],"wp:attachment":[{"href":"https:\/\/archives.regards.fr\/index.php?rest_route=%2Fwp%2Fv2%2Fmedia&parent=2888"}],"wp:term":[{"taxonomy":"category","embeddable":true,"href":"https:\/\/archives.regards.fr\/index.php?rest_route=%2Fwp%2Fv2%2Fcategories&post=2888"},{"taxonomy":"post_tag","embeddable":true,"href":"https:\/\/archives.regards.fr\/index.php?rest_route=%2Fwp%2Fv2%2Ftags&post=2888"}],"curies":[{"name":"wp","href":"https:\/\/api.w.org\/{rel}","templated":true}]}}