{"id":2882,"date":"2007-11-14T00:00:00","date_gmt":"2007-11-13T23:00:00","guid":{"rendered":"https:\/\/wp.muchomaas.com\/retraites-reconduction-du2882\/"},"modified":"2007-11-14T00:00:00","modified_gmt":"2007-11-13T23:00:00","slug":"retraites-reconduction-du2882","status":"publish","type":"post","link":"https:\/\/archives.regards.fr\/?p=2882","title":{"rendered":"Retraites : reconduction du mouvement et ouverture de nouvelles n\u00e9gociations"},"content":{"rendered":"<p>Moins suivie que le 18 octobre, la gr\u00e8ve contre la r\u00e9forme des r\u00e9gimes sp\u00e9ciaux de retraite a comme pr\u00e9vu fortement perturb\u00e9 le trafic, mercredi 14 novembre, avec un taux de gr\u00e9vistes de l&#8217;ordre de 61,5 % \u00e0 la SNCF, 44 % \u00e0 la RATP et 37 % \u00e0 EDF-GDF.<\/p>\n<p>La proposition de la CGT de mener des n\u00e9gociations tripartites, au sein de chaque entreprise avec un repr\u00e9sentant de l&#8217;Etat, a fait mouche. De nouvelles perspectives de n\u00e9gociations s&#8217;ouvrent. N\u00e9anmoins, les syndicats entendent maintenir la pression et appellent \u00e0 poursuivre la gr\u00e8ve.<\/p>\n<p>A Paris, la manifestation qui s&#8217;est d\u00e9roul\u00e9e entre la gare Montparnasse et la gare d&#8217;Austerlitz a rassembl\u00e9 entre 5 000, selon la police, et 25 000 personnes selon les syndicats. Le mouvement \u00e9tudiant \u00e9tait \u00e9galement de la partie dans l&#8217;optique de globaliser le conflit contre le gouvernement.<\/p>\n<p><strong> Entretiens audio : <\/strong><\/p>\n<p><strong> Pour \u00e9couter l&#8217;interview de Bernard Thibault, secr\u00e9taire g\u00e9n\u00e9ral de la CGT, cliquer sur <\/strong> <img loading=\"lazy\" decoding=\"async\" class=\" size-full wp-image-14360\" src=\"https:\/\/wp.muchomaas.com\/wp-content\/uploads\/2007\/11\/metallos8-d0b.jpg\" alt=\"metallos8.jpg\" width=\"666\" height=\"500\" srcset=\"https:\/\/archives.regards.fr\/wp-content\/uploads\/2007\/11\/metallos8-d0b.jpg 666w, https:\/\/archives.regards.fr\/wp-content\/uploads\/2007\/11\/metallos8-d0b-300x225.jpg 300w\" sizes=\"auto, (max-width: 666px) 100vw, 666px\" \/><\/p>\n<p><strong> Pour \u00e9couter l&#8217;interview d&#8217;Annick Coup\u00e9, porta-parole de l&#8217;Union syndicale Solidaires, cliquer sur <\/strong> <a href=\"IMG\/mp3\/tibaultcgt.mp3\">tibaultcgt.mp3<\/a><\/p>\n<p><strong> Pour \u00e9couter l&#8217;interview de Jean-Charles Kermin, secr\u00e9taire g\u00e9n\u00e9ral du syndicat CGT de la DIT (direction l&#8217;informatique et des t\u00e9l\u00e9communications EDF-GDF), cliquer sur <\/strong> <a href=\"IMG\/mp3\/coupesolidaires.mp3\">coupesolidaires.mp3<\/a><\/p>\n<p><strong> Pour \u00e9couter l&#8217;interview de Fabien Villedieu, d\u00e9l\u00e9gu\u00e9 du personnel SUD-Rail, cliquer sur <\/strong> <a href=\"IMG\/mp3\/edf.mp3\">edf.mp3<\/a><\/p>\n<p><strong> Pour \u00e9couter l&#8217;interview de Philippe M\u00e9nard, secr\u00e9taire f\u00e9d\u00e9ral de la f\u00e9d\u00e9ration FO des cheminots, cliquer sur <\/strong> <a href=\"IMG\/mp3\/sudrail.mp3\">sudrail.mp3<\/a><\/p>\n<p><strong> Pour \u00e9couter l&#8217;interview de Nicolas, porte-parole du comit\u00e9 de mobilisation de l&#8217;universit\u00e9 de Paris 7, syndiqu\u00e9 \u00e0 l&#8217;Unef et militant JCR, cliquer sur <\/strong> <a href=\"IMG\/mp3\/focheminots.mp3\">focheminots.mp3<\/a><\/p>\n<p><strong> Pour \u00e9couter l&#8217;interview de Julien, porte-parole du comit\u00e9 de mobilisation de l&#8217;universit\u00e9 de Paris 8, cliquer sur <\/strong> <a href=\"IMG\/mp3\/paris7.mp3\">paris7.mp3<\/a><\/p>\n<p><strong> Pour \u00e9couter l&#8217;interview de Germain Fliaoche, membre du bureau national de l&#8217;Unef, cliquer sur <\/strong> <a href=\"IMG\/mp3\/paris8.mp3\">paris8.mp3<\/a><\/p>\n<p><strong> Pour \u00e9couter l&#8217;interview de Victor, tr\u00e9sorier de l&#8217;Unef, cliquer sur <\/strong> <a href=\"IMG\/mp3\/unef1.mp3\">unef1.mp3<\/a><\/p>\n<p><strong> Pour \u00e9couter l&#8217;interview d&#8217;Elsa Sabado, militante de l&#8217;Unef, ainsi que des slogans de la coordination nationale \u00e9tudiante, cliquer sur <\/strong> <a href=\"IMG\/mp3\/unef3.mp3\">unef3.mp3<\/a><\/p>\n","protected":false},"excerpt":{"rendered":"<p>Moins suivie que le 18 octobre, la gr\u00e8ve contre la r\u00e9forme des r\u00e9gimes sp\u00e9ciaux de retraite a comme pr\u00e9vu fortement perturb\u00e9 le trafic, mercredi 14 novembre, avec un taux de gr\u00e9vistes de l&#8217;ordre de 61,5 % \u00e0 la SNCF, 44 % \u00e0 la RATP et 37 % \u00e0 EDF-GDF. La proposition de la CGT de [&hellip;]<\/p>\n","protected":false},"author":604,"featured_media":14360,"comment_status":"open","ping_status":"open","sticky":false,"template":"","format":"standard","meta":{"_themeisle_gutenberg_block_has_review":false,"footnotes":""},"categories":[141],"tags":[311],"class_list":["post-2882","post","type-post","status-publish","format-standard","has-post-thumbnail","hentry","category-archives-web","tag-mouvement-social"],"_links":{"self":[{"href":"https:\/\/archives.regards.fr\/index.php?rest_route=\/wp\/v2\/posts\/2882","targetHints":{"allow":["GET"]}}],"collection":[{"href":"https:\/\/archives.regards.fr\/index.php?rest_route=\/wp\/v2\/posts"}],"about":[{"href":"https:\/\/archives.regards.fr\/index.php?rest_route=\/wp\/v2\/types\/post"}],"author":[{"embeddable":true,"href":"https:\/\/archives.regards.fr\/index.php?rest_route=\/wp\/v2\/users\/604"}],"replies":[{"embeddable":true,"href":"https:\/\/archives.regards.fr\/index.php?rest_route=%2Fwp%2Fv2%2Fcomments&post=2882"}],"version-history":[{"count":0,"href":"https:\/\/archives.regards.fr\/index.php?rest_route=\/wp\/v2\/posts\/2882\/revisions"}],"wp:featuredmedia":[{"embeddable":true,"href":"https:\/\/archives.regards.fr\/index.php?rest_route=\/wp\/v2\/media\/14360"}],"wp:attachment":[{"href":"https:\/\/archives.regards.fr\/index.php?rest_route=%2Fwp%2Fv2%2Fmedia&parent=2882"}],"wp:term":[{"taxonomy":"category","embeddable":true,"href":"https:\/\/archives.regards.fr\/index.php?rest_route=%2Fwp%2Fv2%2Fcategories&post=2882"},{"taxonomy":"post_tag","embeddable":true,"href":"https:\/\/archives.regards.fr\/index.php?rest_route=%2Fwp%2Fv2%2Ftags&post=2882"}],"curies":[{"name":"wp","href":"https:\/\/api.w.org\/{rel}","templated":true}]}}