{"id":2871,"date":"2007-10-26T00:00:00","date_gmt":"2007-10-25T22:00:00","guid":{"rendered":"https:\/\/wp.muchomaas.com\/classement-mondial-de-la-liberte2871\/"},"modified":"2007-10-26T00:00:00","modified_gmt":"2007-10-25T22:00:00","slug":"classement-mondial-de-la-liberte2871","status":"publish","type":"post","link":"https:\/\/archives.regards.fr\/?p=2871","title":{"rendered":"Classement mondial de la libert\u00e9 de la presse : la France reste \u00e0 la tra\u00eene"},"content":{"rendered":"<p class=\"post_excerpt\"> Reporters sans fronti\u00e8res (RSF) vient de publier son classement annuel de la libert\u00e9 de la presse dans le monde : la France figure \u00e0 la 31e place. Perquisitions, agressions et cas de censure expliquent en partie cette position consternante. <\/p>\n<p>Pour la sixi\u00e8me ann\u00e9e cons\u00e9cutive, l&#8217;organisation non gouvernementale Reporters sans fronti\u00e8res (RSF) a recens\u00e9 tout ce qui a pu perturber les journalistes dans l&#8217;exercice de leur m\u00e9tiers afin de dresser un palmar\u00e8s de la libert\u00e9 de la presse dans le monde. Avec les bons et les mauvais \u00e9l\u00e8ves. Bien que subjectif, ce classement \u00e0 la renomm\u00e9e internationale a pour principal vocation d&#8217;interpeller l&#8217;opinion publique et de susciter le d\u00e9bat. Encore faut-il rappeler qu&#8217;il se trouve rigoureusement encadr\u00e9 par une cinquantaine de crit\u00e8res. Et non des moindres : agressions, emprisonnements, menaces, droit d&#8217;investigation, poursuites judiciaires jug\u00e9es excessives, mises en examen, surveillance polici\u00e8re, cas de censure ou d&#8217;autocensure, pressions \u00e9conomiques et administratives, monopole d&#8217;Etat sur les m\u00e9dias ou les fournisseurs d&#8217;acc\u00e8s \u00e0 internet&#8230; Autant d&#8217;informations collect\u00e9es ici et ailleurs via un r\u00e9seau d&#8217;organisations partenaires (15 associations de d\u00e9fense de la libert\u00e9 d&#8217;expression dispers\u00e9es sur les cinq continents), une centaine de correspondants, des journalistes, des chercheurs, des juristes ou des militants des droits de l&#8217;homme.<\/p>\n<p>La p\u00e9riode prise en compte s&#8217;\u00e9tend du 1er septembre 2006 au 1er septembre 2007. Si l&#8217;Islande (1er), la Norv\u00e8ge (2e) et l&#8217;Estonie (3e) atteignent le podium, le Turkm\u00e9nistan (167e), la Cor\u00e9e du Nord (168e) et l&#8217;Erythr\u00e9e (169e) cl\u00f4turent le classement. A moins d&#8217;un an des Jeux Olympiques de P\u00e9kin, la Chine pointe \u00e0 la 163 place. Quant \u00e0 la France, RSF lui attribue le 31e rang, soit six points de mieux qu&#8217;en 2006. Pas de quoi fanfaronner. Les raisons d&#8217;un tel naufrage ?<\/p>\n<p>&#8211; une tentative de perquisition au<em> Canard encha\u00een\u00e9 <\/em> dans le cadre de l&#8217;affaire Clearstream.<\/p>\n<p>&#8211; les plaintes pour diffamation contre le journaliste d&#8217;investigation Denis Robert, toujours dans le cadre de l&#8217;affaire Clearstream.<\/p>\n<p>&#8211; une perquisition dans les locaux de France 3 \u00e0 la suite d&#8217;un reportage sur les faucheurs d&#8217;OGM. La r\u00e9daction avait refus\u00e9 de livrer les bandes de la cassette que la police souhaitait visionner.<\/p>\n<p>&#8211; l&#8217;agression en octobre 2006 d&#8217;une \u00e9quipe de journalistes de France 2 lors d&#8217;un reportage \u00e0 Clichy-sous-Bois.<\/p>\n<p>&#8211; la mise en examen de trois journalistes du<em> Midi libre <\/em> qui avaient rendu public un pr\u00e9-rapport de la chambre r\u00e9gionale des comptes et refus\u00e9 de r\u00e9v\u00e9l\u00e9 leurs sources au juge.<\/p>\n<p>&#8211; le cas de censure au<em> Journal du dimanche <\/em> sur l&#8217;abstention de vote de C\u00e9cilia Sarkozy au second tour de l&#8217;\u00e9lection pr\u00e9sidentielle.<\/p>\n<p>Pour Jean-Fran\u00e7ois Julliard, responsable de l&#8217;information et de la recherche \u00e0 RSF,<em> \u00ab le probl\u00e8me structurel le plus pr\u00e9occupant reste encore le secret des sources des journalistes. Ce droit n&#8217;est pas assez prot\u00e9g\u00e9 par la loi fran\u00e7aise \u00bb <\/em>. Durant sa campagne, Nicolas Sarkozy s&#8217;\u00e9tait d&#8217;ailleurs engag\u00e9 \u00e0 renforcer la protection du secret des sources des journalistes. RSF est actuellement en discussion avec le cabinet de la garde des Sceaux Rachida Dati. Affaire \u00e0 suivre&#8230;<\/p>\n<p><strong> Entretien audio : <\/strong><\/p>\n<p><strong> Pour \u00e9couter l&#8217;interview de Jean-Fran\u00e7ois Julliard, responsable de l&#8217;information et de la recherche \u00e0 Reporters sans fronti\u00e8res (RSF), cliquer sur <\/strong> <a href=\"IMG\/mp3\/trouve.mp3\">trouve.mp3<\/a><\/p>\n<p>Plus d&#8217;informations sur http:\/\/www.rsf.org\/rubrique.php3?id_rubrique=19<\/p>\n","protected":false},"excerpt":{"rendered":"<p> Reporters sans fronti\u00e8res (RSF) vient de publier son classement annuel de la libert\u00e9 de la presse dans le monde : la France figure \u00e0 la 31e place. Perquisitions, agressions et cas de censure expliquent en partie cette position consternante. <\/p>\n","protected":false},"author":604,"featured_media":0,"comment_status":"open","ping_status":"open","sticky":false,"template":"","format":"standard","meta":{"_themeisle_gutenberg_block_has_review":false,"footnotes":""},"categories":[141],"tags":[287],"class_list":["post-2871","post","type-post","status-publish","format-standard","hentry","category-archives-web","tag-medias"],"_links":{"self":[{"href":"https:\/\/archives.regards.fr\/index.php?rest_route=\/wp\/v2\/posts\/2871","targetHints":{"allow":["GET"]}}],"collection":[{"href":"https:\/\/archives.regards.fr\/index.php?rest_route=\/wp\/v2\/posts"}],"about":[{"href":"https:\/\/archives.regards.fr\/index.php?rest_route=\/wp\/v2\/types\/post"}],"author":[{"embeddable":true,"href":"https:\/\/archives.regards.fr\/index.php?rest_route=\/wp\/v2\/users\/604"}],"replies":[{"embeddable":true,"href":"https:\/\/archives.regards.fr\/index.php?rest_route=%2Fwp%2Fv2%2Fcomments&post=2871"}],"version-history":[{"count":0,"href":"https:\/\/archives.regards.fr\/index.php?rest_route=\/wp\/v2\/posts\/2871\/revisions"}],"wp:attachment":[{"href":"https:\/\/archives.regards.fr\/index.php?rest_route=%2Fwp%2Fv2%2Fmedia&parent=2871"}],"wp:term":[{"taxonomy":"category","embeddable":true,"href":"https:\/\/archives.regards.fr\/index.php?rest_route=%2Fwp%2Fv2%2Fcategories&post=2871"},{"taxonomy":"post_tag","embeddable":true,"href":"https:\/\/archives.regards.fr\/index.php?rest_route=%2Fwp%2Fv2%2Ftags&post=2871"}],"curies":[{"name":"wp","href":"https:\/\/api.w.org\/{rel}","templated":true}]}}