{"id":2870,"date":"2007-10-25T00:00:00","date_gmt":"2007-10-24T22:00:00","guid":{"rendered":"https:\/\/wp.muchomaas.com\/aung-san-suu-kyi-12-ans-de2870\/"},"modified":"2007-10-25T00:00:00","modified_gmt":"2007-10-24T22:00:00","slug":"aung-san-suu-kyi-12-ans-de2870","status":"publish","type":"post","link":"https:\/\/archives.regards.fr\/?p=2870","title":{"rendered":"Aung San Suu Kyi : 12 ans de privation de libert\u00e9"},"content":{"rendered":"<p class=\"post_excerpt\"> Faible mobilisation \u00e0 Paris lors de la journ\u00e9e internationale d&#8217;action en faveur de la d\u00e9mocratie en Birmanie. Une vingtaine de manifestants seulement se sont rassembl\u00e9s,  mercredi 24 octobre, devant le si\u00e8ge social de Total bas\u00e9 \u00e0 la D\u00e9fense. Parmi eux,  Info Birmanie, la F\u00e9d\u00e9ration internationale des droits de l&#8217;homme (FIDH), l&#8217;Alliance des femmes et Europe solidaire sans fronti\u00e8res (ESSF) ont r\u00e9pondu pr\u00e9sent \u00e0 l&#8217;appel lanc\u00e9 par la communaut\u00e9 birmane de France. <\/p>\n<p>Celle que l&#8217;on surnomme  la dame de Rangoun entame donc sa douzi\u00e8me ann\u00e9e d&#8217;assignation \u00e0 r\u00e9sidence. Aung San Suu Kyi, prix Nobel de la paix, leader de la Ligue Nationale pour la D\u00e9mocratie, n&#8217;a pour l&#8217;heure toujours aucun contact avec l&#8217;ext\u00e9rieur. Une absurdit\u00e9 pour celle qui a remport\u00e9 en 1990 les derni\u00e8res \u00e9lections d\u00e9mocratiques du pays. Elle n&#8217;avait d&#8217;ailleurs pas h\u00e9sit\u00e9 \u00e0 qualifier Total de \u00ab plus fort soutien du syst\u00e8me militaire birman \u00bb. Et pour cause puisque les recettes du projet Yadana d&#8217;exploitation du gaz, dont le principal op\u00e9rateur est Total, ont rapport\u00e9 \u00e0 la junte militaire au pouvoir quelque 350 millions d&#8217;euros en 2006. De quoi maintenir une cinglante oppression du peuple birman qui ne tire, lui, aucun b\u00e9n\u00e9fice de cette activit\u00e9 industrielle. <\/p>\n<p>Or, malgr\u00e9 les avertissements de la communaut\u00e9 internationale et les sanctions \u00e9conomiques prises par l&#8217;Union europ\u00e9enne (interdiction d&#8217;importations touchant le bois, les pierres pr\u00e9cieuses et les m\u00e9taux), la junte poursuit la repression. Pire, elle estime n&#8217;avoir \u00ab aucune raison de changer de direction \u00bb, qu&#8217;il faut \u00ab \u00e9carter tous les obstacles qui seraient plac\u00e9s devant \u00bb elle. En refusant de geler ses investissements, le groupe p\u00e9trolier fran\u00e7ais Total se rend ainsi complice d&#8217;un r\u00e9gime dont les exactions sont une injure aux droits de l&#8217;homme les plus \u00e9l\u00e9mentaires : d\u00e9tentions arbitraires, tortures, travail forc\u00e9, absence de libert\u00e9 d&#8217;expression&#8230;<\/p>\n<p><strong> Entretiens audio : <\/strong><\/p>\n<p><strong> Pour \u00e9couter l&#8217;interview d&#8217;Achras Sebbahi, charg\u00e9e de mission \u00e0 l&#8217;association Info Birmanie, cliquer sur <\/strong> <a href=\"IMG\/mp3\/birmanie.mp3\">birmanie.mp3<\/a><\/p>\n<p><strong> Pour \u00e9couter l&#8217;interview de Souhayr Belhassen, pr\u00e9sidente de la F\u00e9d\u00e9ration internationale des droits de l&#8217;homme (FIDH), cliquer sur <\/strong> <a href=\"IMG\/mp3\/fidh.mp3\">fidh.mp3<\/a><\/p>\n<p><strong> Pour \u00e9couter l&#8217;interview de Pierre Rousset, porte-parole de l&#8217;association Europe solidaire sans fronti\u00e8res (ESSF), cliquer sur <\/strong> <a href=\"IMG\/mp3\/rousset.mp3\">rousset.mp3<\/a><\/p>\n<p><strong> Pour \u00e9couter l&#8217;interview d&#8217;Annie Schmitt, militante de l&#8217;Alliance des femmes, cliquer sur <\/strong> <a href=\"IMG\/mp3\/femmes.mp3\">femmes.mp3<\/a><\/p>\n<p><strong> Pour \u00e9couter l&#8217;interview de Jane Birkin, cliquer sur <\/strong> <a href=\"IMG\/mp3\/birkin.mp3\">birkin.mp3<\/a><\/p>\n<p>Pour <strong> signer la p\u00e9tition de soutien aux d\u00e9mocrates birman <\/strong>, cliquer sur http:\/\/www.info-birmanie.org\/content\/view\/34\/54\/<\/p>\n","protected":false},"excerpt":{"rendered":"<p> Faible mobilisation \u00e0 Paris lors de la journ\u00e9e internationale d&#8217;action en faveur de la d\u00e9mocratie en Birmanie. Une vingtaine de manifestants seulement se sont rassembl\u00e9s,  mercredi 24 octobre, devant le si\u00e8ge social de Total bas\u00e9 \u00e0 la D\u00e9fense. Parmi eux,  Info Birmanie, la F\u00e9d\u00e9ration internationale des droits de l&#8217;homme (FIDH), l&#8217;Alliance des femmes et Europe solidaire sans fronti\u00e8res (ESSF) ont r\u00e9pondu pr\u00e9sent \u00e0 l&#8217;appel lanc\u00e9 par la communaut\u00e9 birmane de France. <\/p>\n","protected":false},"author":604,"featured_media":0,"comment_status":"open","ping_status":"open","sticky":false,"template":"","format":"standard","meta":{"_themeisle_gutenberg_block_has_review":false,"footnotes":""},"categories":[141],"tags":[298],"class_list":["post-2870","post","type-post","status-publish","format-standard","hentry","category-archives-web","tag-asie"],"_links":{"self":[{"href":"https:\/\/archives.regards.fr\/index.php?rest_route=\/wp\/v2\/posts\/2870","targetHints":{"allow":["GET"]}}],"collection":[{"href":"https:\/\/archives.regards.fr\/index.php?rest_route=\/wp\/v2\/posts"}],"about":[{"href":"https:\/\/archives.regards.fr\/index.php?rest_route=\/wp\/v2\/types\/post"}],"author":[{"embeddable":true,"href":"https:\/\/archives.regards.fr\/index.php?rest_route=\/wp\/v2\/users\/604"}],"replies":[{"embeddable":true,"href":"https:\/\/archives.regards.fr\/index.php?rest_route=%2Fwp%2Fv2%2Fcomments&post=2870"}],"version-history":[{"count":0,"href":"https:\/\/archives.regards.fr\/index.php?rest_route=\/wp\/v2\/posts\/2870\/revisions"}],"wp:attachment":[{"href":"https:\/\/archives.regards.fr\/index.php?rest_route=%2Fwp%2Fv2%2Fmedia&parent=2870"}],"wp:term":[{"taxonomy":"category","embeddable":true,"href":"https:\/\/archives.regards.fr\/index.php?rest_route=%2Fwp%2Fv2%2Fcategories&post=2870"},{"taxonomy":"post_tag","embeddable":true,"href":"https:\/\/archives.regards.fr\/index.php?rest_route=%2Fwp%2Fv2%2Ftags&post=2870"}],"curies":[{"name":"wp","href":"https:\/\/api.w.org\/{rel}","templated":true}]}}