{"id":2866,"date":"2007-10-22T00:00:00","date_gmt":"2007-10-21T22:00:00","guid":{"rendered":"https:\/\/wp.muchomaas.com\/panos-joue-la-carte-de-la2866\/"},"modified":"2007-10-22T00:00:00","modified_gmt":"2007-10-21T22:00:00","slug":"panos-joue-la-carte-de-la2866","status":"publish","type":"post","link":"https:\/\/archives.regards.fr\/?p=2866","title":{"rendered":"Panos joue la carte de la diversit\u00e9"},"content":{"rendered":"<p class=\"post_excerpt\"> L&#8217;Institut Panos Paris a organis\u00e9 \u00e0 Radio France, mardi 16 octobre, la rencontre \u00ab media en duo pour la diversit\u00e9 \u00bb. L&#8217;occasion de donner une plus grande visibilit\u00e9 \u00e0 cette collaboration entre les m\u00e9dias de masse et les m\u00e9dia alternatifs. Et de pr\u00e9senter le MediaDiv, premier r\u00e9pertoire des organes de presse issus de la diversit\u00e9. <\/p>\n<p>Lanc\u00e9e il y a trois ans par l&#8217;Institut Panos Paris, ONG cr\u00e9\u00e9e en 1986 sp\u00e9cialis\u00e9e dans l&#8217;appui au pluralisme m\u00e9diatique, l&#8217;op\u00e9ration \u00ab media en duo pour la diversit\u00e9 \u00bb a visiblement port\u00e9 ses fruits. Une initiative atypique consistant \u00e0 former des bin\u00f4mes de journalistes compl\u00e9mentaires dans le but de produire des  reportages sur des sujets de soci\u00e9t\u00e9 comme l&#8217;immigration ou le militantisme. \u00ab Au d\u00e9part, l&#8217;id\u00e9e de Panos \u00e9tait de contribuer \u00e0 la construction d&#8217;un rapport plus \u00e9galitaire entre les m\u00e9dias dits grand public et les m\u00e9dias issus de la diversit\u00e9, explique Claire Frachon, chef de projets du programme Migrations internationale et m\u00e9dia \/ Mediam&#8217;Rad. Nous avons donc incit\u00e9 Liberation \u00e0 s&#8217;associer \u00e0 Fumig\u00e8ne, La Vie \u00e0 Respect magazine, France Culture \u00e0 Africa num\u00e9ro 1, France Inter \u00e0 Radio Orient, Beur FM \u00e0 RFO, France Info \u00e0 Radio Campus Dijon&#8230;\u00bb. Quelque 14 duos se sont ainsi constitu\u00e9s dans l&#8217;optique de croiser les regards et les pratiques d&#8217;un professionnel des m\u00e9dias ind\u00e9pendants et d&#8217;un professionnel des m\u00e9dias dominants. Via des sujets magazine intitul\u00e9s \u00ab le blues des enfants \u00e0 charge \u00bb, \u00ab militants et croyants : les deux faces d&#8217;un engagement \u00bb, \u00ab l&#8217;apprentissage de la langue fran\u00e7aise \u00e0 l&#8217;\u00e9cole \u00bb, \u00ab portraits de retrait\u00e9s maghr\u00e9bins et antillais \u00bb, \u00ab Seine-Saint-Denis cherche m\u00e9decins d\u00e9sesp\u00e9rement \u00bb, \u00ab la diversit\u00e9 dans les diff\u00e9rents partis politiques, des candidats alibis ? \u00bb, \u00abThomas Sankara, 20\u00e8 anniversaire de son assassinat\u00bb.<\/p>\n<p><strong> Une collaboration fructueuse <\/strong> <\/p>\n<p>Et \u00e7a marche. Le r\u00e9sultat a \u00e9t\u00e9 convaincant lors de la pr\u00e9sentation de ce partenariat au public dans les studios de Radio France. Chaque duo est venu t\u00e9moigner des enrichissements et enseignements mutuels qu&#8217;une telle pratique a su apporter : retour sur la pr\u00e9paration des interviews, identification des sources communes d&#8217;informations, \u00e9changes de contacts, montages de reportages audio \u00e0 deux voix ou r\u00e9daction d&#8217;articles \u00e0 quatre mains, puis diffusion en parall\u00e8le dans les deux m\u00e9dias associ\u00e9s. Nul doute que chaque journaliste a appris de l&#8217;autre. C&#8217;est en tout cas ce qui ressort de cette journ\u00e9e avec le souhait aussi de renouveler l&#8217;exp\u00e9rience. L&#8217;Institut Panos Paris carresse d&#8217;ailleurs le r\u00eave d&#8217;\u00e9tendre le projet \u00e0 l&#8217;\u00e9chelle europ\u00e9enne. \u00ab Les m\u00e9dias grand public ont int\u00e9r\u00eat \u00e0 collaborer avec les m\u00e9dias \u00e0 l&#8217;audience plus cibl\u00e9e et inversement, tant sur des aspects tecnhiques que sur des questions de choix \u00e9ditoraux \u00bb, r\u00e9sume Reynald Blion, directeur du programme migrations internationales &#038; media \/ Mediam&#8217;Rad de l&#8217;Institut Panos Paris. <\/p>\n<p><strong> Pour \u00e9couter l&#8217;interview de Reynald Blion <\/strong>, cliquer sur <img decoding=\"async\" src=\"IMG\/jpg\/manif5.jpg\" alt=\"manif5.jpg\" \/><\/p>\n<p>Pour sa part, le journaliste de Fumig\u00e8ne Rapha\u00ebl Yem a collabor\u00e9 avec le journaliste de Liberation Jacky Durand sur une s\u00e9rie de six articles intitul\u00e9\u00e9 \u00ab La banlieue mate Sarkozy \u00bb. Soit un retour en banlieue apr\u00e8s la campagne pr\u00e9sidentielle du candidat de l&#8217;UMP. <strong> Pour \u00e9couter un extrait de son intervention \u00e0 Radio France <\/strong>, cliquer sur <a href=\"IMG\/mp3\/blion.mp3\">blion.mp3<\/a><\/p>\n<p><strong> Une alternative au Media Sigle <\/strong><\/p>\n<p>L&#8217;Institut Panos Paris vient \u00e9galement de publier le MediaDiv, premier annuaire des m\u00e9dias des diversit\u00e9s produits et diffus\u00e9s en France. Au total, c&#8217;est plus de 80 titres de presse \u00e9crite, 60 sites d&#8217;informations en ligne, 80 radios et une dizaine de cha\u00eenes de t\u00e9l\u00e9vision qui sont r\u00e9pertori\u00e9s sous forme de fiches synth\u00e9tiques. <\/p>\n<p>\u00ab Cet outil de travail s&#8217;adresse d&#8217;abord aux professionnels des m\u00e9dias, de la communication et du marketing, aux d\u00e9cideurs politiques et au milieu associatif. Mais il constitue par ailleurs une plate-forme o\u00f9 convergent d&#8217;autres regards sur les probl\u00e9matiques contemporaines de l&#8217;int\u00e9gration, la lutte contre les discrimination, l&#8217;\u00e9galit\u00e9 des chances, et plus largement sur la politique et les relations interculturelles internationales \u00bb, assure Nedjma Meknache-Boumaza, charg\u00e9e de mission du programme Mime (Migrations internationales et m\u00e9dia). Programme dont l&#8217;objectif est \u00ab d&#8217;accro\u00eetre le pluralisme des opinions sur les dynamiques des migrations internationales en leur donnant une plus grande visibilit\u00e9 \u00bb.<\/p>\n<p><strong> Pour \u00e9couter l&#8217;interview audio de  Nedjma Meknache-Boumaza <\/strong>, cliquer sur <a href=\"IMG\/mp3\/fumigene.mp3\">fumigene.mp3<\/a><\/p>\n","protected":false},"excerpt":{"rendered":"<p> L&#8217;Institut Panos Paris a organis\u00e9 \u00e0 Radio France, mardi 16 octobre, la rencontre \u00ab media en duo pour la diversit\u00e9 \u00bb. L&#8217;occasion de donner une plus grande visibilit\u00e9 \u00e0 cette collaboration entre les m\u00e9dias de masse et les m\u00e9dia alternatifs. Et de pr\u00e9senter le MediaDiv, premier r\u00e9pertoire des organes de presse issus de la diversit\u00e9. <\/p>\n","protected":false},"author":604,"featured_media":0,"comment_status":"open","ping_status":"open","sticky":false,"template":"","format":"standard","meta":{"_themeisle_gutenberg_block_has_review":false,"footnotes":""},"categories":[141],"tags":[287],"class_list":["post-2866","post","type-post","status-publish","format-standard","hentry","category-archives-web","tag-medias"],"_links":{"self":[{"href":"https:\/\/archives.regards.fr\/index.php?rest_route=\/wp\/v2\/posts\/2866","targetHints":{"allow":["GET"]}}],"collection":[{"href":"https:\/\/archives.regards.fr\/index.php?rest_route=\/wp\/v2\/posts"}],"about":[{"href":"https:\/\/archives.regards.fr\/index.php?rest_route=\/wp\/v2\/types\/post"}],"author":[{"embeddable":true,"href":"https:\/\/archives.regards.fr\/index.php?rest_route=\/wp\/v2\/users\/604"}],"replies":[{"embeddable":true,"href":"https:\/\/archives.regards.fr\/index.php?rest_route=%2Fwp%2Fv2%2Fcomments&post=2866"}],"version-history":[{"count":0,"href":"https:\/\/archives.regards.fr\/index.php?rest_route=\/wp\/v2\/posts\/2866\/revisions"}],"wp:attachment":[{"href":"https:\/\/archives.regards.fr\/index.php?rest_route=%2Fwp%2Fv2%2Fmedia&parent=2866"}],"wp:term":[{"taxonomy":"category","embeddable":true,"href":"https:\/\/archives.regards.fr\/index.php?rest_route=%2Fwp%2Fv2%2Fcategories&post=2866"},{"taxonomy":"post_tag","embeddable":true,"href":"https:\/\/archives.regards.fr\/index.php?rest_route=%2Fwp%2Fv2%2Ftags&post=2866"}],"curies":[{"name":"wp","href":"https:\/\/api.w.org\/{rel}","templated":true}]}}