{"id":2864,"date":"2007-10-18T00:00:00","date_gmt":"2007-10-17T22:00:00","guid":{"rendered":"https:\/\/wp.muchomaas.com\/une-greve-historique2864\/"},"modified":"2023-06-23T23:06:11","modified_gmt":"2023-06-23T21:06:11","slug":"une-greve-historique2864","status":"publish","type":"post","link":"https:\/\/archives.regards.fr\/?p=2864","title":{"rendered":"Une gr\u00e8ve historique"},"content":{"rendered":"<p>A Paris, la journ\u00e9e nationale de manifestation du 18 octobre pour la d\u00e9fense des r\u00e9gimes sp\u00e9ciaux des retraites a rassembl\u00e9 plus de 20 000 personnes. Le taux de participation de gr\u00e9vistes de la RATP et de la SNCF a d\u00e9pass\u00e9e les 70 %. Du jamais vu depuis la gr\u00e8ve des cheminots de 1995. Une r\u00e9ussite qui place les organistaions syndicales en position de force pour l&#8217;ouverture de n\u00e9gociations la semaine prochaine avec le ministre du travail Xavier Bertrand. En attendant, la f\u00e9d\u00e9ration des syndicats SUD-Rail appelle \u00e0 poursuivre le mouvement. La CGT  souhaite s&#8217;appuyer sur cette mobilisation sans pr\u00e9c\u00e9dent pour \u00e9largir le mouvement \u00e0 d&#8217;autres cat\u00e9gories de salari\u00e9s.  L&#8217;Unsa (Union nationale des syndicats autonomes) et Sud pr\u00f4nent \u00ab une gr\u00e8ve reconductible jusqu&#8217;\u00e0 satisfaction \u00bb. Un bras de fer s&#8217;engage d\u00e9sormais entre les syndicats et le gouvernement. Une \u00e9tape avant la r\u00e9forme du r\u00e9gime g\u00e9n\u00e9ral pr\u00e9vue en 2008&#8230;  <\/p>\n<p><strong> Entretiens audio : <\/strong><\/p>\n<p>Pour \u00e9couter l&#8217;interview de <strong> Bernard Thibault, s\u00e9cr\u00e9taire g\u00e9n\u00e9ral CGT <\/strong>, cliquer sur <a href=\"IMG\/mp3\/annick.mp3\">annick.mp3<\/a><\/p>\n<p>Pour \u00e9couter l&#8217;interview de <strong> Nathalie Bonnet, secr\u00e9taire f\u00e9d\u00e9ral SUD Rail <\/strong>, cliquer sur <a href=\"IMG\/mp3\/thibault.mp3\">thibault.mp3<\/a> <\/p>\n<p>Pour \u00e9couter l&#8217;interview d&#8217;<strong> Arnaud Morvan, secr\u00e9taire g\u00e9n\u00e9al CFDT Cheminots <\/strong>, cliquer sur <a href=\"IMG\/mp3\/bonnet.mp3\">bonnet.mp3<\/a><\/p>\n<p>Pour \u00e9couter l&#8217;interview de <strong> Jean-Daniel Bigarne, secr\u00e9taire g\u00e9n\u00e9ral UNSA Cheminots <\/strong>, cliquer sur <a href=\"IMG\/mp3\/morvan.mp3\">morvan.mp3<\/a><\/p>\n<p>Pour \u00e9couter des <strong> slogans de la manifestation <\/strong>, cliquer sur <a href=\"IMG\/mp3\/bigarne.mp3\">bigarne.mp3<\/a><\/p>\n<p><strong> Diaporama photos : <\/strong><\/p>\n<p>1) cliquer sur <a href=\"IMG\/mp3\/manif.mp3\">manif.mp3<\/a><\/p>\n<p>2) cliquer sur <img loading=\"lazy\" decoding=\"async\" class=\" size-full wp-image-14344\" src=\"https:\/\/wp.muchomaas.com\/wp-content\/uploads\/2007\/10\/manif1-c7f.jpg\" alt=\"manif1.jpg\" width=\"666\" height=\"500\" srcset=\"https:\/\/archives.regards.fr\/wp-content\/uploads\/2007\/10\/manif1-c7f.jpg 666w, https:\/\/archives.regards.fr\/wp-content\/uploads\/2007\/10\/manif1-c7f-300x225.jpg 300w\" sizes=\"auto, (max-width: 666px) 100vw, 666px\" \/><\/p>\n<p>3) cliquer sur <img loading=\"lazy\" decoding=\"async\" class=\" size-full wp-image-14345\" src=\"https:\/\/wp.muchomaas.com\/wp-content\/uploads\/2007\/10\/manif2-805.jpg\" alt=\"manif2.jpg\" width=\"666\" height=\"500\" srcset=\"https:\/\/archives.regards.fr\/wp-content\/uploads\/2007\/10\/manif2-805.jpg 666w, https:\/\/archives.regards.fr\/wp-content\/uploads\/2007\/10\/manif2-805-300x225.jpg 300w\" sizes=\"auto, (max-width: 666px) 100vw, 666px\" \/><\/p>\n<p>4) cliquer sur <img loading=\"lazy\" decoding=\"async\" class=\" size-full wp-image-14346\" src=\"https:\/\/wp.muchomaas.com\/wp-content\/uploads\/2007\/10\/manif3-bd3.jpg\" alt=\"manif3.jpg\" width=\"666\" height=\"500\" srcset=\"https:\/\/archives.regards.fr\/wp-content\/uploads\/2007\/10\/manif3-bd3.jpg 666w, https:\/\/archives.regards.fr\/wp-content\/uploads\/2007\/10\/manif3-bd3-300x225.jpg 300w\" sizes=\"auto, (max-width: 666px) 100vw, 666px\" \/><\/p>\n<p>5) cliquer sur <img loading=\"lazy\" decoding=\"async\" class=\" size-full wp-image-14347\" src=\"https:\/\/wp.muchomaas.com\/wp-content\/uploads\/2007\/10\/manif4-0f1.jpg\" alt=\"manif4.jpg\" width=\"666\" height=\"500\" srcset=\"https:\/\/archives.regards.fr\/wp-content\/uploads\/2007\/10\/manif4-0f1.jpg 666w, https:\/\/archives.regards.fr\/wp-content\/uploads\/2007\/10\/manif4-0f1-300x225.jpg 300w\" sizes=\"auto, (max-width: 666px) 100vw, 666px\" \/><div id='gallery-1' class='gallery galleryid-2864 gallery-columns-3 gallery-size-thumbnail'><figure class='gallery-item'>\n\t\t\t<div class='gallery-icon landscape'>\n\t\t\t\t<a href='https:\/\/archives.regards.fr\/wp-content\/uploads\/2023\/06\/manif1-478.jpg'><img loading=\"lazy\" decoding=\"async\" width=\"150\" height=\"150\" src=\"https:\/\/archives.regards.fr\/wp-content\/uploads\/2023\/06\/manif1-478-150x150.jpg\" class=\"attachment-thumbnail size-thumbnail\" alt=\"manif1.jpg\" \/><\/a>\n\t\t\t<\/div><\/figure><figure class='gallery-item'>\n\t\t\t<div class='gallery-icon landscape'>\n\t\t\t\t<a href='https:\/\/archives.regards.fr\/wp-content\/uploads\/2023\/06\/manif2-002.jpg'><img loading=\"lazy\" decoding=\"async\" width=\"150\" height=\"150\" src=\"https:\/\/archives.regards.fr\/wp-content\/uploads\/2023\/06\/manif2-002-150x150.jpg\" class=\"attachment-thumbnail size-thumbnail\" alt=\"manif2.jpg\" \/><\/a>\n\t\t\t<\/div><\/figure><figure class='gallery-item'>\n\t\t\t<div class='gallery-icon landscape'>\n\t\t\t\t<a href='https:\/\/archives.regards.fr\/wp-content\/uploads\/2023\/06\/manif3-3d4.jpg'><img loading=\"lazy\" decoding=\"async\" width=\"150\" height=\"150\" src=\"https:\/\/archives.regards.fr\/wp-content\/uploads\/2023\/06\/manif3-3d4-150x150.jpg\" class=\"attachment-thumbnail size-thumbnail\" alt=\"manif3.jpg\" \/><\/a>\n\t\t\t<\/div><\/figure><figure class='gallery-item'>\n\t\t\t<div class='gallery-icon landscape'>\n\t\t\t\t<a href='https:\/\/archives.regards.fr\/wp-content\/uploads\/2023\/06\/manif4-8f6.jpg'><img loading=\"lazy\" decoding=\"async\" width=\"150\" height=\"150\" src=\"https:\/\/archives.regards.fr\/wp-content\/uploads\/2023\/06\/manif4-8f6-150x150.jpg\" class=\"attachment-thumbnail size-thumbnail\" alt=\"manif4.jpg\" \/><\/a>\n\t\t\t<\/div><\/figure>\n\t\t<\/div>\n<\/p>\n","protected":false},"excerpt":{"rendered":"<p>A Paris, la journ\u00e9e nationale de manifestation du 18 octobre pour la d\u00e9fense des r\u00e9gimes sp\u00e9ciaux des retraites a rassembl\u00e9 plus de 20 000 personnes. Le taux de participation de gr\u00e9vistes de la RATP et de la SNCF a d\u00e9pass\u00e9e les 70 %. Du jamais vu depuis la gr\u00e8ve des cheminots de 1995. Une r\u00e9ussite [&hellip;]<\/p>\n","protected":false},"author":604,"featured_media":14344,"comment_status":"open","ping_status":"open","sticky":false,"template":"","format":"standard","meta":{"_themeisle_gutenberg_block_has_review":false,"footnotes":""},"categories":[141],"tags":[311],"class_list":["post-2864","post","type-post","status-publish","format-standard","has-post-thumbnail","hentry","category-archives-web","tag-mouvement-social"],"_links":{"self":[{"href":"https:\/\/archives.regards.fr\/index.php?rest_route=\/wp\/v2\/posts\/2864","targetHints":{"allow":["GET"]}}],"collection":[{"href":"https:\/\/archives.regards.fr\/index.php?rest_route=\/wp\/v2\/posts"}],"about":[{"href":"https:\/\/archives.regards.fr\/index.php?rest_route=\/wp\/v2\/types\/post"}],"author":[{"embeddable":true,"href":"https:\/\/archives.regards.fr\/index.php?rest_route=\/wp\/v2\/users\/604"}],"replies":[{"embeddable":true,"href":"https:\/\/archives.regards.fr\/index.php?rest_route=%2Fwp%2Fv2%2Fcomments&post=2864"}],"version-history":[{"count":0,"href":"https:\/\/archives.regards.fr\/index.php?rest_route=\/wp\/v2\/posts\/2864\/revisions"}],"wp:featuredmedia":[{"embeddable":true,"href":"https:\/\/archives.regards.fr\/index.php?rest_route=\/wp\/v2\/media\/14344"}],"wp:attachment":[{"href":"https:\/\/archives.regards.fr\/index.php?rest_route=%2Fwp%2Fv2%2Fmedia&parent=2864"}],"wp:term":[{"taxonomy":"category","embeddable":true,"href":"https:\/\/archives.regards.fr\/index.php?rest_route=%2Fwp%2Fv2%2Fcategories&post=2864"},{"taxonomy":"post_tag","embeddable":true,"href":"https:\/\/archives.regards.fr\/index.php?rest_route=%2Fwp%2Fv2%2Ftags&post=2864"}],"curies":[{"name":"wp","href":"https:\/\/api.w.org\/{rel}","templated":true}]}}