{"id":2863,"date":"2007-10-17T00:00:00","date_gmt":"2007-10-16T22:00:00","guid":{"rendered":"https:\/\/wp.muchomaas.com\/articuler-dialogue-et-mobilisation2863\/"},"modified":"2007-10-17T00:00:00","modified_gmt":"2007-10-16T22:00:00","slug":"articuler-dialogue-et-mobilisation2863","status":"publish","type":"post","link":"https:\/\/archives.regards.fr\/?p=2863","title":{"rendered":"Articuler dialogue et mobilisation sociale"},"content":{"rendered":"<p class=\"post_excerpt\"> Annick Coup\u00e9, porte-parole de l&#8217;Union syndicale Solidaires : \u00ab Sarkozy instrumentalise les syndicats en leur imposant un calendrier de r\u00e9formes \u00bb <\/p>\n<p>Cadeaux fiscaux, remise en cause du droit de gr\u00e8ve, privatisation progressive des universit\u00e9s, loi sur l&#8217;immigration aux relents x\u00e9nophobes, instauration de franchises m\u00e9dicales&#8230; Quand il s&#8217;agit de d\u00e9manteler les acquis sociaux, Nicolas Sarkozy est un homme press\u00e9. \u00ab A l&#8217;offensive \u00bb, comme l&#8217;explique Annick Coup\u00e9, porte-parole de l&#8217;Union syndicale Solidaires : \u00ab Nous sommes confront\u00e9s \u00e0 un pr\u00e9sident omnipr\u00e9sent sur les terrains sociaux qui joue la montre. Sa strat\u00e9gie consiste \u00e0 fixer de mani\u00e8re autoritaire le calendrier des r\u00e9formes pour en finir au plus vite avec ce qu&#8217;il nous reste de principes de solidarit\u00e9. Au fond, il instrumentalise le mouvement syndical en l&#8217;engluant dans le cadre d&#8217;un pseudo dialogue social \u00bb. Un dialogue social qui reste \u00ab un march\u00e9 de dupes destin\u00e9 \u00e0 flatter les syndicats pour mieux temp\u00e9rer leurs ardeurs \u00bb, d\u00e9nonce Annick Coup\u00e9. Car il ne faut pas s&#8217;y tromper. Quand elles d\u00e9laissent le bitume pour r\u00e9pondre \u00e0 l&#8217;invitation du gouvernement Fillon, les forces syndicales n&#8217;ont pas de r\u00e9elles marges de manoeuvre pour n\u00e9gocier face \u00e0 un Medef acquis \u00e0 la cause sarkozyenne. \u00ab Il est important de rester lucide dans un contexte global o\u00f9 il n&#8217;existe pour le moment aucune opposition politique constructive \u00e0 gauche, capable de d\u00e9jouer les plans d&#8217;un pr\u00e9sident qui n&#8217;a jamais \u00e9t\u00e9 aussi li\u00e9 aux int\u00e9r\u00eats du patronat. Je trouve assez dramatique qu&#8217;il n&#8217;y ait pas encore eu de fronde suffisamment importante pour nous donner du poids lors de ces n\u00e9gociations \u00bb.<\/p>\n<p>Alors comment r\u00e9sister face \u00e0 ce rouleau compresseur ultralib\u00e9ral ? Pour Annick Coup\u00e9, \u00ab la question de la conflictualit\u00e9 doit s&#8217;articuler entre dialogue et mobilisation sociale \u00bb. La journ\u00e9e du 18 octobre pour la d\u00e9fense des r\u00e9gimes sp\u00e9ciaux donnerait-elle justement l&#8217;occasion d&#8217;organiser une premi\u00e8re riposte massive ? \u00ab Les syndicats ne se concertent pas entre eux. Et cette absence de d\u00e9bat intersyndical alimente les divisions. L&#8217;organisation d&#8217;une r\u00e9sistance m\u00eame partielle lanc\u00e9e le 18 octobre, \u00e0 l&#8217;initiative des cheminots, doit montrer qu&#8217;il est encore possible de faire reculer le gouvernement. Du moins de desserrer l&#8217;\u00e9tau dans lequel Sarkozy souhaite nous enfermer \u00bb, avertit la porte-parole de Solidaires. Car si ce dernier s&#8217;attelle aujourd&#8217;hui \u00e0 r\u00e9former les r\u00e9gimes sp\u00e9ciaux des retraites, il en sera de m\u00eame pour le r\u00e9gime g\u00e9n\u00e9ral. D&#8217;ailleurs, le premier ministre Fran\u00e7ois Fillon se dit pr\u00eat \u00e0 remettre en question l&#8217;accord de 2003 afin d&#8217;imposer 41 annuit\u00e9s de cotisation, voire 42 anuit\u00e9s comme le r\u00e9clame le Medef dans les secteurs priv\u00e9s et publics.<\/p>\n<p>A d\u00e9faut de trouver une convergence \u00e0 l&#8217;ensemble des luttes sociales, il est donc n\u00e9cessaire d&#8217;obtenir des r\u00e9sultats concrets. Question de pragmatisme. A l&#8217;image du retrait du contrat premi\u00e8re embauche (CPE) au printemps 2006, les protestations ponctuelles doivent reposer sur un mot d&#8217;ordre pr\u00e9cis pour aboutir. Ici, c&#8217;est le maintien aux 37,5 annuit\u00e9s dont il est question. \u00ab Nous avons assist\u00e9 \u00e0 une rentr\u00e9e sociale pour le moins frileuse. Et nous faisons un bien mauvais calcul en ne parvenant pas \u00e0 surmonter nos divergences \u00bb, regrette Annick Coup\u00e9 qui se r\u00e9jouit n\u00e9anmoins que des unions d\u00e9partementales CGT-Solidaires-FSU-FO soient mises en place le 18 octobre. Et de conclure sur une note plus optimiste : \u00ab La contestation peut se manifester autrement que par un mouvement de gr\u00e8ve puisque les conflits d&#8217;int\u00e9r\u00eats existent au sein m\u00eame des entreprises : c&#8217;est aussi dans les milieux professionnels que peuvent na\u00eetre les r\u00e9voltes citoyennes  \u00bb.<\/p>\n<p><strong> Entretien audio : <\/strong><\/p>\n<p><strong> Pour \u00e9couter l&#8217;interview d&#8217;Annick Coup\u00e9, cliquer sur <\/strong> <a href=\"IMG\/mp3\/perreira.mp3\">perreira.mp3<\/a><\/p>\n","protected":false},"excerpt":{"rendered":"<p> Annick Coup\u00e9, porte-parole de l&#8217;Union syndicale Solidaires : \u00ab Sarkozy instrumentalise les syndicats en leur imposant un calendrier de r\u00e9formes \u00bb <\/p>\n","protected":false},"author":604,"featured_media":0,"comment_status":"open","ping_status":"open","sticky":false,"template":"","format":"standard","meta":{"_themeisle_gutenberg_block_has_review":false,"footnotes":""},"categories":[141],"tags":[311],"class_list":["post-2863","post","type-post","status-publish","format-standard","hentry","category-archives-web","tag-mouvement-social"],"_links":{"self":[{"href":"https:\/\/archives.regards.fr\/index.php?rest_route=\/wp\/v2\/posts\/2863","targetHints":{"allow":["GET"]}}],"collection":[{"href":"https:\/\/archives.regards.fr\/index.php?rest_route=\/wp\/v2\/posts"}],"about":[{"href":"https:\/\/archives.regards.fr\/index.php?rest_route=\/wp\/v2\/types\/post"}],"author":[{"embeddable":true,"href":"https:\/\/archives.regards.fr\/index.php?rest_route=\/wp\/v2\/users\/604"}],"replies":[{"embeddable":true,"href":"https:\/\/archives.regards.fr\/index.php?rest_route=%2Fwp%2Fv2%2Fcomments&post=2863"}],"version-history":[{"count":0,"href":"https:\/\/archives.regards.fr\/index.php?rest_route=\/wp\/v2\/posts\/2863\/revisions"}],"wp:attachment":[{"href":"https:\/\/archives.regards.fr\/index.php?rest_route=%2Fwp%2Fv2%2Fmedia&parent=2863"}],"wp:term":[{"taxonomy":"category","embeddable":true,"href":"https:\/\/archives.regards.fr\/index.php?rest_route=%2Fwp%2Fv2%2Fcategories&post=2863"},{"taxonomy":"post_tag","embeddable":true,"href":"https:\/\/archives.regards.fr\/index.php?rest_route=%2Fwp%2Fv2%2Ftags&post=2863"}],"curies":[{"name":"wp","href":"https:\/\/api.w.org\/{rel}","templated":true}]}}