{"id":2861,"date":"2007-10-17T00:00:00","date_gmt":"2007-10-16T22:00:00","guid":{"rendered":"https:\/\/wp.muchomaas.com\/petition-pour-le-melies-a2861\/"},"modified":"2007-10-17T00:00:00","modified_gmt":"2007-10-16T22:00:00","slug":"petition-pour-le-melies-a2861","status":"publish","type":"post","link":"https:\/\/archives.regards.fr\/?p=2861","title":{"rendered":"P\u00e9tition pour le M\u00e9li\u00e8s \u00e0 Montreuil"},"content":{"rendered":"<p class=\"post_excerpt\"> Les r\u00e9alisateurs soutiennent le projet des salles de cin\u00e9ma art et essai contre l&#8217;offensive UGC par ce texte de soutien adress\u00e9 au CNC et au tribunal administratif, sign\u00e9 par la quasi-totalit\u00e9 des distributeurs du champ de l&#8217;art et essai en France et par une soixantaine de r\u00e9alisateurs du monde entier. <\/p>\n<p>Afin de mettre en \u0153uvre une v\u00e9ritable politique de la ville et d\u00e9fendre une culture vivante, \u00e0 l&#8217;oppos\u00e9 des logiques de ghettos sociaux, \u00e9ducatifs, g\u00e9ographiques ou ethniques, il est d\u00e9cisif de d\u00e9velopper des lieux ouverts \u00e0 tous et exigeants, qui manifestent avec acharnement que l&#8217;art est n\u00e9cessaire pour interroger notre pr\u00e9sence au monde et favoriser la coh\u00e9sion sociale ; des lieux publics o\u00f9 s&#8217;\u00e9prouve, par la vision commune et le d\u00e9bat nourri, la communaut\u00e9 des spectateurs, donc des citoyens.<\/p>\n<p>Au c\u0153ur de ce projet culturel et politique s&#8217;affirme la conviction qu&#8217;il est important de d\u00e9fendre un cin\u00e9ma de proximit\u00e9 de grande qualit\u00e9 dans une zone relativement d\u00e9favoris\u00e9e et d&#8217;inciter, par le m\u00eame geste, la population parisienne \u00e0 fr\u00e9quenter cette banlieue dont les m\u00e9dias s&#8217;obstinent \u00e0 ignorer la richesse culturelle.<\/p>\n<p>Pour ce complexe art et essai, la ville de Montreuil-sous-Bois (Seine-Saint-Denis), entend fermement conserver les trois labels, attribu\u00e9s par le CNC, qui distinguent aujourd&#8217;hui le travail du M\u00e9li\u00e8s en direction du \u00abjeune public\u00bb, tout comme sa valorisation du cin\u00e9ma de \u00abrecherche\u00bb, de \u00abd\u00e9couverte\u00bb, de \u00abr\u00e9pertoire\u00bb et de \u00abpatrimoine\u00bb. Le passage de trois \u00e0 six salles permettra d&#8217;amplifier cet effort.<\/p>\n<p>En s&#8217;engageant \u00e0 ne pas projeter plus de films qu&#8217;aujourd&#8217;hui mais \u00e0 les exposer mieux, c&#8217;est-\u00e0-dire plus souvent et plus longtemps, le M\u00e9li\u00e8s veut lutter, \u00e0 sa mani\u00e8re, contre la rotation acc\u00e9l\u00e9r\u00e9e des films qui favorise la fr\u00e9quentation d&#8217;impulsion initi\u00e9e par le marketing et la communication des grands m\u00e9dias, au d\u00e9triment du bouche-\u00e0-oreille et du *cin\u00e9ma le plus exigeant. Pour rester dans une logique qui se veut s\u00e9lective, fond\u00e9e sur l&#8217;appr\u00e9ciation subjective et n\u00e9anmoins ouverte de films r\u00e9ellement vus, donc pour ne pas se perdre dans l&#8217;illusion de servir sans point de vue chaque semaine \u00abtoute l&#8217;actualit\u00e9 du cin\u00e9ma\u00bb, deux de ces six salles seront consacr\u00e9es \u00e0 la fois au cin\u00e9ma de r\u00e9pertoire (avec une vis\u00e9e p\u00e9dagogique revendiqu\u00e9e dans la cit\u00e9 de Georges M\u00e9li\u00e8s et des studios Path\u00e9) et \u00e0 la prolongation de films de qualit\u00e9 au-del\u00e0 des deux ou trois semaines rituelles qui les voient parfois \u00eatre chass\u00e9s simultan\u00e9ment de tous les \u00e9crans des grands circuits parisiens.<\/p>\n<p>Nous, r\u00e9alisateurs et distributeurs ind\u00e9pendants, avons aujourd&#8217;hui besoin de lieux d&#8217;exception qui soutiennent ainsi nos \u0153uvres, non pas les yeux des programmateurs riv\u00e9s sur le seul box-office, mais subjectivement, passionn\u00e9ment. Ainsi ne voyons-nous nulle contradiction, bien au contraire, dans le fait que ce projet soit municipal et qu&#8217;il puisse \u00eatre encourag\u00e9 par l&#8217;Etat. Son statut de salle publique garantit des prix de place raisonnables pour la rendre accessible au plus grand nombre et particuli\u00e8rement aux classes et \u00e9coles envers lesquelles un travail syst\u00e9matique d&#8217;accompagnement des films est r\u00e9alis\u00e9.<\/p>\n<p>En ces temps d\u00e9pourvus d&#8217;audace o\u00f9 la notion d&#8217;\u0153uvre est r\u00e9duite \u00e0 celle de produit de consommation, le cin\u00e9ma d&#8217;auteur et les salles art et essai les plus entreprenantes sont engag\u00e9s dans un m\u00eame combat pour la qualit\u00e9, la diversit\u00e9 et le respect de la libert\u00e9 commune des cr\u00e9ateurs et des spectateurs. N&#8217;est-ce pas cette exigence, ce refus du renoncement \u00e0 la passivit\u00e9, autrement dit \u00e0 la seule loi du march\u00e9, qu&#8217;il est urgent de promouvoir dans le cadre d&#8217;une r\u00e9elle politique culturelle ? <\/p>\n<p>Les r\u00e9alisateurs solidaires : Theo Angelopoulos, S\u00f3lveig Anspach, Olivier Assayas, Jacques Audiard, Catherine Breillat, Dominique Cabrera, Laurent Cantet, Leos Carax, Jean-Louis Comolli, Catherine Corsini, Jean-Pierre et Luc Dardenne, Claire Denis, Arnaud Desplechin, Olivier Ducastel, Pascale Ferran, Abel Ferrara, Jacques-R\u00e9my Girerd, Philippe Grandrieux, Robert Gu\u00e9diguian, Hou Hsiao-hsien, Alejandro Gonz\u00e1lez I\u00f1\u00e1rritu, Beno\u00eet Jacquot, Jia Zhang-ke, Abbas Kiarostami, C\u00e9dric Klapisch, Nicolas Klotz, Jeanne Labrune, Isild Le Besco, No\u00e9mie Lvovsky, David Lynch, Tonie Marshall, Dominik Moll, Murali Nair, Fran\u00e7ois Ozon, Bruno Podalyd\u00e8s, Nicolas Philibert, Carlos Reygadas, Francesco Rosi, Abderrahmane Sissako, Bertrand Tavernier, Tsai Ming-liang, Agn\u00e8s Varda, Wim Wenders, Wong Kar-wai&#8230;<\/p>\n<p><strong> L&#8217;association Renc&#8217;Art vient de lancer une p\u00e9tition contre les recours d\u00e9pos\u00e9s par les groupes UGC et MK2 devant le tribunal administratif de Cergy-Pontoise pour tenter de bloquer le transfert et l&#8217;extension du cin\u00e9ma municipal Georges M\u00e9li\u00e8s de Montreuil. <\/strong><\/p>\n<p><strong> Pour signer la p\u00e9tition <\/strong> : http:\/\/www.rencartaumelies.fr\/dossiers.html<\/p>\n","protected":false},"excerpt":{"rendered":"<p> Les r\u00e9alisateurs soutiennent le projet des salles de cin\u00e9ma art et essai contre l&#8217;offensive UGC par ce texte de soutien adress\u00e9 au CNC et au tribunal administratif, sign\u00e9 par la quasi-totalit\u00e9 des distributeurs du champ de l&#8217;art et essai en France et par une soixantaine de r\u00e9alisateurs du monde entier. <\/p>\n","protected":false},"author":1,"featured_media":0,"comment_status":"open","ping_status":"open","sticky":false,"template":"","format":"standard","meta":{"_themeisle_gutenberg_block_has_review":false,"footnotes":""},"categories":[141],"tags":[299,336],"class_list":["post-2861","post","type-post","status-publish","format-standard","hentry","category-archives-web","tag-cinema","tag-montreuil"],"_links":{"self":[{"href":"https:\/\/archives.regards.fr\/index.php?rest_route=\/wp\/v2\/posts\/2861","targetHints":{"allow":["GET"]}}],"collection":[{"href":"https:\/\/archives.regards.fr\/index.php?rest_route=\/wp\/v2\/posts"}],"about":[{"href":"https:\/\/archives.regards.fr\/index.php?rest_route=\/wp\/v2\/types\/post"}],"author":[{"embeddable":true,"href":"https:\/\/archives.regards.fr\/index.php?rest_route=\/wp\/v2\/users\/1"}],"replies":[{"embeddable":true,"href":"https:\/\/archives.regards.fr\/index.php?rest_route=%2Fwp%2Fv2%2Fcomments&post=2861"}],"version-history":[{"count":0,"href":"https:\/\/archives.regards.fr\/index.php?rest_route=\/wp\/v2\/posts\/2861\/revisions"}],"wp:attachment":[{"href":"https:\/\/archives.regards.fr\/index.php?rest_route=%2Fwp%2Fv2%2Fmedia&parent=2861"}],"wp:term":[{"taxonomy":"category","embeddable":true,"href":"https:\/\/archives.regards.fr\/index.php?rest_route=%2Fwp%2Fv2%2Fcategories&post=2861"},{"taxonomy":"post_tag","embeddable":true,"href":"https:\/\/archives.regards.fr\/index.php?rest_route=%2Fwp%2Fv2%2Ftags&post=2861"}],"curies":[{"name":"wp","href":"https:\/\/api.w.org\/{rel}","templated":true}]}}