{"id":2856,"date":"2007-10-10T00:00:00","date_gmt":"2007-10-09T22:00:00","guid":{"rendered":"https:\/\/wp.muchomaas.com\/expulsion-des-campeurs-de-la-rue2856\/"},"modified":"2007-10-10T00:00:00","modified_gmt":"2007-10-09T22:00:00","slug":"expulsion-des-campeurs-de-la-rue2856","status":"publish","type":"post","link":"https:\/\/archives.regards.fr\/?p=2856","title":{"rendered":"Expulsion des campeurs de la rue de la banque"},"content":{"rendered":"<p>Une cinquantaine de tentes avaient \u00e9t\u00e9 d\u00e9ploy\u00e9es en face de l&#8217;immeuble occup\u00e9 par le Minist\u00e8re de la crise du logement afin de r\u00e9clamer des mesures d&#8217;urgence pour les mal-log\u00e9s : r\u00e9fugi\u00e9s, sans-papiers, SDF, \u00e9tudiants&#8230; Mais le mouvement initi\u00e9 par Jean-Baptiste Eyraud, porte-parole du DAL (Droit au logement) n&#8217;a pu aboutir. Mercredi 10 octobre en effet, les forces de police sont intervenues pour la troisi\u00e8me fois, vers 5 heures, \u00ab avec une brutalit\u00e9 qui pourrait avoir des cons\u00e9quences sur le plan psychologique \u00bb,  souligne Jean-Baptiste Eyraud pr\u00e9sent lors de l&#8217;expulsion. <\/p>\n<p>Leurs mat\u00e9riels confisqu\u00e9s, les familles ont n\u00e9anmoins tenu une assembl\u00e9e g\u00e9n\u00e9rale pour donner suite \u00e0 leurs revendications : 100 000 logements sociaux par l&#8217;interm\u00e9diaire de l&#8217;application de la loi sur les r\u00e9quisitions de logements vacants. \u00ab Aujourd&#8217;hui en France, on ne construit pas, on d\u00e9truit, temp\u00eate  Jean-Baptiste Eyraud. La politique de la ville du gouvernement Sarkozy consiste \u00e0 nourrir la rente locative lucrative et \u00e0 cantonner les familles les plus d\u00e9munies aux centres d&#8217;accueil. Il ne s&#8217;agit pas de loger les gens, mais de les h\u00e9berger temporairement \u00bb. Et de brocarder le projet de la ministre du Logement Christine Boutin de \u00ab financer sur cinq ans des mobil-homes en rase campagne ou dans les zones inondables \u00bb. Autrement dit, installer de nouvelles cit\u00e9s de transit&#8230;   <\/p>\n<p>Pour \u00e9couter <strong> l&#8217;entretien audio de Jean-Baptiste Eyraud <\/strong> r\u00e9alis\u00e9 par R\u00e9mi Douat, cliquer sur <doc><\/p>\n","protected":false},"excerpt":{"rendered":"<p>Une cinquantaine de tentes avaient \u00e9t\u00e9 d\u00e9ploy\u00e9es en face de l&#8217;immeuble occup\u00e9 par le Minist\u00e8re de la crise du logement afin de r\u00e9clamer des mesures d&#8217;urgence pour les mal-log\u00e9s : r\u00e9fugi\u00e9s, sans-papiers, SDF, \u00e9tudiants&#8230; Mais le mouvement initi\u00e9 par Jean-Baptiste Eyraud, porte-parole du DAL (Droit au logement) n&#8217;a pu aboutir. Mercredi 10 octobre en effet, [&hellip;]<\/p>\n","protected":false},"author":1,"featured_media":0,"comment_status":"open","ping_status":"open","sticky":false,"template":"","format":"standard","meta":{"_themeisle_gutenberg_block_has_review":false,"footnotes":""},"categories":[141],"tags":[297],"class_list":["post-2856","post","type-post","status-publish","format-standard","hentry","category-archives-web","tag-inegalites"],"_links":{"self":[{"href":"https:\/\/archives.regards.fr\/index.php?rest_route=\/wp\/v2\/posts\/2856","targetHints":{"allow":["GET"]}}],"collection":[{"href":"https:\/\/archives.regards.fr\/index.php?rest_route=\/wp\/v2\/posts"}],"about":[{"href":"https:\/\/archives.regards.fr\/index.php?rest_route=\/wp\/v2\/types\/post"}],"author":[{"embeddable":true,"href":"https:\/\/archives.regards.fr\/index.php?rest_route=\/wp\/v2\/users\/1"}],"replies":[{"embeddable":true,"href":"https:\/\/archives.regards.fr\/index.php?rest_route=%2Fwp%2Fv2%2Fcomments&post=2856"}],"version-history":[{"count":0,"href":"https:\/\/archives.regards.fr\/index.php?rest_route=\/wp\/v2\/posts\/2856\/revisions"}],"wp:attachment":[{"href":"https:\/\/archives.regards.fr\/index.php?rest_route=%2Fwp%2Fv2%2Fmedia&parent=2856"}],"wp:term":[{"taxonomy":"category","embeddable":true,"href":"https:\/\/archives.regards.fr\/index.php?rest_route=%2Fwp%2Fv2%2Fcategories&post=2856"},{"taxonomy":"post_tag","embeddable":true,"href":"https:\/\/archives.regards.fr\/index.php?rest_route=%2Fwp%2Fv2%2Ftags&post=2856"}],"curies":[{"name":"wp","href":"https:\/\/api.w.org\/{rel}","templated":true}]}}