{"id":285,"date":"2016-01-31T21:17:48","date_gmt":"2016-01-31T20:17:48","guid":{"rendered":"https:\/\/wp.muchomaas.com\/breve-jean-luc-melenchon-285\/"},"modified":"2016-01-31T21:17:48","modified_gmt":"2016-01-31T20:17:48","slug":"breve-jean-luc-melenchon-285","status":"publish","type":"post","link":"https:\/\/archives.regards.fr\/?p=285","title":{"rendered":"Jean-Luc M\u00e9lenchon"},"content":{"rendered":"<p><em>\u00ab\u00a0Maintenant que tous les d\u00e9go\u00fbt\u00e9s sont partis<\/em> [du gouvernement]<em>, il ne reste que les d\u00e9go\u00fbtants. \u00bb <\/em> (JDD, 31\/01\/2016)<\/p>\n","protected":false},"excerpt":{"rendered":"<p>\u00ab\u00a0Maintenant que tous les d\u00e9go\u00fbt\u00e9s sont partis [du gouvernement], il ne reste que les d\u00e9go\u00fbtants. \u00bb (JDD, 31\/01\/2016)<\/p>\n","protected":false},"author":1,"featured_media":0,"comment_status":"open","ping_status":"open","sticky":false,"template":"","format":"standard","meta":{"_themeisle_gutenberg_block_has_review":false,"footnotes":""},"categories":[284],"tags":[],"class_list":["post-285","post","type-post","status-publish","format-standard","hentry","category-declarama-breves"],"_links":{"self":[{"href":"https:\/\/archives.regards.fr\/index.php?rest_route=\/wp\/v2\/posts\/285","targetHints":{"allow":["GET"]}}],"collection":[{"href":"https:\/\/archives.regards.fr\/index.php?rest_route=\/wp\/v2\/posts"}],"about":[{"href":"https:\/\/archives.regards.fr\/index.php?rest_route=\/wp\/v2\/types\/post"}],"author":[{"embeddable":true,"href":"https:\/\/archives.regards.fr\/index.php?rest_route=\/wp\/v2\/users\/1"}],"replies":[{"embeddable":true,"href":"https:\/\/archives.regards.fr\/index.php?rest_route=%2Fwp%2Fv2%2Fcomments&post=285"}],"version-history":[{"count":0,"href":"https:\/\/archives.regards.fr\/index.php?rest_route=\/wp\/v2\/posts\/285\/revisions"}],"wp:attachment":[{"href":"https:\/\/archives.regards.fr\/index.php?rest_route=%2Fwp%2Fv2%2Fmedia&parent=285"}],"wp:term":[{"taxonomy":"category","embeddable":true,"href":"https:\/\/archives.regards.fr\/index.php?rest_route=%2Fwp%2Fv2%2Fcategories&post=285"},{"taxonomy":"post_tag","embeddable":true,"href":"https:\/\/archives.regards.fr\/index.php?rest_route=%2Fwp%2Fv2%2Ftags&post=285"}],"curies":[{"name":"wp","href":"https:\/\/api.w.org\/{rel}","templated":true}]}}