{"id":2830,"date":"2007-10-04T00:00:00","date_gmt":"2007-10-03T22:00:00","guid":{"rendered":"https:\/\/wp.muchomaas.com\/histoire-la-commune-de-paris-18712830\/"},"modified":"2007-10-04T00:00:00","modified_gmt":"2007-10-03T22:00:00","slug":"histoire-la-commune-de-paris-18712830","status":"publish","type":"post","link":"https:\/\/archives.regards.fr\/?p=2830","title":{"rendered":"Histoire : La Commune de Paris (1871) ressuscite"},"content":{"rendered":"<p class=\"post_excerpt\"> Peter Watkins <\/p>\n<p>r\u00e9paration et avec un maigre budget, <strong> Peter Watkins <\/strong> (1) avait sign\u00e9 en 2000 \u00ab La Commune (Paris, 1871) \u00bb. Une reconstitution chronologique, film\u00e9e en noir et blanc, de cette p\u00e9riode charni\u00e8re de l&#8217;histoire r\u00e9volutionnaire h\u00e9xagonale : \u00ab premi\u00e8re insurection prol\u00e9tarienne \u00bb, selon Karl Marx, contre le gouvernement versaillais issu de l&#8217;Assembl\u00e9e nationale compos\u00e9e en grande partie de royalistes. Une s\u00e9ance de rattrapage est pr\u00e9vue puisque la version \u00ab courte \u00bb  de 3 h 30 sera projet\u00e9e dans les salles \u00e0 partir du 7 novembre. La version originale de 5 h 45 \u00e9tant d\u00e9sormais disponible en DVD.<\/p>\n<p>R\u00e9alis\u00e9 en plans s\u00e9quences avec le concours de plus de 200 participants (intermittents du spectacle, ch\u00f4meurs, sans-papiers&#8230;), le film retrace la p\u00e9riode s&#8217;\u00e9talant du du 26 mars jusqu&#8217;\u00e0 la semaine sanglante du 21 au 28 mai 1871. Le propos de Peter Watkins n&#8217;est pas ici de retranscrire les \u00e9v\u00e9nements sous une forme purement documentaire, mais plut\u00f4t de r\u00e9inventer les acteurs de la Commune via un t\u00e9l\u00e9scopage m\u00e9diatique. <\/p>\n<p><strong> Gros plan sur le quartier Popincourt <\/strong><\/p>\n<p>La construction narrative alterne en effet les images d&#8217;une \u00e9quipe de JRI suivant les communards sur le terrain avec celles du journal t\u00e9l\u00e9vis\u00e9 instrumentalis\u00e9 par le gouvernement versaillais. T\u00e9moignages poignants de communards avides de transformations sociales d&#8217;une part, informations tronqu\u00e9es voir erron\u00e9es des exactions de la garde nationale de l&#8217;autre. Les compte-rendus propagandistes tranchent avec la volont\u00e9 ferme des insurg\u00e9s d&#8217;en d\u00e9coudre.     <\/p>\n<p>Gamins des rues, ouvriers, artisans, patrons, fonctionnaires, soldats, intellectuels, cur\u00e9s, bourgeois&#8230; Les com\u00e9diens s&#8217;approprient les locaux de la Parole errante d&#8217;Armand Gatti \u00e0 Montreuil pour y incarner avec force les personnages embl\u00e9matiques du quartier de Popincourt dans le 11\u00e8 arrondissement de Paris. Comme pour mieux mettre ces \u00e9v\u00e9nements en perspective avec notre \u00e9poque, Peter Watkins a donc choisi de placer ses acteurs sous le prisme des m\u00e9dias dominants. Un proc\u00e9d\u00e9 qui trouve \u00e9cho dans l&#8217;uniformisation de nos sources actuelles d&#8217;information audiovisuelles. <\/p>\n<p><strong> Entretien audio : <\/strong>   <\/p>\n<p><strong> Laurent Roth <\/strong>  interpr\u00e8te le r\u00f4le du pr\u00e9sentateur du journal de la t\u00e9l\u00e9vision nationale de Versailles. Homme de gauche, il explique pourquoi il a choisi d&#8217;incarner un personnage aux antipodes de ses convictions politiques et raconte son exp\u00e9rience du tournage. <\/p>\n<p><strong> Pour \u00e9couter son interview, cliquer sur <\/strong> <a href=\"IMG\/mp3\/commune.mp3\">commune.mp3<\/a> <\/p>\n<p><em> (1) N\u00e9 en 1935 \u00e0 Norbiton au Sud de l&#8217;Angleterre, Peter Watkins a commenc\u00e9 sa carri\u00e8re comme asssitant-r\u00e9alisateur de courts-m\u00e9trages et de films documentaires. Il rencontre le succ\u00e8s avec \u00abCulloden\u00bb puis tourne La Bombe qui re\u00e7evra l&#8217;Oscar du meilleur documentaire en 1966 mais sera interdit d&#8217;antenne par la BBC pendant 20 ans. Ayant quitt\u00e9 sa terre natale, il r\u00e9alisera \u00abLes Gadiateurs\u00bb, \u00abPunishment Park\u00bb, \u00abEdvard Munch\u00bb et \u00abLeVoyage\u00bb. Cin\u00e9aste engag\u00e9, Peter Watkins a toujours port\u00e9 un regard critique sur les mass medias audiovisuels. Le Festival International du Film de la Rochelle lui a notamment rendu un vibrant hommage en juin 2004. <\/em>    <\/p>\n","protected":false},"excerpt":{"rendered":"<p> Peter Watkins <\/p>\n","protected":false},"author":604,"featured_media":0,"comment_status":"open","ping_status":"open","sticky":false,"template":"","format":"standard","meta":{"_themeisle_gutenberg_block_has_review":false,"footnotes":""},"categories":[141],"tags":[299],"class_list":["post-2830","post","type-post","status-publish","format-standard","hentry","category-archives-web","tag-cinema"],"_links":{"self":[{"href":"https:\/\/archives.regards.fr\/index.php?rest_route=\/wp\/v2\/posts\/2830","targetHints":{"allow":["GET"]}}],"collection":[{"href":"https:\/\/archives.regards.fr\/index.php?rest_route=\/wp\/v2\/posts"}],"about":[{"href":"https:\/\/archives.regards.fr\/index.php?rest_route=\/wp\/v2\/types\/post"}],"author":[{"embeddable":true,"href":"https:\/\/archives.regards.fr\/index.php?rest_route=\/wp\/v2\/users\/604"}],"replies":[{"embeddable":true,"href":"https:\/\/archives.regards.fr\/index.php?rest_route=%2Fwp%2Fv2%2Fcomments&post=2830"}],"version-history":[{"count":0,"href":"https:\/\/archives.regards.fr\/index.php?rest_route=\/wp\/v2\/posts\/2830\/revisions"}],"wp:attachment":[{"href":"https:\/\/archives.regards.fr\/index.php?rest_route=%2Fwp%2Fv2%2Fmedia&parent=2830"}],"wp:term":[{"taxonomy":"category","embeddable":true,"href":"https:\/\/archives.regards.fr\/index.php?rest_route=%2Fwp%2Fv2%2Fcategories&post=2830"},{"taxonomy":"post_tag","embeddable":true,"href":"https:\/\/archives.regards.fr\/index.php?rest_route=%2Fwp%2Fv2%2Ftags&post=2830"}],"curies":[{"name":"wp","href":"https:\/\/api.w.org\/{rel}","templated":true}]}}