{"id":2829,"date":"2004-02-01T00:00:00","date_gmt":"2004-01-31T23:00:00","guid":{"rendered":"https:\/\/wp.muchomaas.com\/le-journal-de-la-culture2829\/"},"modified":"2004-02-01T00:00:00","modified_gmt":"2004-01-31T23:00:00","slug":"le-journal-de-la-culture2829","status":"publish","type":"post","link":"https:\/\/archives.regards.fr\/?p=2829","title":{"rendered":"Le journal de la culture"},"content":{"rendered":"<p>Coinc\u00e9e entre le sport et la m\u00e9t\u00e9o, la culture ne p\u00e8se pas lourd \u00e0 l&#8217;heure la plus pris\u00e9e des cha\u00eenes t\u00e9l\u00e9vis\u00e9es. Saupoudr\u00e9e en fin de JT pour le plaisir des yeux et des oreilles, elle cl\u00f4t le rendez-vous quotidien sur une note positive. Coup de projecteur sur le dernier film \u00e0 l&#8217;affiche. Quelques sc\u00e8nes cl\u00e9s, un commentaire succinct pour r\u00e9sumer l&#8217;histoire, trois mots du r\u00e9alisateur en bonus quand le temps ne presse pas trop. Fin du journal t\u00e9l\u00e9vis\u00e9. La suite de votre soir\u00e9e apr\u00e8s les dix minutes rituelles de publicit\u00e9. Emballez, c&#8217;est pes\u00e9. Apr\u00e8s les conflits qui s&#8217;enlisent, l&#8217;hiver rigoureux, les r\u00e9formes en marche, une pause d\u00e9tente s&#8217;impose. L&#8217;information culturelle est l\u00e0 pour divertir des t\u00e9l\u00e9spectateurs suppos\u00e9s d\u00e9prim\u00e9s par l&#8217;actualit\u00e9. Elle ne d\u00e9range pas, ne questionne pas, ne fait pas sens. Elle repose. <\/p>\n<p>Arte prend ses cons\u0153urs \u00e0 contre-pied. Elle a d\u00e9cid\u00e9 de poursuivre sa mission en lan\u00e7ant, d\u00e9but janvier, un journal quotidien consacr\u00e9 \u00e0 la culture europ\u00e9enne. Le concept existe d\u00e9j\u00e0 en Allemagne mais en France, la cha\u00eene est pionni\u00e8re, si l&#8217;on ne tient pas compte de feu \u00abRive droite, rive gauche\u00bb sur le c\u00e2ble. \u00ab Quelqu&#8217;un me disait un jour : c&#8217;est comme si Eurosport ne parlait pas de foot ! \u00bb, note Jean-Fran\u00e7ois Ebeling, responsable de ce nouveau rendez-vous. Le cr\u00e9neau horaire, d\u00e9j\u00e0 tr\u00e8s encombr\u00e9, est \u00e0 lui tout seul un d\u00e9fi \u00e0 surmonter : l&#8217;\u00e9mission occupe les \u00e9crans du lundi au samedi \u00e0 20 heures pr\u00e9cises, moment de la journ\u00e9e particuli\u00e8rement monopolis\u00e9 par  France 2 et TF1. Elle dispose de douze minutes pour d\u00e9fricher les pratiques culturelles au-del\u00e0 de nos fronti\u00e8res. A Paris comme \u00e0 Berlin, mais aussi dans dix capitales qui rejoindront l&#8217;Union le 1er mai 2004. <\/p>\n<p>Sur le plateau, les tons rouge orang\u00e9 avivent la pr\u00e9sentation toute de sobri\u00e9t\u00e9 de la journaliste allemande Annette Gerlach, au style d\u00e9lib\u00e9r\u00e9ment d\u00e9contract\u00e9. La semaine prochaine, ce sera sa coll\u00e8gue fran\u00e7aise Florence Dauchez qui animera l&#8217;\u00e9mission. Au programme de la soir\u00e9e, une s\u00e9lection \u00e9clectique \u00e0 l&#8217;\u00e9cart des sentiers battus : des images de la citadelle de Bam d\u00e9truite par le s\u00e9isme qui a ravag\u00e9 la ville iranienne, la visite d&#8217;une exposition berlinoise sur les homosexuels et les lesbiennes apr\u00e8s guerre, \u00e9maill\u00e9e du t\u00e9moignage d&#8217;un Allemand ayant v\u00e9cu cette \u00e9poque de r\u00e9pression f\u00e9roce. Sans oublier le \u00ab must \u00bb : pour les plus branch\u00e9s, une plong\u00e9e dans \u00ab les lieux secrets de l&#8217;art contemporain \u00bb \u00e0 Paris. Un intitul\u00e9 prometteur qui tranche avec une approche institutionnelle. Le reportage commence dans un \u00ab bus pour n\u00e9ophytes \u00bb tout droit conduits \u00e0 l&#8217;appartement priv\u00e9 d&#8217;un collectionneur. C&#8217;est la premi\u00e8re escale du parcours atypique que propose l&#8217;agence Art Process. Le journaliste d\u00e9tient les cl\u00e9s d&#8217;autres espaces insolites comme cette galerie \u00e0 laquelle un pass permet d&#8217;acc\u00e9der jour et nuit et ce centre photographique en pointe \u00ab au-del\u00e0 du p\u00e9riph\u00e9rique \u00bb. <\/p>\n<p>Art contemporain, th\u00e9\u00e2tre, danse, architecture, sortie de livres et de films, mode, arts de la rue&#8230; Arte part sur les traces de ses coups de c\u0153ur. Du \u00ab petit mus\u00e9e po\u00e9tique \u00bb de G\u00eanes consacr\u00e9 au th\u00e9\u00e2tre d&#8217;ombre, au film de Sofia Coppola, Lost in translation. S&#8217;autorisant parfois \u00e0 d\u00e9crocher de l&#8217;actualit\u00e9. \u00ab On ne va pas s&#8217;interdire de parler d&#8217;un livre publi\u00e9 en France parce qu&#8217;il n&#8217;aurait pas de public en Allemagne \u00bb, affirme Jean-Fran\u00e7ois Ebeling. A raison de trois ou quatre reportages par \u00e9mission, les sujets ont l&#8217;allure de clins d&#8217;\u0153il. Forc\u00e9ment trop courts. Mais la d\u00e9marche inhabituelle aiguise le d\u00e9sir d&#8217;en savoir plus. <\/p>\n<p>A la lumi\u00e8re de la sc\u00e8ne, Arte pr\u00e9f\u00e8re le travail de l&#8217;ombre. Elle affectionne en particulier les lieux d\u00e9cal\u00e9s. Les coulisses du th\u00e9\u00e2tre des Bouffes du Nord, par exemple. Juste avant la premi\u00e8re du Misanthrope de Moli\u00e8re, la cam\u00e9ra filme les angoisses du metteur en sc\u00e8ne et les r\u00e9p\u00e9titions des acteurs. Lesquels \u00e9voquent la contrainte de l&#8217;alexandrin, coquille vide quand \u00ab le concret manque \u00bb. D&#8217;ordinaire invisible, le processus cr\u00e9atif est ici d\u00e9cortiqu\u00e9. G\u00eanes, capitale culturelle 2004 avec Lille, en est aux pr\u00e9paratifs. Sur les pas d&#8217;un po\u00e8te italien, on se prom\u00e8ne dans ses ruelles encore \u00e9pargn\u00e9es par l&#8217;agitation des festivit\u00e9s. Avec l&#8217;impression d&#8217;\u00eatre entr\u00e9 par une porte d\u00e9rob\u00e9e.<\/p>\n","protected":false},"excerpt":{"rendered":"<p>Coinc\u00e9e entre le sport et la m\u00e9t\u00e9o, la culture ne p\u00e8se pas lourd \u00e0 l&#8217;heure la plus pris\u00e9e des cha\u00eenes t\u00e9l\u00e9vis\u00e9es. Saupoudr\u00e9e en fin de JT pour le plaisir des yeux et des oreilles, elle cl\u00f4t le rendez-vous quotidien sur une note positive. Coup de projecteur sur le dernier film \u00e0 l&#8217;affiche. Quelques sc\u00e8nes cl\u00e9s, [&hellip;]<\/p>\n","protected":false},"author":573,"featured_media":0,"comment_status":"open","ping_status":"open","sticky":false,"template":"","format":"standard","meta":{"_themeisle_gutenberg_block_has_review":false,"footnotes":""},"categories":[141],"tags":[287],"class_list":["post-2829","post","type-post","status-publish","format-standard","hentry","category-archives-web","tag-medias"],"_links":{"self":[{"href":"https:\/\/archives.regards.fr\/index.php?rest_route=\/wp\/v2\/posts\/2829","targetHints":{"allow":["GET"]}}],"collection":[{"href":"https:\/\/archives.regards.fr\/index.php?rest_route=\/wp\/v2\/posts"}],"about":[{"href":"https:\/\/archives.regards.fr\/index.php?rest_route=\/wp\/v2\/types\/post"}],"author":[{"embeddable":true,"href":"https:\/\/archives.regards.fr\/index.php?rest_route=\/wp\/v2\/users\/573"}],"replies":[{"embeddable":true,"href":"https:\/\/archives.regards.fr\/index.php?rest_route=%2Fwp%2Fv2%2Fcomments&post=2829"}],"version-history":[{"count":0,"href":"https:\/\/archives.regards.fr\/index.php?rest_route=\/wp\/v2\/posts\/2829\/revisions"}],"wp:attachment":[{"href":"https:\/\/archives.regards.fr\/index.php?rest_route=%2Fwp%2Fv2%2Fmedia&parent=2829"}],"wp:term":[{"taxonomy":"category","embeddable":true,"href":"https:\/\/archives.regards.fr\/index.php?rest_route=%2Fwp%2Fv2%2Fcategories&post=2829"},{"taxonomy":"post_tag","embeddable":true,"href":"https:\/\/archives.regards.fr\/index.php?rest_route=%2Fwp%2Fv2%2Ftags&post=2829"}],"curies":[{"name":"wp","href":"https:\/\/api.w.org\/{rel}","templated":true}]}}