{"id":2797,"date":"2007-09-07T00:00:00","date_gmt":"2007-09-06T22:00:00","guid":{"rendered":"https:\/\/wp.muchomaas.com\/expulsion-sans-preavis-d-un-squat2797\/"},"modified":"2007-09-07T00:00:00","modified_gmt":"2007-09-06T22:00:00","slug":"expulsion-sans-preavis-d-un-squat2797","status":"publish","type":"post","link":"https:\/\/archives.regards.fr\/?p=2797","title":{"rendered":"Expulsion sans pr\u00e9avis d&#8217;un squat d&#8217;\u00e9tudiants"},"content":{"rendered":"<p class=\"post_excerpt\"> Soutenus par le minist\u00e8re de la crise du logement (les associations Jeudi Noir, Macaq, Droit au logement), une quarantaine d&#8217;\u00e9tudiants ont trouv\u00e9 refuge rue de la Faisanderie \u00e0 Paris au d\u00e9but du mois. Leur expulsion est survenue jeudi 6 septembre sans autorisation judiciaire. <\/p>\n<p>En plein coeur du 16\u00e8 arrondissement, un bel immeuble de 2 000 m\u00e8tres carr\u00e9s appartient \u00e0 un fond de pension italien. Laiss\u00e9 vacant depuis quelque mois pour des raisons sp\u00e9culatives. C&#8217;est  ici qu&#8217;une quarantaine d&#8217;\u00e9tudiants en difficult\u00e9 ont choisi d&#8217;habiter le 1er septembre dernier. Devenu squat, le lieu symbolise une forme de r\u00e9sistance \u00e0 la crise immobili\u00e8re. Une fa\u00e7on ces militants  d&#8217;interpeller pacifiquement les pouvoirs publics sur la p\u00e9nurie de r\u00e9sidences universitaires. Seulement voil\u00e0. Les forces de polices sont intervenues hier pour expulser les occupants sans titres. Une expulsion sans autorisation judicaire, aucun officier de police n&#8217;ayant \u00e9t\u00e9 d\u00e9p\u00each\u00e9 sur place. Sans avoir pu r\u00e9cup\u00e9rer tous leurs effets personnels, les \u00e9tudiants n&#8217;ont pas h\u00e9sit\u00e9 ensuite \u00e0 porter plainte pour &#8220;violation de domicile, irr\u00e9gularit\u00e9 de proc\u00e9dure et expusion abusive&#8221;.<\/p>\n<p><strong> S\u00e9rie d&#8217;entretien audio <\/strong><\/p>\n<p><strong> Alexandre Archenoult, porte-parole de l&#8217;association Macaq <\/strong>, revient sur leur d\u00e9marche d&#8217;interpellation des responsables politiques quant \u00e0 la p\u00e9nurie immobili\u00e8re qui frappe toutes les classe d&#8217;\u00e2ges, tous secteurs d&#8217;activit\u00e9s confondus. Pour \u00e9couter, cliquer sur <a href=\"IMG\/mp3\/macaq.mp3\">macaq.mp3<\/a><\/p>\n<p><strong> Pr\u00e9sident de Droit au logement (DAL), Jean-Baptiste Eyraud <\/strong> pointe une crise du logement asphyxiante pour toutes les classes sociales. Il rappelle dans quel cadre se situe l&#8217;action de son association. Pour \u00e9couter, cliquer sur <a href=\"IMG\/mp3\/dal.mp3\">dal.mp3<\/a><\/p>\n<p><strong> Etudiant en philosophie, Jean-Marc <\/strong> a v\u00e9cu quelques jours au squat. Il raconte l&#8217;expulsion dont il a fait l&#8217;objet. Pour \u00e9couter, cliquer sur <a href=\"IMG\/mp3\/squat1.mp3\">squat1.mp3<\/a><\/p>\n<p><strong> Artiste et squatteuse, Clo\u00e9 <\/strong> t\u00e9moigne, elle, d&#8217;une situation \u00e9prouvante sans toutefois se d\u00e9courager. Pour \u00e9couter, cliquer sur <a href=\"IMG\/mp3\/cloe.mp3\">cloe.mp3<\/a><\/p>\n","protected":false},"excerpt":{"rendered":"<p> Soutenus par le minist\u00e8re de la crise du logement (les associations Jeudi Noir, Macaq, Droit au logement), une quarantaine d&#8217;\u00e9tudiants ont trouv\u00e9 refuge rue de la Faisanderie \u00e0 Paris au d\u00e9but du mois. Leur expulsion est survenue jeudi 6 septembre sans autorisation judiciaire. <\/p>\n","protected":false},"author":604,"featured_media":0,"comment_status":"open","ping_status":"open","sticky":false,"template":"","format":"standard","meta":{"_themeisle_gutenberg_block_has_review":false,"footnotes":""},"categories":[141],"tags":[297],"class_list":["post-2797","post","type-post","status-publish","format-standard","hentry","category-archives-web","tag-inegalites"],"_links":{"self":[{"href":"https:\/\/archives.regards.fr\/index.php?rest_route=\/wp\/v2\/posts\/2797","targetHints":{"allow":["GET"]}}],"collection":[{"href":"https:\/\/archives.regards.fr\/index.php?rest_route=\/wp\/v2\/posts"}],"about":[{"href":"https:\/\/archives.regards.fr\/index.php?rest_route=\/wp\/v2\/types\/post"}],"author":[{"embeddable":true,"href":"https:\/\/archives.regards.fr\/index.php?rest_route=\/wp\/v2\/users\/604"}],"replies":[{"embeddable":true,"href":"https:\/\/archives.regards.fr\/index.php?rest_route=%2Fwp%2Fv2%2Fcomments&post=2797"}],"version-history":[{"count":0,"href":"https:\/\/archives.regards.fr\/index.php?rest_route=\/wp\/v2\/posts\/2797\/revisions"}],"wp:attachment":[{"href":"https:\/\/archives.regards.fr\/index.php?rest_route=%2Fwp%2Fv2%2Fmedia&parent=2797"}],"wp:term":[{"taxonomy":"category","embeddable":true,"href":"https:\/\/archives.regards.fr\/index.php?rest_route=%2Fwp%2Fv2%2Fcategories&post=2797"},{"taxonomy":"post_tag","embeddable":true,"href":"https:\/\/archives.regards.fr\/index.php?rest_route=%2Fwp%2Fv2%2Ftags&post=2797"}],"curies":[{"name":"wp","href":"https:\/\/api.w.org\/{rel}","templated":true}]}}