{"id":2790,"date":"2007-07-03T00:00:00","date_gmt":"2007-07-02T22:00:00","guid":{"rendered":"https:\/\/wp.muchomaas.com\/a-tokyo-a-paris-et-a-new-york-dans2790\/"},"modified":"2007-07-03T00:00:00","modified_gmt":"2007-07-02T22:00:00","slug":"a-tokyo-a-paris-et-a-new-york-dans2790","status":"publish","type":"post","link":"https:\/\/archives.regards.fr\/?p=2790","title":{"rendered":"&#8220;A Tokyo, \u00e0 Paris et \u00e0 New York. Dans le monde&#8230;une classe en lutte!!!&#8221;"},"content":{"rendered":"<p>\/\/L&#8217;heure \u00e9tait \u00e0 l&#8217;internationalisme rue des Vignoles (Paris, 20\u00e8me), ce samedi 30 juin. Deux militants de l&#8217;IWW des Strabuck Coffees, ainsi qu&#8217;une militante d&#8217;ATTAC Japon \u00e9taient venus parler des luttes sociales dans leurs pays respectifs. L&#8217;occasion \u00e9galement pour le collectif du DALAS (Droit \u00e0 un Logement Autog\u00e9r\u00e9 et Social), dont la f\u00eate avait lieu dans ces murs le lendemain, de se pr\u00e9senter.\/\/<\/p>\n<p><strong> Une pinc\u00e9e de sel dans le caf\u00e9 des vedettes <\/strong><\/p>\n<p>Starbucks est plus connue pour ce qu&#8217;elle compte de people aficionados de la marque que pour son anti-syndicalisme et sa politique salariale s\u00e9v\u00e8rement contest\u00e9e par une partie de ses employ\u00e9s. De Nicole Ricci \u00e0 Nicole Kidmann, en passant par Paris Hilton, toutes les stars ont un jour \u00e9t\u00e9 immortalis\u00e9es, le mythique gobelet vert orn\u00e9 d&#8217;une sir\u00e8ne, \u00e0 la main. Aujourd&#8217;hui, Starbucks est pr\u00e9sente partout dans le monde. Du petit commerce mont\u00e9 en 1971 par trois passionn\u00e9s de l&#8217;espresso, l&#8217;entreprise est devenue la plus grande cha\u00eene multinationale de caf\u00e9.<\/p>\n<p>Adam et Diane travaillent tous deux pour cette enseigne et sont organis\u00e9s syndicalement \u00e0 l&#8217;IWW (l&#8217;\u00e9quivalent anglo-saxon de la CNT). L&#8217;un est australien mais vit et travaille \u00e0 Londres, la seconde est New-Yorkaise. Depuis 2004, date \u00e0 laquelle une section Starbucks a \u00e9t\u00e9 mont\u00e9e a sein de l&#8217;IWW,  ils m\u00e8nent une campagne \u00e0 travers le monde pour essayer d&#8217;organiser une grande union internationale des travailleurs des Starbucks Coffees.<\/p>\n<p>Pressions intersyndicales, recours \u00e0 des travailleurs clandestins&#8230; retrouvez bient\u00f4t l&#8217;intervention d&#8217;Adam et  de Diane \u00e0 la soir\u00e9e de la CNT, le 30 juin dernier : <\/p>\n<p><doc><\/p>\n<p><strong> Un toit, oui, mais aussi des droits <\/strong><\/p>\n<p>S&#8217;approprier un lieu et le transformer pour y habiter. Tel est le projet du collectif DALAS ( Droit au logement social et autog\u00e9r\u00e9). Compos\u00e9 de militants syndicaux du b\u00e2timent et de  familles en d\u00e9tresse de logement, ils s&#8217;efforcent ensemble de concevoir, sur la base d&#8217;une mise en commun des savoirs et des pratiques, un autre mode d&#8217;habitation. L&#8217;id\u00e9e est de loger 58 familles dans une structure comportant, outre les habitations, une bourse du travail, un restaurant et une \u00e9picerie communautaires, en vertu du &#8220;droit \u00e0 un logement de qualit\u00e9 qui g\u00e9n\u00e8re du lien social&#8221;.<\/p>\n<p>La pr\u00e9sentation du Dalas par Mathieu, Daihawa et \u00c9ric :<\/p>\n<p><a href=\"IMG\/mp3\/dalas.mp3\">dalas.mp3<\/a><\/p>\n<p><strong> Mondialisation et luttes de classes au pays d&#8217;Akihito <\/strong><\/p>\n<p>Professeur dans une universit\u00e9 japonaise, Nanako appartient au syndicat des enseignants ainsi qu&#8217;\u00e0 l&#8217;organisation ATTAC Japon. Elle dresse un \u00e9tat des lieu des luttes sociales nipponnes depuis les ann\u00e9es soixante jusqu&#8217;\u00e0 aujourd&#8217;hui. Un tableau complexe teint\u00e9 de pr\u00e9jug\u00e9s n\u00e9gatifs \u00e0 l&#8217;\u00e9gard de l&#8217;extr\u00eame-gauche japonaise d&#8217;antan, de nostalgie imp\u00e9rialiste comme rempart aux effets du n\u00e9o lib\u00e9ralisme, et de mondialisation non encore conceptualis\u00e9e, sur fond de jeunesse paup\u00e9ris\u00e9e. Si les premiers mouvements syndicaux au Japon sont venus des travailleurs migrants dans les ann\u00e9es 80, le renouveau du syndicalisme japonais pourrait bien \u00eatre le fait des jeunes travailleurs pr\u00e9caires, oblig\u00e9s \u00e0 cumuler plusieurs petits jobs et de passer la nuit dans des mangas caf\u00e9s. Les mouvements de contestation ne sont pas le fort de la population, en atteste la faible mobilisation lors de la tenue du G8 \u00e0 Okinawa en 2000, mais Nanako ne d\u00e9sesp\u00e8re pas de voir l&#8217;\u00e9mergence d&#8217;un grand mouvement altermondialiste japonais, sur le mod\u00e8le des organisations fran\u00e7aises et europ\u00e9ennes, et qui saura se montrer combatif lors du sommet du G8 de 2008 au lac Toya, sur l&#8217;\u00eele d&#8217;Hokkaido, au Japon. <\/p>\n<p>Les luttes sociales au Japon : des ann\u00e9es 60 \u00e0 l&#8217;altermondialisme, par Nanako, militante d&#8217;ATTAC Japon :<\/p>\n<p> <doc><\/p>\n","protected":false},"excerpt":{"rendered":"<p>\/\/L&#8217;heure \u00e9tait \u00e0 l&#8217;internationalisme rue des Vignoles (Paris, 20\u00e8me), ce samedi 30 juin. Deux militants de l&#8217;IWW des Strabuck Coffees, ainsi qu&#8217;une militante d&#8217;ATTAC Japon \u00e9taient venus parler des luttes sociales dans leurs pays respectifs. L&#8217;occasion \u00e9galement pour le collectif du DALAS (Droit \u00e0 un Logement Autog\u00e9r\u00e9 et Social), dont la f\u00eate avait lieu dans [&hellip;]<\/p>\n","protected":false},"author":614,"featured_media":0,"comment_status":"open","ping_status":"open","sticky":false,"template":"","format":"standard","meta":{"_themeisle_gutenberg_block_has_review":false,"footnotes":""},"categories":[141],"tags":[311],"class_list":["post-2790","post","type-post","status-publish","format-standard","hentry","category-archives-web","tag-mouvement-social"],"_links":{"self":[{"href":"https:\/\/archives.regards.fr\/index.php?rest_route=\/wp\/v2\/posts\/2790","targetHints":{"allow":["GET"]}}],"collection":[{"href":"https:\/\/archives.regards.fr\/index.php?rest_route=\/wp\/v2\/posts"}],"about":[{"href":"https:\/\/archives.regards.fr\/index.php?rest_route=\/wp\/v2\/types\/post"}],"author":[{"embeddable":true,"href":"https:\/\/archives.regards.fr\/index.php?rest_route=\/wp\/v2\/users\/614"}],"replies":[{"embeddable":true,"href":"https:\/\/archives.regards.fr\/index.php?rest_route=%2Fwp%2Fv2%2Fcomments&post=2790"}],"version-history":[{"count":0,"href":"https:\/\/archives.regards.fr\/index.php?rest_route=\/wp\/v2\/posts\/2790\/revisions"}],"wp:attachment":[{"href":"https:\/\/archives.regards.fr\/index.php?rest_route=%2Fwp%2Fv2%2Fmedia&parent=2790"}],"wp:term":[{"taxonomy":"category","embeddable":true,"href":"https:\/\/archives.regards.fr\/index.php?rest_route=%2Fwp%2Fv2%2Fcategories&post=2790"},{"taxonomy":"post_tag","embeddable":true,"href":"https:\/\/archives.regards.fr\/index.php?rest_route=%2Fwp%2Fv2%2Ftags&post=2790"}],"curies":[{"name":"wp","href":"https:\/\/api.w.org\/{rel}","templated":true}]}}