{"id":2763,"date":"2007-03-01T00:00:00","date_gmt":"2007-02-28T23:00:00","guid":{"rendered":"https:\/\/wp.muchomaas.com\/bellaciao-org-alerte-a-la-censure2763\/"},"modified":"2007-03-01T00:00:00","modified_gmt":"2007-02-28T23:00:00","slug":"bellaciao-org-alerte-a-la-censure2763","status":"publish","type":"post","link":"https:\/\/archives.regards.fr\/?p=2763","title":{"rendered":"Bellaciao.org : alerte \u00e0 la censure"},"content":{"rendered":"<p>Bellaciao.org comptait parmi les carrefours de la gauche \u00ab alter \u00bb. En quelques semaines tout s&#8217;est d\u00e9grad\u00e9. Cr\u00e9\u00e9 en f\u00e9vrier 2002 par le collectif du m\u00eame nom, bellaciao.org pouvait s&#8217;enorgueillir d&#8217;\u00eatre parmi les sites europ\u00e9ens les plus fr\u00e9quent\u00e9s. Fonctionnant sur la base d&#8217;une publication ouverte, il est aliment\u00e9 par les articles des internautes et n&#8217;est mod\u00e9r\u00e9 qu&#8217;a posteriori. Petit \u00e0 petit, ce site \u00e9tait devenu un espace d&#8217;information, de discussion et de confrontation tr\u00e8s large, de la gauche du PS aux libertaires, en passant par l&#8217;ensemble de la gauche antilib\u00e9rale des collectifs unitaires. M\u00eame s&#8217;il n&#8217;est pas toujours facile de se retrouver dans un maquis de contributions, bellaciao.org \u00e9tait le lieu de convergence ou d&#8217;observation de la gauche de gauche fran\u00e7aise. En cinq ans, le site engrange plus de 27 millions de connexions et les visites journali\u00e8res grimpent jusqu&#8217;\u00e0 55 000 connexions, selon ses animateurs.<\/p>\n<p>Recette de ce succ\u00e8s : une bienveillance \u00e0 l&#8217;\u00e9gard de toute la gauche critique et une distance \u00e9gale \u00e0 l&#8217;\u00e9gard de tous. La charte fondatrice du site l&#8217;affirme d&#8217;ailleurs : \u00ab Le collectif Bellaciao souligne sa pleine autonomie par rapport aux partis, (&#8230;) et exerce sa vigilance contre toute instrumentalisation ou h\u00e9g\u00e9monie. \u00bb<\/p>\n<p>Depuis, tout a d\u00e9raill\u00e9. Embo\u00eetant les pas de la gauche radicale en folie, le site bellaciao.org s&#8217;est d\u00e9parti de sa prudence et de sa neutralit\u00e9 qui en avaient fait un rendez-vous des partisans de tous les candidats potentiels \u00e0 la candidature de rassemblement antilib\u00e9ral. Marie-George, Olivier, Cl\u00e9mentine, Jos\u00e9 et les autres avaient leurs adeptes et leurs d\u00e9tracteurs. La pol\u00e9mique et les \u00e9changes d&#8217;arguments fusaient&#8230; mais sans sortie de route. Mi-d\u00e9cembre, les collectifs antilib\u00e9raux sont au bord de la crise de nerfs : la rupture est sur le point d&#8217;\u00eatre consomm\u00e9e. Et Bellaciao choisit son camp. Ce sera celui de Marie-George Buffet.<\/p>\n<p>Cette inflexion par rapport \u00e0 la neutralit\u00e9 initiale pouvait s&#8217;admettre et se g\u00e9rer. Le probl\u00e8me est que, en fait, l&#8217;ouverture elle-m\u00eame a \u00e9t\u00e9 remise en cause. Les mod\u00e9rateurs du site, ceux qui d\u00e9cident ou non de la p\u00e9rennit\u00e9 d&#8217;un message d\u00e9pos\u00e9, adoptent une nouvelle ligne \u00e9ditoriale : qui n&#8217;est pas avec nous est contre nous. La censure va s&#8217;exercer sans piti\u00e9. M\u00eame un simple commentaire sur le titre d&#8217;un article ne peut pas passer. Nous l&#8217;avons exp\u00e9riment\u00e9. Autre exemple visible par tous : Mouloud Aounit expose sur le site les raisons de son engagement aux c\u00f4t\u00e9s de Marie-George Buffet. Normalement, le choix du secr\u00e9taire g\u00e9n\u00e9ral du MRAP suscite des commentaires. Parmi ceux qui seront retenus, aucun n&#8217;exprime la moindre r\u00e9serve \u00e0 l&#8217;\u00e9gard de cet engagement, alors m\u00eame qu&#8217;il suscitait bien des critiques dans les milieux militants. Sur le site bellaciao.org, l&#8217;unanimit\u00e9 est de r\u00e8gle et la d\u00e9ontologie peu scrupuleuse&#8230; Les messages d\u00e9non\u00e7ant les \u00ab intellos \u00bb et autres \u00ab Parisiens \u00bb fleurissent. Avec la tension, remonte aussi le populisme.<\/p>\n<p>Une recherche rapide sur Google concernant des t\u00e9moignages de censure sur Bellaciao propose des dizaines d&#8217;entr\u00e9es. Tous d\u00e9noncent le fait d&#8217;avoir \u00e9t\u00e9 censur\u00e9s pour des positions contraires ou critiques vis-\u00e0-vis de la candidature de Marie-George Buffet. Celle-ci se serait sans doute bien pass\u00e9e de cette contre-publicit\u00e9. La responsabilit\u00e9 de la nouvelle orientation du site peut d&#8217;autant moins lui \u00eatre imput\u00e9e que le site est d\u00e9sormais totalement trust\u00e9 par les plus \u00ab ultra \u00bb du PCF, ceux qui attendent (et se r\u00e9jouissent) de la chute annonc\u00e9e de la secr\u00e9taire g\u00e9n\u00e9rale qui avait os\u00e9 l&#8217;ouverture vers \u00ab la gauche de gauche \u00bb non communiste.<\/p>\n<p>Ce revirement de Bellaciao suscite un \u00e9norme \u00e9moi dans le milieu des internautes antilib\u00e9raux. Le 30 janvier, une lettre ouverte (1) sign\u00e9e par des animateurs de plusieurs sites antilib\u00e9raux (dont Regards) s&#8217;en offusque. Ils affirment que \u00ab Bellaciao a renonc\u00e9 \u00e0 la libert\u00e9 d&#8217;expression \u00bb et \u00ab pi\u00e9tine sa charte fondatrice en publiant pl\u00e9thore d&#8217;articles et commentaires injurieux, diffamatoires, mensongers. Tous les contributeurs qui osent contredire ce pr\u00eat-<\/p>\n<p>\u00e0-penser sont censur\u00e9s et leurs adresses Internet interdites d&#8217;expression \u00bb. Sur le blog des r\u00e9dacteurs de Politis (2), on partage ce sentiment : \u00ab La tonalit\u00e9 de la majorit\u00e9 des commentaires sur la controverse touchant \u00e0 la candidature unitaire laisse peu de doute sur l&#8217;existence d&#8217;un filtrage. \u00bb<\/p>\n<p>Cette triste affaire est un nouveau t\u00e9moignage de l&#8217;\u00e9tat d\u00e9sastreux dans lequel se trouve la gauche alternative \u00e0 l&#8217;issue de cette s\u00e9quence pr\u00e9sidentielle. Elle souligne \u00e9galement que les r\u00e8gles de tol\u00e9rance et de pluralisme ne sont pas encore solidement ancr\u00e9es dans notre propre espace. Mis\u00e8re !   C.T.<\/p>\n<p>P.S. Le collectif Bellaciao a \u00e9t\u00e9 contact\u00e9 par e-mail. Aucune r\u00e9ponse ne nous est parvenue.<\/p>\n<p>1. www.alternativeunitaire2007.org\/spip\/article.php3?id_article = 1403<\/p>\n<p>2. \u00ab Pour un Bellaciao non partisan \u00bb, blog des r\u00e9dacteurs de Politis, 30\/01\/07.<\/p>\n","protected":false},"excerpt":{"rendered":"<p>Bellaciao.org comptait parmi les carrefours de la gauche \u00ab alter \u00bb. En quelques semaines tout s&#8217;est d\u00e9grad\u00e9. Cr\u00e9\u00e9 en f\u00e9vrier 2002 par le collectif du m\u00eame nom, bellaciao.org pouvait s&#8217;enorgueillir d&#8217;\u00eatre parmi les sites europ\u00e9ens les plus fr\u00e9quent\u00e9s. Fonctionnant sur la base d&#8217;une publication ouverte, il est aliment\u00e9 par les articles des internautes et n&#8217;est [&hellip;]<\/p>\n","protected":false},"author":464,"featured_media":0,"comment_status":"open","ping_status":"open","sticky":false,"template":"","format":"standard","meta":{"_themeisle_gutenberg_block_has_review":false,"footnotes":""},"categories":[141],"tags":[287],"class_list":["post-2763","post","type-post","status-publish","format-standard","hentry","category-archives-web","tag-medias"],"_links":{"self":[{"href":"https:\/\/archives.regards.fr\/index.php?rest_route=\/wp\/v2\/posts\/2763","targetHints":{"allow":["GET"]}}],"collection":[{"href":"https:\/\/archives.regards.fr\/index.php?rest_route=\/wp\/v2\/posts"}],"about":[{"href":"https:\/\/archives.regards.fr\/index.php?rest_route=\/wp\/v2\/types\/post"}],"author":[{"embeddable":true,"href":"https:\/\/archives.regards.fr\/index.php?rest_route=\/wp\/v2\/users\/464"}],"replies":[{"embeddable":true,"href":"https:\/\/archives.regards.fr\/index.php?rest_route=%2Fwp%2Fv2%2Fcomments&post=2763"}],"version-history":[{"count":0,"href":"https:\/\/archives.regards.fr\/index.php?rest_route=\/wp\/v2\/posts\/2763\/revisions"}],"wp:attachment":[{"href":"https:\/\/archives.regards.fr\/index.php?rest_route=%2Fwp%2Fv2%2Fmedia&parent=2763"}],"wp:term":[{"taxonomy":"category","embeddable":true,"href":"https:\/\/archives.regards.fr\/index.php?rest_route=%2Fwp%2Fv2%2Fcategories&post=2763"},{"taxonomy":"post_tag","embeddable":true,"href":"https:\/\/archives.regards.fr\/index.php?rest_route=%2Fwp%2Fv2%2Ftags&post=2763"}],"curies":[{"name":"wp","href":"https:\/\/api.w.org\/{rel}","templated":true}]}}