{"id":2755,"date":"2007-06-06T00:00:00","date_gmt":"2007-06-05T22:00:00","guid":{"rendered":"https:\/\/wp.muchomaas.com\/la-ligue-de-l-enseignement2755\/"},"modified":"2007-06-06T00:00:00","modified_gmt":"2007-06-05T22:00:00","slug":"la-ligue-de-l-enseignement2755","status":"publish","type":"post","link":"https:\/\/archives.regards.fr\/?p=2755","title":{"rendered":"La Ligue de l&#8217;enseignement soutient les pays du Sud"},"content":{"rendered":"<p class=\"post_excerpt\"> Dans le cadre de la Quinzaine de l&#8217;\u00e9cole publique et de la campagne nationale \u00ab Pas d&#8217;Ecole, Pas d&#8217;Avenir !\u00bb organis\u00e9e par la Ligue de l&#8217;enseignement du 14 au 27 mai, les \u00e9l\u00e8ves du lyc\u00e9e de la Solidarit\u00e9 Internationale de Paris ont r\u00e9colt\u00e9 des fonds visant \u00e0 financer des projets d&#8217;aide aux pays du Sud. <\/p>\n<p>Engag\u00e9e dans des actions de soutien aux syst\u00e8mes \u00e9ducatifs des pays du Sud, la Ligue de l&#8217;enseignement coordonne chaque ann\u00e9e une collecte d&#8217;argent, au sein des \u00e9tablissements publics fran\u00e7ais, en faveur de \u00ab l&#8217;\u00e9ducation dans le monde \u00bb. Objectifs : r\u00e9habiliter les structures scolaires, construire des centres de ressources, assurer la formation d&#8217;enseignants notamment aux outils informatiques, acheter sur place des fournitures et plus largement sensibiliser les parents d&#8217;\u00e9l\u00e8ves au droit \u00e0 l&#8217;\u00e9ducation. Depuis 2002, plus d&#8217;un million d&#8217;euros a ainsi servi \u00e0 porter pr\u00e8s de 250 projets \u00e9ducatifs au Maroc, Mali, S\u00e9n\u00e9gal, Madagascar, Colombie, P\u00e9rou&#8230;<\/p>\n<p>Collecte de dons sur la voie publique, animations socio-\u00e9ducatives dans les \u00e9coles maternelles et \u00e9l\u00e9mentaires, les \u00e9l\u00e8ves du lyc\u00e9e de la Solidarit\u00e9 Internationale, \u00e9tablissement public exp\u00e9rimental, participent \u00e9galement \u00e0 cette campagne. Ils doivent par ailleurs r\u00e9aliser au cours de leur cursus un projet d&#8217;\u00e9tude au S\u00e9n\u00e9gal d&#8217;une dur\u00e9e de trois semaines \u00e0 deux mois. Projet dont les contours sont pr\u00e9alablement d\u00e9finis en fonction de leurs affinit\u00e9s respectives : installation d&#8217;un r\u00e9seau informatique pour les uns, assistance m\u00e9dicale pour les autres&#8230; Affili\u00e9e \u00e0 la f\u00e9d\u00e9ration de Paris de la Ligue de l&#8217;enseignement, l&#8217;association Diara encadre leur immersion au village de Diara dans la r\u00e9gion du Fouta. <\/p>\n<p><strong> Reportage audio <\/strong><\/p>\n<p><strong> Pour \u00e9couter la r\u00e9action des \u00e9l\u00e8ves \u00e0 l&#8217;issue de leur s\u00e9jour au S\u00e9n\u00e9gal, ainsi que les  interviews de David Lopez, responsable des relations internationales et des affaires europ\u00e9ennes \u00e0 la Ligue de l&#8217;enseignement, Alice Coat, d\u00e9l\u00e9gu\u00e9e \u00e9ducation \u00e0 la f\u00e9d\u00e9ration de Paris, Beno\u00eet Cornet, enseignant au lyc\u00e9e de la Solidarit\u00e9 Internationale et pr\u00e9sident de l&#8217;association Diara : <\/strong> cliquer sur <a href=\"IMG\/mp3\/enseignement.mp3\">enseignement.mp3<\/a><\/p>\n<p>Plus d&#8217;infos sur le lyc\u00e9e de la Solidarit\u00e9 Internationale et diaporama photos du voyage au S\u00e9n\u00e9gal : http:\/\/www.lycee-solidarite.org\/mambo\/<\/p>\n<p>Plus d&#8217;infos sur la Ligue de l&#8217;enseignement : http:\/\/www.laligue.org\/ligue\/index.html<\/p>\n<p>Plus d&#8217;infos sur la f\u00e9d\u00e9ration de Paris : http:\/\/www.ligueparis.org\/index.php?op=edito<\/p>\n","protected":false},"excerpt":{"rendered":"<p> Dans le cadre de la Quinzaine de l&#8217;\u00e9cole publique et de la campagne nationale \u00ab Pas d&#8217;Ecole, Pas d&#8217;Avenir !\u00bb organis\u00e9e par la Ligue de l&#8217;enseignement du 14 au 27 mai, les \u00e9l\u00e8ves du lyc\u00e9e de la Solidarit\u00e9 Internationale de Paris ont r\u00e9colt\u00e9 des fonds visant \u00e0 financer des projets d&#8217;aide aux pays du Sud. <\/p>\n","protected":false},"author":604,"featured_media":0,"comment_status":"open","ping_status":"open","sticky":false,"template":"","format":"standard","meta":{"_themeisle_gutenberg_block_has_review":false,"footnotes":""},"categories":[141],"tags":[297],"class_list":["post-2755","post","type-post","status-publish","format-standard","hentry","category-archives-web","tag-inegalites"],"_links":{"self":[{"href":"https:\/\/archives.regards.fr\/index.php?rest_route=\/wp\/v2\/posts\/2755","targetHints":{"allow":["GET"]}}],"collection":[{"href":"https:\/\/archives.regards.fr\/index.php?rest_route=\/wp\/v2\/posts"}],"about":[{"href":"https:\/\/archives.regards.fr\/index.php?rest_route=\/wp\/v2\/types\/post"}],"author":[{"embeddable":true,"href":"https:\/\/archives.regards.fr\/index.php?rest_route=\/wp\/v2\/users\/604"}],"replies":[{"embeddable":true,"href":"https:\/\/archives.regards.fr\/index.php?rest_route=%2Fwp%2Fv2%2Fcomments&post=2755"}],"version-history":[{"count":0,"href":"https:\/\/archives.regards.fr\/index.php?rest_route=\/wp\/v2\/posts\/2755\/revisions"}],"wp:attachment":[{"href":"https:\/\/archives.regards.fr\/index.php?rest_route=%2Fwp%2Fv2%2Fmedia&parent=2755"}],"wp:term":[{"taxonomy":"category","embeddable":true,"href":"https:\/\/archives.regards.fr\/index.php?rest_route=%2Fwp%2Fv2%2Fcategories&post=2755"},{"taxonomy":"post_tag","embeddable":true,"href":"https:\/\/archives.regards.fr\/index.php?rest_route=%2Fwp%2Fv2%2Ftags&post=2755"}],"curies":[{"name":"wp","href":"https:\/\/api.w.org\/{rel}","templated":true}]}}