{"id":2752,"date":"2007-05-31T00:00:00","date_gmt":"2007-05-30T22:00:00","guid":{"rendered":"https:\/\/wp.muchomaas.com\/un-g8-sous-tres-haute-surveillance2752\/"},"modified":"2007-05-31T00:00:00","modified_gmt":"2007-05-30T22:00:00","slug":"un-g8-sous-tres-haute-surveillance2752","status":"publish","type":"post","link":"https:\/\/archives.regards.fr\/?p=2752","title":{"rendered":"Un G8 sous tr\u00e8s haute surveillance"},"content":{"rendered":"<p>Une r\u00e9union du G8 a lieu \u00e0 Heiligendamm en Allemagne, du 6 ou 8 juin. Les chefs d&#8217;Etat des huits plus grandes puissances (\u00c9tats-Unis, Japon, Allemagne, Royaume-Uni, France, Italie, Canada, Russie) se r\u00e9unissent \u00ab pour discuter des affaires du monde \u00bb. Seulement voil\u00e0, des milliers de personnes vont converger \u00e0 Rostock (\u00e0 20 km du sommet) pour tenter de les emp\u00eacher de discuter tranquillement de leurs projets \u00e9conomiques, politiques ou militaires. Cette mobilisation pourrait \u00eatre tr\u00e8s importante (on parlerait de 100 000 personnes attendues), car les r\u00e9seaux allemands de gauche et d&#8217;extr\u00eame gauche pr\u00e9parent cet anti-G8 depuis de nombreux mois.<\/p>\n<p>Cependant, le gouvernement allemand ne reste pas les bras crois\u00e9s. C&#8217;est pr\u00e8s de 16 000 policiers et 1500 militaires qui seront pr\u00e9sents pour \u00ab accueillir \u00bb les manifestants. Par ailleurs, un grillage surmont\u00e9 de barbel\u00e9s a \u00e9t\u00e9 mis en place sur 12,5 km autour de Heiligendamm. Et pour d\u00e9stabiliser les pr\u00e9parations de la mobilisation, de nombreuses organisations ont \u00e9t\u00e9 perquisitionn\u00e9es : des ONG, des associations altermondialistes, des organisations libertaires, etc-. La police allemande a saisi du mat\u00e9riel (t\u00e9l\u00e9phones, ordinateurs, serveurs), proc\u00e9d\u00e9 \u00e0 des arrestations, jusqu&#8217;au pr\u00e9l\u00e9vement d&#8217;ADN sur des militants (cf. le communiqu\u00e9 du r\u00e9seau sortir du nucl\u00e9aire). <\/p>\n<p>Mais le contre-sommet aura bien lieu (cf. programme). La marche des ch\u00f4meurs contre la pr\u00e9carit\u00e9 devrait arriver \u00e0 destination (voir ci-dessous), des campements alternatifs sont pr\u00e9vus (cf. communiqu\u00e9 du groupe \u00ab Camp \u00bb), de nombreux d\u00e9bats et conf\u00e9rences sont organis\u00e9s, ainsi que plusieurs types d&#8217;actions diff\u00e9rentes (manifestations, occupations, blocages, etc.).<\/p>\n<p><strong> Programme du contre sommet : (source : www.attac.org) <\/strong><\/p>\n<p>&#8211; Du vendredi 1er au vendredi 08 juin : des campements alternatifs se tiendront aux abords de Rostock afin de servir de lieu logistique d&#8217;organisation du contre-sommet [h\u00e9bergement sous tente, cuisines collectives, mat\u00e9riel divers, centres Indym\u00e9dia, etc.] et de lieu de d\u00e9bats, d&#8217;\u00e9changes d&#8217;informations et de pr\u00e9paration d&#8217;actions. <\/p>\n<p>&#8211; Samedi 02 juin : une grande manifestation dans l&#8217;apr\u00e8s-midi, suivie d&#8217;un concert, se d\u00e9roulera \u00e0 Rostock. <\/p>\n<p>&#8211; Dimanche 03 juin : Journ\u00e9e sur l&#8217;agriculture et Assembl\u00e9e des pr\u00e9caires et des sans <\/p>\n<p>&#8211; Lundi 04 juin : Journ\u00e9e sur la th\u00e9matique des migrations, pour la libert\u00e9 de circulation et d&#8217;installation, pour des droits \u00e9gaux pour toutes et tous. <\/p>\n<p>&#8211; Mardi 05 juin : journ\u00e9e contre le militarisme et la guerre permanente. <\/p>\n<p>&#8211; Du mardi 05 juin (17h00) au jeudi 07 juin (13h00) : Sommet alternatif, en parall\u00e8le du sommet officiel (qui se r\u00e9unit lui du 06 au 08), dont les principales th\u00e9matiques devraient \u00eatre la pauvret\u00e9, le climat, l&#8217;architecture financi\u00e8re et \u00e9conomique internationale, la d\u00e9mocratie et les migrations. <\/p>\n<p>&#8211; Mercredi 06 juin : actions de blocage de la zone rouge afin d&#8217;emp\u00eacher les d\u00e9l\u00e9gations des Huit de rejoindre Heiligendamm pour l&#8217;ouverture du Sommet officiel. <\/p>\n<p>&#8211; Jeudi 07 juin : manifestation vers la zone rouge et concert final. <\/p>\n<p>&#8211; Vendredi 08 juin &#8211; Journ\u00e9e sur le changement climatique<\/p>\n<p><strong> Marches anti-G8 : <\/strong><\/p>\n<p>Des Marches contre la pauvret\u00e9, la pr\u00e9carit\u00e9 et les discriminations traversent l&#8217;Europe. Elles  convergeront \u00e0 Rostock le 1er juin, la veille du contre-sommet. A cette occasion, \u00ab Canal marches \u00bb  et les \u00ab marcheurs cin\u00e9astes \u00bb tiennent une chronique quotidienne de cette marche, que l&#8217;on peut consulter sur www.canalmarches.org.<\/p>\n<p>Le site des marches : http:\/\/www.euromarches.org\/<\/p>\n<p><strong> Communiqu\u00e9 du r\u00e9seau Sortir du nucl\u00e9aire du 31 mai 2007 : <\/strong><\/p>\n<p>Le R\u00e9seau Sortir du nucl\u00e9aire d\u00e9nonce des perquisitions arbitraires en Allemagne dans les milieux militants avant le G8. Le R\u00e9seau &#8220;Sortir du nucl\u00e9aire&#8221; (France) d\u00e9nonce les nombreuses perquisitions dont ont \u00e9t\u00e9 victimes depuis le 9 mai 2007 l&#8217;ensemble des organisations qui  mobilisent contre le G8 (Attac Allemagne, mouvements pour la paix, anti-nucl\u00e9aires, anti-OGM, libertaires, etc). De nombreux outils de communication (ordinateurs, fax, t\u00e9l\u00e9phones) ont \u00e9t\u00e9 saisis et des pr\u00e9l\u00e8vements d&#8217;ADN mais ausi d&#8217;odeurs (*) ont \u00e9t\u00e9 impos\u00e9s aux militants. D&#8217;autre part, la police contr\u00f4le le courrier qui passe par plusieurs centres de tri \u00e0 Hambourg. Les autorit\u00e9s allemandes justifient cette vague de r\u00e9pression sous pr\u00e9texte d&#8217;enqu\u00eater sur la &#8220;constitution d&#8217;organisation terroriste&#8221;, ce qui leur permet de mener des surveillances \u00e0 grande \u00e9chelle, des perquisitions et des saisies touchant m\u00eame des personnes non suspectes. M. Sch\u00e4uble, ministre de l&#8217;Int\u00e9rieur, pr\u00e9conise jusqu&#8217;\u00e0 15 jours de prison pr\u00e9ventive pour les manifestants &#8220;violents&#8221;. Or, les actes pacifiques de d\u00e9sob\u00e9issance (un blocage assis par exemple) sont consid\u00e9r\u00e9s comme &#8220;violents&#8221;. Et le m\u00eame M. Sch\u00e4uble envisage aussi de r\u00e9instaurer le contr\u00f4le aux fronti\u00e8res \u00e0 l&#8217;int\u00e9rieur de l&#8217;espace Schengen lors du sommet du G8. De plus, un grillage de 12,5 km (et d&#8217;un co\u00fbt de 12 millions d&#8217;Euros) a \u00e9t\u00e9 construit autour du site o\u00f9 se rencontreront les &#8220;grands de ce monde&#8221;, et toute manifestation sera interdite \u00e0 l&#8217;int\u00e9rieur et aux alentour de cette zone. 16 000 policiers et 1 500 soldats (ce qui est contraire \u00e0 la constitution allemande qui, sur le territoire f\u00e9d\u00e9ral, r\u00e9serve le recours \u00e0 l&#8217;arm\u00e9e aux seules catastrophes) prot\u00e9geront les Chefs d&#8217;Etat et de Gouvernement du &#8220;danger&#8221; que repr\u00e9sente la population. Le R\u00e9seau &#8220;Sortir du nucl\u00e9aire&#8221; d\u00e9nonce<\/p>\n<p>&#8211; les atteintes d\u00e9sormais syst\u00e9matiques \u00e0 la d\u00e9mocratie et la libert\u00e9 d&#8217;expression lors de chaque G8<\/p>\n<p>&#8211; le fait que tout citoyen exprimant publiquement son d\u00e9saccord face au G8 soit consid\u00e9r\u00e9 comme un &#8220;ennemi de l&#8217;int\u00e9rieur&#8221;<\/p>\n<p>&#8211; l&#8217;amalgame entre d&#8217;une part le terrorisme et d&#8217;autre part le mouvement social promouvant l&#8217;\u00e9thique, la justice, et le respect des droits et de l&#8217;environnement.<\/p>\n<p>Des millions de citoyens ne reconnaissent aucune l\u00e9gitimit\u00e9 au G8, instance autoproclamm\u00e9e dont le but est de prot\u00e9ger les int\u00e9r\u00eats des puissants au d\u00e9pend des pays pauvres ou des pauvres vivant dans les pays riches. Par ailleurs, une des principales caract\u00e9ristiques des pays du G8 (\u00e0 part l&#8217;Italie) est d&#8217;\u00eatre fortement nucl\u00e9aris\u00e9s, imposant \u00e0 la plan\u00e8te le risque de catastrophes nucl\u00e9aires, la production de d\u00e9chets radioactifs et la prolif\u00e9ration nucl\u00e9aire \u00e0 des fins militaires. Le R\u00e9seau &#8220;Sortir du nucl\u00e9aire&#8221; d\u00e9nonce d&#8217;autant plus fortement l&#8217;instrumentalisation par le G8 du probl\u00e8me du r\u00e9chauffement climatique afin de promouvoir l&#8217;\u00e9nergie nucl\u00e9aire.<\/p>\n<p>(*) le pr\u00e9l\u00e8vement d&#8217;odeur est une nouvelle technique de fichage policier, mise au point avec des chiens sp\u00e9cialement dress\u00e9s \u00e0 cet effet.<\/p>\n<p><strong> Communiqu\u00e9 du groupe de travail \u00ab CAMP \u00bb : <\/strong><\/p>\n<p><strong> G8 : abandonnez ! Vous \u00eates d\u00e9j\u00e0 encercl\u00e9s par nos tentes ! <\/strong><\/p>\n<p>Pour le temps des manifestations contre le sommet des G8 \u00e0 Heiligendamm nous, du groupe de travail camp, ont organis\u00e9 en tant que base infrastructurelle pour plusieurs milliers d&#8217;activistes trois camps : \u00e0 Reddelich pr\u00e8s de Bad Doberan, \u00e0 Rostock et \u00e0 Wichmannsdorf, pr\u00e8s de K\u00fchlungsborn. Pour l&#8217;organisation d&#8217;une base pour ces 12000-15000 personnes \u00e0 peu pr\u00e8s, il s&#8217;est retrouv\u00e9 : depuis l&#8217;automne 2006 : un cercle h\u00e9t\u00e9rog\u00e8ne d&#8217;activistes dans le groupe de travail camp. Le groupe de travail camp entend les camps qui sont organis\u00e9s comme des lieux traversant les spectres politiques. Ils doivent offrir \u00e0 des activistes de sc\u00e8nes tr\u00e8s diverses la possibilit\u00e9 de loger, de se retirer, de rencontrer d&#8217;autres activistes, de d\u00e9bats communs et de pr\u00e9parer des actions. Pour la communication d&#8217;informations actuelles et comme point de coordination pour les ateliers et les actions il y aura sur chaque camp une tente d&#8217;information.<\/p>\n<p>Pour garantir une communaut\u00e9 solidaire nous esp\u00e9rons des participant\/es aux camps que leurs actions s&#8217;orientent vers des valeurs correspondantes : des attitudes opprimantes et discriminantes comme elles s&#8217;expriment dans des comportements sexistes, racistes et antis\u00e9mites ne sont pas les bienvenues sur le camps. Le camp s&#8217;entend comme champ d&#8217;exp\u00e9rimentation de socialisation de gauche. Donc, nous esp\u00e9rons de toutes les participant\/es un comportement responsable ainsi qu&#8217;une fa\u00e7on constructive de se positionner face aux lignes de conflits internes \u00e0 nos sc\u00e8nes. Des gens qui sympathisent visiblement avec des id\u00e9ologies discriminantes et aspirent aux conceptions sociales impliquant l&#8217;in\u00e9galit\u00e9 des hommes ne seront pas permis\/es d&#8217;entrer dans les camps.<\/p>\n<p>Devant l&#8217;arri\u00e8re- fonds de nos buts anticapitalistes nous op\u00e9rons les camps sur une base largement non- commerciale. Il y a donc pas de rapport de service, l&#8217;infrastructure des camps doit \u00eatre organis\u00e9e par tous et toutes les activistes ensemble. Chacune et chacun devrait lui ou elle-m\u00eame aider dans certaines situations.<\/p>\n<p>Mais bien s\u00fbr il n&#8217;y a pas de vie correcte dans la fausset\u00e9. Quelques services infrastructurelles comme l&#8217;approvisionnement en \u00e9lectricit\u00e9, eau, toilettes, grandes tentes etc. ne sont pas le r\u00e9sultat de processus collectives d&#8217;appropriation, mais doivent \u00eatre pay\u00e9s. Les tentes d&#8217;informations accueilleront une contribution au camp d&#8217;\u00e0 peu pr\u00e9s 5 euros par jour pour le financement de l&#8217;infrastructure. Il vaut : Le camping ne devra pas faillir \u00e0 cause de l&#8217;argent, mais pas non plus les camps !<\/p>\n<p>Dans notre vision d&#8217;un autre, d&#8217;un meilleur monde des perspectives \u00e9cologiques devront aussi jouer un r\u00f4le, donc nous esp\u00e9rons des participant\/es un comportement conscient envers la terre et l&#8217;environnement sur les terrains qui nous sont c\u00e9d\u00e9s : en partie gratuitement : par des personnes priv\u00e9es.<\/p>\n<p>Un comportement respectueux est d\u00fb aussi aux propri\u00e9taires dont les terres se trouvent c\u00f4te \u00e0 c\u00f4te des terrains de camping. Le groupe de n\u00e9gociation du groupe de travail camping a du conduire beaucoup de conversations pour r\u00e9server les terrains de camping que nous avons obtenus maintenant. Les maisons et les entreprises bordant sur nos terrains appartiennent \u00e0 des gens plut\u00f4t ouverts \u00e0 l&#8217;id\u00e9e de la r\u00e9sistance et des camps.<\/p>\n<p>Des camps autonomes ne sont pas des vacances organis\u00e9es ! Les camps sont des camps pour aider. Ils ne fonctionnent que quand tout le monde fait de son mieux au lieu de simplement consommer ! Il est \u00e0 nous tous de tourner ces pr\u00e9s dans des vrais camps !<\/p>\n<p><strong> A l&#8217;arriv\u00e9e ! <\/strong><\/p>\n<p>A l&#8217;entr\u00e9e de chaque camp \u00e0 l&#8217;entr\u00e9e principale il y aura une tente d&#8217;information. A la \u00ab concierge \u00bb, vous recevrez les informations essentielles sur la structure du camp et les journ\u00e9es d&#8217;actions et vous payerez votre contribution au camp. Durant le temps d&#8217;op\u00e9ration du camp, la \u00ab concierge \u00bb sera le n\u0153ud principal et la plaque tournante pour les affaires du camp : des probl\u00e8mes, mati\u00e8res urgentes, plan d&#8217;emplois pour les aides, plans des ateliers etc. y seront disponibles. La concierge aura aussi un num\u00e9ro de t\u00e9l\u00e9phone qui sera affich\u00e9 \u00e0 temps sur le site.<\/p>\n<p>Les informations sur la situation en dehors des camps, les actions anti-G8 et les actualit\u00e9s autour du sommet vous seront communiqu\u00e9es par un r\u00e9seau de points d&#8217;information, que vous trouverez aussi au camp de Reddelich et de Wichmannsdorf. A Rostock vous trouverez le point d&#8217;information \u00e0 la gare ou au centre de convergence (voir livret du centre de convergence) !<\/p>\n<p><strong> Prise de d\u00e9cisions sur les camps <\/strong><\/p>\n<p>Dans les grandes tentes pl\u00e9ni\u00e8res il y aura r\u00e9guli\u00e8rement et lors des \u00e9v\u00e9nements actuels des pl\u00e9ni\u00e8res de camp. Ces pl\u00e9ni\u00e8res sont l&#8217;instance centrale de prise de d\u00e9cisions aussi bien sur la vie quotidienne dans les camps que sur les d\u00e9cisions actuelles (par exemple comment se comporter envers la police). Les barrios et grands groupes de contact enverront respectivement une ou deux personnes en pl\u00e9ni\u00e8re, puis relieront les choses que nous y discuteront (pl\u00e9ni\u00e8re \u00e0 d\u00e9l\u00e9gu\u00e9s). De cette mani\u00e8re, nous pourrons d\u00e9cider plus vite. Il n&#8217;y aura pourtant pas de place pour tous les campeuses et campeurs dans la tente pour pl\u00e9ni\u00e8res. Pourtant : qui voudra venir \u00e0 la pl\u00e9ni\u00e8re sera permis de venir.<\/p>\n<p><strong> Mont\u00e9e et d\u00e9mant\u00e8lement <\/strong><\/p>\n<p>Les camps seront mont\u00e9s d\u00e8s le 19 mai (\u00e0 Wichmannsdorf commen\u00e7ant \u00e0 la Pentec\u00f4te) et devront \u00eatre ouverts au plus tard le 1er juin. Mais les tentes ne se montent pas d&#8217;eux-m\u00eames non plus. Nous avons encore besoin de beaucoup de mains qui nous supporteront dans la construction et le d\u00e9mant\u00e8lement et qui tiendront le camp en marche durant les manifestations contre le sommet. <\/p>\n<p><strong> Protection <\/strong><\/p>\n<p>Il faudra \u00e9laborer des concepts pour les camps, comment ils pourront \u00eatre prot\u00e9g\u00e9s vers l&#8217;ext\u00e9rieur contre des visites ind\u00e9sirables (surtout par la police et les Nazis). Pour cela, il y aura des gardes de jour et de nuit qui auront en vue les points centraux ! Nous afficherons des plans de roulement pour ces \u00e9quipes tous les jours : Entrez vous-y ! Lors de conflits sur le camp, il y aura des structures pour les mod\u00e9rer et pour les r\u00e9soudre. Il nous manque encore de gens pour cette t\u00e2che. Reportez !<\/p>\n<p>Pour des victimes de violence sexualis\u00e9e et de discrimination sexuelle, le Groupe de Contact et de Prise de Conscience Antisexiste offrira du conseil. Il aura une tente de contact sur le camp de Reddelich et sera disponible en m\u00eame temps 24 heures sur 24 sous le num\u00e9ro 0176\/67440646. Il travaille de fa\u00e7on partisane pour les victimes qui ne seront pas forc\u00e9 \u00e0 raconter rien du tout. Tout ce qui sera dit, restera anonyme et le groupe ne fera rien que la victime ne voudra pas qu&#8217;il fasse.<\/p>\n<p><strong> M\u00e9dias <\/strong><\/p>\n<p>Le groupe de presse pourra \u00eatre contact\u00e9 sous l&#8217;adresse Un num\u00e9ro de t\u00e9l\u00e9phone sera annonc\u00e9 dans le secteur presse du site web sur www.camping-07.de. Les journalistes sont pri\u00e9s de reporter au groupe de presse. Surtout AVANT de filmer sur un camp !<\/p>\n<p><strong> Boissons <\/strong><\/p>\n<p>Eau, jus, boissons non-alcooliques, caf\u00e9, th\u00e9, bi\u00e8re et vin seront disponibles dans les camps. Les boissons seront achet\u00e9es de fa\u00e7on centrale par la structure camp et vendues. Ceci sera une des sources tr\u00e8s rares de financement des camps. Pour cette raison, toutes les ventes devront passer par cette structure. Les barrios pourront acheter des boissons au d\u00e9p\u00f4t central de boisson par commission ou contre une avance et les revendre.<\/p>\n<p>Le mardi et le mercredi, il ne sera pas vendu d&#8217;alcool sur les camps, car bloquer avec la gueule de bois ne fait pas plaisir. De l&#8217;alcool \u00e0 haut pourcentage ne sera g\u00e9n\u00e9ralement pas venu !<\/p>\n<p><strong> Mat\u00e9riel et outils <\/strong><\/p>\n<p>L&#8217;on essayera de collectionner du mat\u00e9riel et des outils \u00e0 un point central et de les relouer. Apportez tout dont vous pouvez vous passer en mat\u00e9riels utiles en tant que donation ou emprunt. En plus, il y aura une bourse d&#8217;\u00e9change de mat\u00e9riel sur place. Veuillez y laisser un message si vous voulez \u00e9changer du mat\u00e9riel avec d&#8217;autres.<\/p>\n<p><strong> Transports <\/strong><\/p>\n<p>Nous essayeront de mettre sur place un service de transport pour relier les camps les uns aux autres. Cela aussi d\u00e9pend de votre coop\u00e9ration. Reportez pour un roulement comme chaffeur\/chauffeuse de minibus (une licence normale suffit) ou pour mettre votre camionnette \u00e0 notre disposition. Il y aura une tente pour chauffeurs \u00e0 Reddelich o\u00f9 cela sera organis\u00e9. Bien s\u00fbr, nous avant besoin aussi de chauffeurs et de chauffeuses et de grands buses. Si vous pouvez vous passer du bus dans lequel vous \u00eates arriv\u00e9\/es pour un certain temps, dites-le nous.<\/p>\n<p>Vous trouverez une bourse d&#8217;auto-stop \u00e0 la tente d&#8217;information du camping. Celui ou celle qui voudrait s&#8217;offrir d&#8217;ors et d\u00e9j\u00e0 en tant que chauffeuse\/chaffeur ou peut mettre une voiture \u00e0 notre disposition, peut envoyer un courriel \u00e0 l&#8217;adresse suivante : hangup(a)riseup.net<\/p>\n<p><strong> Choses substantielles <\/strong><\/p>\n<p>Les camps ne devront non seulement \u00eatre des places pour dormir. Il y aura de l&#8217;espace aussi pour \u00e9changer des id\u00e9es, discuter, travailler de fa\u00e7on th\u00e9matique et se pr\u00e9parer aux manifestations. A cette fin, il y aura plusieurs tentes d&#8217;atelier. Vous trouverez les informations actuelles sur les camps aux points d&#8217;information du camping. Un programme est en pr\u00e9paration. Si vous voulez offrir vous-m\u00eames quelque chose de substantiel ou contribuer quelque chose au programme-cadre (cin\u00e9ma, th\u00e9\u00e2tre, petites formes d&#8217;art etc.), pri\u00e8re de vous reporter \u00e0 la tente d&#8217;information du camping. D\u00e8s maintenant vous pouvez annoncer vos \u00e9v\u00e9nements ici : programm(a)camping-07.de<\/p>\n<p><strong> Indymedia <\/strong><\/p>\n<p>Pour le reportage ind\u00e9pendant vers l&#8217;ext\u00e9rieur et les informations vers l&#8217;int\u00e9rieur, il y aura des tentes Indymedias. En plus, il y aura \u00e0 notre disposition pour nos propres reportages par radio \u00e0 Reddelich une voiture de retransmission de radio libre.<\/p>\n<p><strong> Approvisionnement <\/strong><\/p>\n<p>Il y aura de l&#8217;eau \u00e0 boire et \u00e0 m\u00e9nage \u00e0 divers endroits du camp. Aussi des connexions au r\u00e9seau d&#8217;\u00e9lectricit\u00e9 seront \u00e9tablies. Nous envisageons une station pour recharger les cellulaires ; pri\u00e8re inconditionnelle d&#8217;apporter des prises de courants polyvalentes ! Pour l&#8217;approvisionnement sanitaire vous trouverez de fa\u00e7on d\u00e9centralis\u00e9e des toilettes sur les camps, et \u00e0 quelques points centraux il y aura des possibilit\u00e9s pour se laver et des douches (eau froide). Un groupe ind\u00e9pendant de sanitaires garantira des soins m\u00e9dicaux de base.<\/p>\n<p><strong> Barrios <\/strong><\/p>\n<p>Les camps seront divis\u00e9s dans des barrios, c&#8217;est-\u00e0-dire des quartiers de ville de tentes. Des barrios fonctionnent comme des petits camps dans le camp. Ils sont construits par le groupes qui eux-m\u00eames d\u00e9cident de leur structure et de leur \u00e9quipement. Pour cette raison, ils peuvent \u00eatre de taille diff\u00e9rente et organis\u00e9s de fa\u00e7ons diff\u00e9rentes. Si vous voulez construire un barrio vous-m\u00eames, reportez sous buero@camping-07.de pour le planning. Nous ne pouvons prendre soin que de l&#8217;infrastructure de base mentionn\u00e9e en haut ; si vous avez besoin d&#8217;\u00e9quipement sp\u00e9cial comme vos propres connexions d&#8217;eau, occupez-vous en vous-m\u00eames. N&#8217;oubliez pas que nous avons d\u00e9j\u00e0 besoin de votre aide pendant la phase de mont\u00e9e du camp.<\/p>\n<p><strong> Culture <\/strong><\/p>\n<p>Le groupe de travail culture organisera le mardi et mercredi en proximit\u00e9 imm\u00e9diate du camp de Reddelich et dans le port de la ville de Rostock des concerts avec des artistes renomm\u00e9\/es. Au camp de Rostock, il y aura en plus un programme de petites formes d&#8217;art dans la tente de cirque centrale. Vous trouverez le programme sous D&#8217;autres initiatives organiseront des divers \u00e9v\u00e9nements culturels sur les camps, donc ouvrez vos yeux et vos oreilles !<\/p>\n<p><strong> Alimentation <\/strong><\/p>\n<p>Au moyen respectivement de deux larges et de plusieurs cuisines populaires plus petits (abr\u00e9viation allemande Vok\u00fc) l&#8217;on pr\u00e9parera de la bonne bouffe pour tout le monde. Les cuisines, toutes avec une longue exp\u00e9rience dans la cuisine collective, pr\u00e9pareront toujours de la nourriture v\u00e9g\u00e9tarienne, presque toujours v\u00e9g\u00e9talienne. <\/p>\n<p>Les cuisines populaires travaillent en accord avec le principe du donner et du participer : veuillez cuisiner avec nous et aussi payer avec nous. Les biens alimentaires ne sont pas encore couverts par la contribution au camp. Veuillez apporter, si possible, vos propres plats et couverts ! Veuillez consid\u00e9rer que s&#8217;il y a beaucoup de gens dans les camps, la nourriture pr\u00e9par\u00e9e par les cuisines populaires ne sera peut-\u00eatre pas suffisante. Apportez vos propres biens alimentaires pour des cas pareils.<\/p>\n<p><strong> Contribution au camp et donations <\/strong><\/p>\n<p>Les camps ne seront pas commerciaux. A part les firmes dont nous avons lou\u00e9 les grandes tentes, des installations sanitaires etc., personne n&#8217;en d\u00e9rivera un profit. Les camps devront \u00eatre bas\u00e9s sur l&#8217;organisation autonome et sur une redistribution solidaire des co\u00fbts. Cela veut dire concr\u00e8tement  : Tout le monde aide de fa\u00e7on active et aussi financi\u00e8re de r\u00e9aliser les camps. Il y aura des co\u00fbts \u00e9lev\u00e9s pour la location de grandes tentes, toilettes, lavabos, douches, assurances, co\u00fbts de transport etc. Pour cette raison, il devra y avoir une contribution au camp volontaire. En tant que montant- guide nous vous sugg\u00e9rons 5 Euro par personne et par jour. Les contributions seront collectionn\u00e9es aux points d&#8217;information des camps. <\/p>\n<p>G8 Groupe de Travail Camp (http:\/\/www.camping-07.de\/)<\/p>\n","protected":false},"excerpt":{"rendered":"<p>Une r\u00e9union du G8 a lieu \u00e0 Heiligendamm en Allemagne, du 6 ou 8 juin. Les chefs d&#8217;Etat des huits plus grandes puissances (\u00c9tats-Unis, Japon, Allemagne, Royaume-Uni, France, Italie, Canada, Russie) se r\u00e9unissent \u00ab pour discuter des affaires du monde \u00bb. Seulement voil\u00e0, des milliers de personnes vont converger \u00e0 Rostock (\u00e0 20 km du [&hellip;]<\/p>\n","protected":false},"author":1,"featured_media":0,"comment_status":"open","ping_status":"open","sticky":false,"template":"","format":"standard","meta":{"_themeisle_gutenberg_block_has_review":false,"footnotes":""},"categories":[141],"tags":[311],"class_list":["post-2752","post","type-post","status-publish","format-standard","hentry","category-archives-web","tag-mouvement-social"],"_links":{"self":[{"href":"https:\/\/archives.regards.fr\/index.php?rest_route=\/wp\/v2\/posts\/2752","targetHints":{"allow":["GET"]}}],"collection":[{"href":"https:\/\/archives.regards.fr\/index.php?rest_route=\/wp\/v2\/posts"}],"about":[{"href":"https:\/\/archives.regards.fr\/index.php?rest_route=\/wp\/v2\/types\/post"}],"author":[{"embeddable":true,"href":"https:\/\/archives.regards.fr\/index.php?rest_route=\/wp\/v2\/users\/1"}],"replies":[{"embeddable":true,"href":"https:\/\/archives.regards.fr\/index.php?rest_route=%2Fwp%2Fv2%2Fcomments&post=2752"}],"version-history":[{"count":0,"href":"https:\/\/archives.regards.fr\/index.php?rest_route=\/wp\/v2\/posts\/2752\/revisions"}],"wp:attachment":[{"href":"https:\/\/archives.regards.fr\/index.php?rest_route=%2Fwp%2Fv2%2Fmedia&parent=2752"}],"wp:term":[{"taxonomy":"category","embeddable":true,"href":"https:\/\/archives.regards.fr\/index.php?rest_route=%2Fwp%2Fv2%2Fcategories&post=2752"},{"taxonomy":"post_tag","embeddable":true,"href":"https:\/\/archives.regards.fr\/index.php?rest_route=%2Fwp%2Fv2%2Ftags&post=2752"}],"curies":[{"name":"wp","href":"https:\/\/api.w.org\/{rel}","templated":true}]}}