{"id":2734,"date":"2007-05-18T00:00:00","date_gmt":"2007-05-17T22:00:00","guid":{"rendered":"https:\/\/wp.muchomaas.com\/la-cip-idf-act-up-paris-et-les2734\/"},"modified":"2007-05-18T00:00:00","modified_gmt":"2007-05-17T22:00:00","slug":"la-cip-idf-act-up-paris-et-les2734","status":"publish","type":"post","link":"https:\/\/archives.regards.fr\/?p=2734","title":{"rendered":"La CIP-IDF, Act Up-Paris et les Panth\u00e8res Roses prennent le temps de la r\u00e9flexion"},"content":{"rendered":"<p class=\"post_excerpt\"> Une assembl\u00e9e g\u00e9n\u00e9rale s&#8217;est tenue le 15 mai au local de la Coordination des InteRMIttents et Pr\u00e9caires d&#8217;Ile-de-France afin d&#8217;imaginer de nouvelles formes de r\u00e9sistances et r\u00e9seaux de solidarit\u00e9 interassociatifs. Prise de contact encourageante. <\/p>\n<p>Le Politique ne bouge que lorsque les mouvements sociaux l&#8217;y obligent. Et comme l&#8217;abrogation du CPE ne s&#8217;est pas obtenue en un jour, le succ\u00e8s des combats de demain passe par le travail d&#8217;aujourd&#8217;hui. A l&#8217;appel lanc\u00e9 par le trio Act Up-Paris, CIP-IDF et Panth\u00e8res roses ont ainsi r\u00e9pondu pr\u00e9sent le minist\u00e8re de la Crise du logement (DAL, Jeudi-Noir, Macaq), la Brigade Activiste des Clowns (BAC), le collectif des D\u00e9sob\u00e9issants, la G\u00e9n\u00e9rale, Sud Etudiant, Survie, Vamos&#8230; Dans une salle archicomble, ces centaines de militants aux revendications multiples ont tent\u00e9 de d\u00e9finir de nouveaux axes de r\u00e9sistances. <\/p>\n<p>Comment agir ensemble ? Quelle riposte adopter face aux futures mesures du gouvernement Sarkozy ? Et plus largement, comment contribuer \u00e0 la reconstruction d&#8217;une gauche en mal d&#8217;identit\u00e9 ? Il ne s&#8217;agit pas d&#8217;additionner les luttes respectives mais plut\u00f4t d&#8217;initialiser un &#8220;r\u00e9seau solidaire de contre-pouvoir&#8221; capable d&#8217;interpeller les m\u00e9dias et l&#8217;opinion publique. Si l&#8217;id\u00e9e d&#8217;une strat\u00e9gie conjointe s&#8217;impose d&#8217;elle-m\u00eame, aucun mode d&#8217;action ne re\u00e7oint pour l&#8217;heure l&#8217;adh\u00e9sion g\u00e9n\u00e9rale. Except\u00e9e la mise en commun d&#8217;un savoir-faire \u00e0 faire savoir.<\/p>\n<p>Parmi les intervenants, le minist\u00e8re de la Crise du logement a propos\u00e9 l&#8217;instauration d&#8217;un &#8220;contre-gouvernement&#8221; sans hi\u00e9rarchie qui pendrait la forme d&#8217;un portail Internet et d&#8217;un lieu destin\u00e9 \u00e0 f\u00e9d\u00e9rer les associations. Mais les contours de ce projet longuement d\u00e9battu restent encore flous. Pour donner une suite \u00e0 cette rencontre, une prochaine r\u00e9union publique est pr\u00e9vue le 29 mai.<\/p>\n<p><strong> Interviews audio <\/strong><\/p>\n<p><strong> Laurent, repr\u00e9sentant de la CIP-IDF <\/strong>, donne quelques \u00e9l\u00e9ments d&#8217;analyse de la d\u00e9faite \u00e9lectorale. La gauche a pay\u00e9, selon lui, le fait &#8220;d&#8217;avoir g\u00e9n\u00e9ralis\u00e9 la flexibilit\u00e9 du travail au d\u00e9triment des salari\u00e9s et sans \u00e9gard pour les droits sociaux&#8221;. Il ajoute que la &#8220;volont\u00e9 d&#8217;instaurer le plein emploi est une id\u00e9e fausse avec laquelle il faut rompre&#8221;. <\/p>\n<p><strong> Pour \u00e9couter son interview <\/strong>, cliquer sur <doc><\/p>\n<p>Plus d&#8217;infos sur http:\/\/www.cip-idf.org\/<\/p>\n<p><strong> Hugues Fischer et Emmanuel Ch\u00e2teau, codirecteurs d&#8217;Act Up-Paris <\/strong>, proposent la mise en place d&#8217;un r\u00e9seau d&#8217;alerte et de mobilisation. Cette plate-forme servirait \u00e0 &#8220;r\u00e9unir les comp\u00e9tences et expertises de chacun&#8221;. Un important travail de communication autour de cette poche de r\u00e9sistance devrait suivre. <\/p>\n<p><strong> Pour \u00e9couter leur interview crois\u00e9e <\/strong>, cliquer sur <a href=\"IMG\/mp3\/actup.mp3\">actup.mp3<\/a><\/p>\n<p>Plus d&#8217;infos sur http:\/\/www.actupparis.org\/<\/p>\n<p><strong> Membre fondatrice des Panth\u00e8res Roses, Rosa Deluxe <\/strong> affirme qu&#8217;il est n\u00e9cessaire de &#8220;centraliser et de mutualiser les ressources \u00e0 travers un lieu de soutien notamment juridique&#8221;. Un espace de r\u00e9flexion transversale qui toucherait l&#8217;ensemble des associations. Elle invite \u00e9galement \u00e0 nouer contact avec les collectifs antilib\u00e9raux.<\/p>\n<p><strong> Pour \u00e9couter son interview <\/strong>, cliquer sur <a href=\"IMG\/mp3\/rosa.mp3\">rosa.mp3<\/a><\/p>\n<p>Plus d&#8217;infos sur http:\/\/www.pantheresroses.org\/<\/p>\n","protected":false},"excerpt":{"rendered":"<p> Une assembl\u00e9e g\u00e9n\u00e9rale s&#8217;est tenue le 15 mai au local de la Coordination des InteRMIttents et Pr\u00e9caires d&#8217;Ile-de-France afin d&#8217;imaginer de nouvelles formes de r\u00e9sistances et r\u00e9seaux de solidarit\u00e9 interassociatifs. Prise de contact encourageante. <\/p>\n","protected":false},"author":604,"featured_media":0,"comment_status":"open","ping_status":"open","sticky":false,"template":"","format":"standard","meta":{"_themeisle_gutenberg_block_has_review":false,"footnotes":""},"categories":[141],"tags":[311],"class_list":["post-2734","post","type-post","status-publish","format-standard","hentry","category-archives-web","tag-mouvement-social"],"_links":{"self":[{"href":"https:\/\/archives.regards.fr\/index.php?rest_route=\/wp\/v2\/posts\/2734","targetHints":{"allow":["GET"]}}],"collection":[{"href":"https:\/\/archives.regards.fr\/index.php?rest_route=\/wp\/v2\/posts"}],"about":[{"href":"https:\/\/archives.regards.fr\/index.php?rest_route=\/wp\/v2\/types\/post"}],"author":[{"embeddable":true,"href":"https:\/\/archives.regards.fr\/index.php?rest_route=\/wp\/v2\/users\/604"}],"replies":[{"embeddable":true,"href":"https:\/\/archives.regards.fr\/index.php?rest_route=%2Fwp%2Fv2%2Fcomments&post=2734"}],"version-history":[{"count":0,"href":"https:\/\/archives.regards.fr\/index.php?rest_route=\/wp\/v2\/posts\/2734\/revisions"}],"wp:attachment":[{"href":"https:\/\/archives.regards.fr\/index.php?rest_route=%2Fwp%2Fv2%2Fmedia&parent=2734"}],"wp:term":[{"taxonomy":"category","embeddable":true,"href":"https:\/\/archives.regards.fr\/index.php?rest_route=%2Fwp%2Fv2%2Fcategories&post=2734"},{"taxonomy":"post_tag","embeddable":true,"href":"https:\/\/archives.regards.fr\/index.php?rest_route=%2Fwp%2Fv2%2Ftags&post=2734"}],"curies":[{"name":"wp","href":"https:\/\/api.w.org\/{rel}","templated":true}]}}