{"id":2733,"date":"2007-05-18T00:00:00","date_gmt":"2007-05-17T22:00:00","guid":{"rendered":"https:\/\/wp.muchomaas.com\/nanterre-mercredi-16-mai-un-amphi2733\/"},"modified":"2007-05-18T00:00:00","modified_gmt":"2007-05-17T22:00:00","slug":"nanterre-mercredi-16-mai-un-amphi2733","status":"publish","type":"post","link":"https:\/\/archives.regards.fr\/?p=2733","title":{"rendered":"Nanterre, mercredi 16 mai: Un amphi excit\u00e9 pour une manifestation m\u00e9diatique"},"content":{"rendered":"<p class=\"post_excerpt\"> Sarkozy \u00e0 l&#8217;Elys\u00e9e, la fac de Nanterre mobilis\u00e9e <\/p>\n<p><em> Pr\u00e8s de 300 \u00e9tudiants se sont r\u00e9unis en assembl\u00e9e g\u00e9n\u00e9rale mercredi 16 mai sur la facult\u00e9 de Nanterre (Paris X). Le mot d&#8217;ordre : pr\u00e9ciser les revendications sur des sujets comme l&#8217;\u00e9ducation et l&#8217;immigration en vue prochaines mobilisations contre le gouvernement Sarkozy. Les intervenants se sont succ\u00e9d\u00e9s au micro devant un public acquis d&#8217;avance. L&#8217;apr\u00e8s midi, 1500 personnes ont manifest\u00e9 leur hostilit\u00e9 au gouvernement Sarkozy, de la place de la Bastille \u00e0 Nation, sous le regard d&#8217;une myriade de journalistes. <\/em><\/p>\n<p>\u00ab Tu sais ici on est mobilis\u00e9 ! \u00bb Un \u00e9tudiant en seconde ann\u00e9e d&#8217;histoire patiente en d\u00e9cortiquant l&#8217;\u00e9bauche d&#8217;un CV. Assis non loin de l&#8217;amphi DD de l&#8217;Universit\u00e9 de Nanterre, il repr\u00e9sente \u00e0 lui seul un certain dilemme pos\u00e9 \u00e0 nombres d&#8217;\u00e9tudiants : voter lors de l&#8217;AG de 12 heures en ce mercredi 16 Mai 2007 la poursuite de la mobilisation contre Sarkozy et son gouvernement ? \u00ab Oui, mais j&#8217;ai TD cet apr\u00e8m&#8217;, je pourrais pas \u00eatre \u00e0 la manif&#8217;. \u00bb Dans le hall, on d\u00e9c\u00e8le des bribes de discussions sur la manifestation pr\u00e9vue cet apr\u00e8s-midi pour 14 heures \u00e0 Bastille. Un groupe s&#8217;active, parlemente, jettent des regards discrets, presque inquiets, sur la multitude de journalistes pr\u00e9sents. <\/p>\n<p>Gabriel, b\u00e9ret &#8220;r\u00e9volutionnaire&#8221;, \u00e9toile rouge en pin&#8217;s int\u00e9gr\u00e9 \u00e0 la chemise, \u00e0 l&#8217;aise avec le m\u00e9gaphone, milite aux jeunesse communistes r\u00e9volutionnaire (JCR). \u00ab Apr\u00e8s quatre interviews, j&#8217;en ai un peu assez \u00bb, pr\u00e9cise-t-il, avant de rappeler le mot d&#8217;ordre de l&#8217;AG : \u00ab Il s&#8217;agit d&#8217;avancer sur l&#8217;explication du programme de Nicolas Sarkozy, notamment l&#8217;immigration et l&#8217;\u00e9ducation. L&#8217;objectif principal de la manifestation de cet apr\u00e8s midi est de montrer que la jeunesse ne lui donne pas le champ libre pour faire ce qu&#8217;il veut \u00bb. Une journaliste lui demande si ce n&#8217;est pas pr\u00e9matur\u00e9 de se mobiliser alors que Nicolas Sarkozy vient d&#8217;\u00eatre officiellement investi \u00e0 11 heures ce matin. R\u00e9sign\u00e9, Gabriel rappelle que \u00ab Sarkozy est au pouvoir depuis 5 ans. On a d\u00e9j\u00e0 un gros passif \u00e0 r\u00e9gler avec lui. Et puis, il y a d\u00e9j\u00e0 eu des mesures prises avec la r\u00e9pression massive, les peines de prisons, pour les manifestants ces deux derni\u00e8res semaines !\u00bb<\/p>\n<p><strong> Une AG l\u00e9gitime <\/strong><\/p>\n<p>Sur les murs de l&#8217;amphi accueillant l&#8217;AG des triomphants &#8220;Responsables mais pas coupables&#8221; &#8220;Soyons cruels&#8221; ou &#8220;Jouissez fort mes petits&#8221; inscrits au marqueur annoncent la couleur. Entre 250 et 300 personnes sont r\u00e9unies, un chiffre \u00ab encourageant \u00bb pour les organisateurs en ces p\u00e9riodes d&#8217;examens. Pendant qu&#8217;une quinzaine d&#8217;intervenants d\u00e9filent au micro, certains dans la salle y vont de leurs commentaires, d&#8217;autres sortent fumer une cigarette. N\u00e9anmoins la plupart sourient. Les orateurs semblent pr\u00eacher les convaincus. Une attitude qui contraste avec l&#8217;AG du jeudi 10 mai o\u00f9 de nombreux \u00e9tudiants pro-sarkozy \u00e9taient venus d\u00e9fendre leur prise de positon. <\/p>\n<p>Xavier, militant aux JCR, balance des chiffres qui d\u00e9montent les fantasmes d&#8217;une immigration massive en France. Une \u00e9tudiante propose un \u00ab petit topo \u00bb sur les cinq ann\u00e9es s\u00e9curitaires de Sarkozy au gouvernement. Une autre expose ses craintes de voir des fili\u00e8res \u00ab comme Psycho ou Staps d\u00e9valoris\u00e9es au profit d&#8217;Eco et de Droit \u00bb. Puis c&#8217;est au tour de Fatia d&#8217;insister sur la l\u00e9gitimit\u00e9 de la r\u00e9volte actuelle. \u00ab C&#8217;est notre devoir de nous rassembler. Les luttes sont criminalis\u00e9es. J&#8217;appelle \u00e0 un front unique contre  la r\u00e9pression ! \u00bb Ovation dans la salle, mais Fatia, insensible aux applaudissements, explique \u00e0 la fin de sa prise de parole sa perplexit\u00e9 au sujet de la non concertation avec les autres campus en lutte, \u00e0 savoir Jussieu, la Sorbonne ou encore Tolbiac. <\/p>\n<p><strong> Longs discours et excitation <\/strong><\/p>\n<p>\u00ab Certains m&#8217;ont surnomm\u00e9 Fidel Castro ! \u00bb avoue Romain, membre de l&#8217;AGEN , pour sa tendance \u00e0 prononcer de longs discours. \u00ab Je peux pas \u00eatre d\u00e9\u00e7u de l&#8217;arriv\u00e9e au pouvoir de Sarko, on s&#8217;y attendait. Il s&#8217;agit pas non plus d&#8217;\u00eatre t\u00e9tanis\u00e9 !\u00bb Le d\u00e9fil\u00e9 des intervenants se poursuit, toujours dans le m\u00eame ton. Tous semblent s&#8217;accorder sur une convergence de lutte n\u00e9cessaire avec les autres facult\u00e9s, mais aussi avec les salari\u00e9s pr\u00e9caires, les ch\u00f4meurs, pour \u00ab d\u00e9passer un certain corporatisme \u00e9tudiant \u00bb admet l&#8217;un des leurs. \u00ab Et les paysans ? \u00bb questionne un autre. \u00ab On peut s&#8217;\u00e9couter s&#8217;il vous plait ! \u00bb ordonne un \u00e9nerv\u00e9. Le chahut est certes d\u00e9celable, et c&#8217;est \u00e0 ce moment qu&#8217;un &#8220;mod\u00e9r\u00e9&#8221; prend la parole : \u00ab Allez manifestez si \u00e7a vous fait plaisir. Moi, je pense que le r\u00e9el combat passe par les l\u00e9gislatives ! \u00bb. Hu\u00e9es dans l&#8217;amphi. Un audacieux lui r\u00e9torque \u00ab mais allume France 3 l&#8217;apr\u00e8s-midi, tu les verras les parlementaires ! \u00bb<\/p>\n<p><strong> Voter pour rester mobilis\u00e9 <\/strong><\/p>\n<p>L&#8217;AG tarde. La manifestation doit partir \u00e0 14 heures et il est d\u00e9j\u00e0 13 heures 30. Gabriel, l&#8217;organisateur, proc\u00e8de alors au vote apr\u00e8s le passage remarqu\u00e9 de Thierry, professeur dans le d\u00e9partement d&#8217;anglais, qui appelle de ses v\u0153ux la poursuite de ces AG synonymes pour lui d&#8217; \u00ab essence de la d\u00e9mocratie \u00bb. Sont adopt\u00e9es trois propositions : une prochaine AG pour le jeudi 24 mai, un leitmotiv de lutte bas\u00e9 sur \u00ab l&#8217;arr\u00eat des expulsions des sans-papiers, l&#8217;abrogation du CNE, et la revendication du droit de gr\u00e8ve \u00bb. Enfin une nouvelle manifestation pour le samedi 2 juin, un jour avant le premier tour des l\u00e9gislatives. Elle devrait rassembler le plus de monde possible, et d\u00e9passer le cadre \u00e9tudiant, contrairement aux mobilisations de l&#8217;apr\u00e8s midi. \u00ab On se regroupe devant la fac et on part group\u00e9 \u00e0 Bastille \u00bb, exige Gabriel tout en discutant avec une \u00e9tudiante  qui porte fi\u00e8rement un t-shirt rouge bard\u00e9 du slogan \u00ab all power to the people \u00bb. <\/p>\n<p><strong> Petite manif en bonne et due forme <\/strong><\/p>\n<p>Bastille quadrill\u00e9e par les forces de l&#8217;ordre, circulation des voitures non compromise, c&#8217;est vers 14 heures 30 que la manifestation du mercredi 16 mai part du c\u00f4t\u00e9 de la rue de Lyon. Avec l&#8217;aval de la pr\u00e9fecture, l&#8217;ambiance est \u00e0 la marche calme pour quelques 1500 \u00e9tudiants r\u00e9unis pour montrer leur hostilit\u00e9 aux projets gouvernementaux de Nicolas Sarkozy. Quelques slogans fusent dont le classique \u00ab Tout est \u00e0 nous, Rien est \u00e0 eux, Tout ce qu&#8217;ils ont ils l&#8217;ont vol\u00e9; Partage des richesses, Egalit\u00e9 sociale, ou alors \u00e7a va p\u00e9ter, \u00e7a va p\u00e9ter ! \u00bb. Sans d\u00e9bordements aucun, c&#8217;est plut\u00f4t la pr\u00e9sence massive de journalistes munis de leur cam\u00e9ra DV dernier cri qui d\u00e9tonne. Les manifestants prennent le chemin de l&#8217;avenue Daumesnil pour arriver tranquillement sur le boulevard Diderot. En d\u00e9but de cort\u00e8ge, un v\u00e9hicule surmont\u00e9 d&#8217;enceintes crachant \u00ab Mais qu&#8217;est qu&#8217;on attend pour foutre le feu \u00bb du groupe NTM brise la monotonie des marcheurs. A l&#8217;exception d&#8217;un timide fumig\u00e8ne, pour le feu, on attendra. En fin de cort\u00e8ge, des v\u00e9hicules de la mairie de Paris se chargent de &#8220;nettoyer&#8221; les rues souill\u00e9es par des pas contestataires. <\/p>\n<p><strong> Une manifestation d\u00e9guis\u00e9e ? <\/strong><\/p>\n<p>Les Jeunesse Communistes R\u00e9volutionnaires (JCR), pr\u00e9sents ce midi \u00e0 l&#8217;AG de Nanterre, semblent organiser la mobilisation. Quelques membres de la Conf\u00e9d\u00e9ration Nationale du Travail (CNT) sont dispers\u00e9s dans la masse humaine, on per\u00e7oit aussi des militants de Sud (Solidaires, Unitaire et D\u00e9mocratiques). Vision irr\u00e9elle, et presque symbolique : un groupe r\u00e9alise des photos de mode \u00e0 l&#8217;int\u00e9rieur m\u00eame de la manifestation. \u00ab D\u00e9guis\u00e9es \u00bb en militantes, des filles prennent la pose sur un petit tabouret pendant qu&#8217;elles sont &#8220;shoot\u00e9es&#8221; par les photographes. Un enfant manifeste aussi accompagn\u00e9e de ces jeunes parents. Lui est r\u00e9ellement travesti en petit spiderman, et fait la joie des journalistes pr\u00e9sents. Arriv\u00e9e vers 16 heures \u00e0 Nation, la manifestation stagne, en s&#8217;appropriant le quart de l&#8217;\u00e9norme carrefour. Xavier des JCR prend la parole et s&#8217;affirme \u00ab satisfait \u00bb de montrer que la jeunesse ne reste pas de marbre face \u00e0 Sarkozy. Le public semble attendre quelque chose, mais mis \u00e0 part les discussions engag\u00e9es sur le th\u00e8me de l&#8217;immigration et de l&#8217;\u00e9ducation, l&#8217;atmosph\u00e8re est festive jusqu&#8217;\u00e0 18H30. Aux sons des percussions, on dissimule pourtant sur le boulevard Voltaire la pr\u00e9sence d&#8217;une vingtaine de cars de CRS. Mais, \u00e0 l&#8217;int\u00e9rieur, eux aussi semblent sourire. <\/p>\n<p>Tout le contraire pour le rassemblement d&#8217;une centaine de personnes, pendant 20 minutes, aux alentours de Barb\u00e8s, le soir vers 22 heures. L\u00e0-bas, \u00ab \u00e7a a p\u00e9t\u00e9 \u00bb. <\/p>\n<p>http:\/\/paris.indymedia.org\/article.php3?id_article=81638 : on peut voir sur ce lien, l&#8217;appel de l&#8217;AG d&#8217;apr\u00e8s manif, concoct\u00e9 au CICP, rue voltaire. <\/p>\n<p>http:\/\/paris.indymedia.org\/article.php3?id_article=81666 : un r\u00e9cit de la manif du soir depuis Barb\u00e8s. <\/p>\n<p>http:\/\/www.flickr.com\/search\/?q=manifestation+16+mai : plusieurs photos sur la manifestation du 16 mai, de l&#8217;apr\u00e8s midi et du soir.<\/p>\n","protected":false},"excerpt":{"rendered":"<p> Sarkozy \u00e0 l&#8217;Elys\u00e9e, la fac de Nanterre mobilis\u00e9e <\/p>\n","protected":false},"author":1,"featured_media":0,"comment_status":"open","ping_status":"open","sticky":false,"template":"","format":"standard","meta":{"_themeisle_gutenberg_block_has_review":false,"footnotes":""},"categories":[141],"tags":[311],"class_list":["post-2733","post","type-post","status-publish","format-standard","hentry","category-archives-web","tag-mouvement-social"],"_links":{"self":[{"href":"https:\/\/archives.regards.fr\/index.php?rest_route=\/wp\/v2\/posts\/2733","targetHints":{"allow":["GET"]}}],"collection":[{"href":"https:\/\/archives.regards.fr\/index.php?rest_route=\/wp\/v2\/posts"}],"about":[{"href":"https:\/\/archives.regards.fr\/index.php?rest_route=\/wp\/v2\/types\/post"}],"author":[{"embeddable":true,"href":"https:\/\/archives.regards.fr\/index.php?rest_route=\/wp\/v2\/users\/1"}],"replies":[{"embeddable":true,"href":"https:\/\/archives.regards.fr\/index.php?rest_route=%2Fwp%2Fv2%2Fcomments&post=2733"}],"version-history":[{"count":0,"href":"https:\/\/archives.regards.fr\/index.php?rest_route=\/wp\/v2\/posts\/2733\/revisions"}],"wp:attachment":[{"href":"https:\/\/archives.regards.fr\/index.php?rest_route=%2Fwp%2Fv2%2Fmedia&parent=2733"}],"wp:term":[{"taxonomy":"category","embeddable":true,"href":"https:\/\/archives.regards.fr\/index.php?rest_route=%2Fwp%2Fv2%2Fcategories&post=2733"},{"taxonomy":"post_tag","embeddable":true,"href":"https:\/\/archives.regards.fr\/index.php?rest_route=%2Fwp%2Fv2%2Ftags&post=2733"}],"curies":[{"name":"wp","href":"https:\/\/api.w.org\/{rel}","templated":true}]}}