{"id":2717,"date":"2007-05-02T00:00:00","date_gmt":"2007-05-01T22:00:00","guid":{"rendered":"https:\/\/wp.muchomaas.com\/manifestations-des-collectifs-la2717\/"},"modified":"2007-05-02T00:00:00","modified_gmt":"2007-05-01T22:00:00","slug":"manifestations-des-collectifs-la2717","status":"publish","type":"post","link":"https:\/\/archives.regards.fr\/?p=2717","title":{"rendered":"Manifestations des collectifs &#8220;La France qui se l\u00e8ve t\u00f4t&#8221;, les 3 et 4 mai 2007"},"content":{"rendered":"<p>Tract d&#8217;appel (voir tous les RDV partout en France en bas de page) :<\/p>\n<p><strong> Venez mettre de la Javel dans votre k\u00e4rcher ! Rendez-vous Jeudi 3 mai 7h au m\u00e9tro Javel (ligne 10) et vendredi 4 mai 7h du matin pour un grand rassemblement pour &#8220;r\u00e9veiller la (place de la) R\u00e9publique \u00e0 J-2&#8221; <\/strong> <\/p>\n<p>Le collectif La France qui se l\u00e8ve t\u00f4t, rejoint par toute la coalition &#8220;Stop Sarko&#8221;, (http:\/\/www.stopsarko.net\/) vous invite \u00e0 profiter collectivement de nos derniers instants de libert\u00e9. A l&#8217;heure o\u00f9 une concentration in\u00e9dite des pouvoirs industriels, m\u00e9diatiques et politiques est en train de s&#8217;incarner en un seul homme, nous vous appelons \u00e0 vous lever (t\u00f4t) pour d\u00e9fendre nos libert\u00e9s. <\/p>\n<p>Notre collectif vous fera faire le tour du propri\u00e9taire du futur \u00ab Etat-UMP \u00bb (cha\u00eenes publiques et priv\u00e9es, CSA, Assembl\u00e9e, S\u00e9nat, Elys\u00e9e, Matignon, France T\u00e9l\u00e9vision&#8230;) <\/p>\n<p>&#8211; quand un d\u00e9bat au centre de toutes les attentions en est r\u00e9duit \u00e0 \u00eatre diffus\u00e9 sur une cha\u00eene satellite, telle que BFM-TV<\/p>\n<p>&#8211; quand le dessinateur du Monde subit des pressions directes sur lui et son employeur par le ministre de l&#8217;Int\u00e9rieur<\/p>\n<p>&#8211; quand les empires industriels se transmettent de p\u00e8re en fils (\u00ab Bouygues-Dassault-Lagard\u00e8re, les fils \u00e0 papa avec Nicolas \u00bb)<\/p>\n<p>&#8211; quand les patrons de presse parrainent le fils d&#8217;un candidat \u00e0 la pr\u00e9sidentielle, font du v\u00e9lo avec lui, licencient les r\u00e9dacteurs en chef g\u00eanants,<\/p>\n<p>&#8211; quand le candidat en t\u00eate des sondages se plaint aupr\u00e8s du propri\u00e9taire de Lib\u00e9ration des positions politiques de son journal<\/p>\n<p>&#8211; quand un candidat promet la porte \u00e0 la direction de France 3 pour un retard au maquillage<\/p>\n<p>&#8211; quand le dirigeant de Public S\u00e9nat et Europe 1 consulte le chef du parti majoritaire avant de nommer un journaliste<\/p>\n<p>&#8211; quand c&#8217;est la presse \u00e9trang\u00e8re qui s&#8217;interroge sur la couverture de la pr\u00e9sidentielle par les medias fran\u00e7ais: &#8220;Si sa femme l&#8217;a quitt\u00e9 \u00e0 un moment aussi critique, les gens ne sont-ils pas en droit de le savoir ?&#8221; (The Independent http:\/\/news.independent.co.uk\/europe\/article2483842.ece)<\/p>\n<p>&#8211; quand le dirigeant de Public S\u00e9nat et Europe 1 consulte le chef du parti majoritaire avant de nommer un journaliste<\/p>\n<p>&#8211; et quand ce candidat-ministre-pr\u00e9sident-du-parti-majoritaire ose encore affirmer que \u00ab 90% des journalistes sont contre [lui] \u00bb<\/p>\n<p>&#8211; &#8230; il ne s&#8217;agit plus d&#8217;un d\u00e9bat gauche-droite mais bien du choix entre un Etat impartial ou un r\u00e9gime berlusconien&#8230; <\/p>\n<p>Nous terminerons notre p\u00e9riple en allant dire au revoir \u00e0 la direction de France 3, menac\u00e9e de licenciement par Nicolas Sarkozy furieux d&#8217;attendre son maquillage (cf Le Canard encha\u00een\u00e9) \u00ab Il faut virer la direction de France 3 ! Je ne peux pas le faire maintenant. Mais ils ne perdent rien pour attendre. \u00c7a ne va pas tarder ! \u00bb. Effectivement, \u00ab Sarko sans maquillage, c&#8217;est flippant ! \u00bb <\/p>\n<p>Aurons-nous encore un droit \u00e0 la divergence sous Sarkozy ? Les d\u00e9clarations r\u00e9centes de ses lieutenants font froid dans le dos. Gilles De Robien a jug\u00e9 \u00ab immoral \u00bb que Fran\u00e7ois  Bayrou n&#8217;appelle pas \u00e0 voter Sarkozy, pendant que Jacques Santini qualifiait le d\u00e9bat Royal-Bayrou d&#8217;\u00ab anti-d\u00e9mocratique et anti-constitutionnel \u00bb. <\/p>\n<p>Contre un candidat id\u00e9ologue, incomp\u00e9tent et provocateur, avant d&#8217;aller travailler, et voter&#8230; <\/p>\n<p>Contacts : 06 22 59 95 07 : 06 20 21 10 53 : 06 87 46 82 23 <\/p>\n<p>infos@lafrancequiselevetot.com ou www.lafrancequiselevetot.com <\/p>\n<p><strong> Les autres rendez-vous en France : <\/strong><\/p>\n<p>* LILLE : jeudi 3 mai 2007, \u00e0 7h, gare Lille Flandres.<\/p>\n<p>Contact : Elodie : 06 83 92 74 14, e_vittu@yahoo.fr<\/p>\n<p>* CLERMONT FERRAND : vendredi 4 mai, \u00e0 6h30, \u00e0 l&#8217;angle du Bd Jean Jaur\u00e8s et de l&#8217;avenue de la lib\u00e9ration.<\/p>\n<p>Contact : flegoy@orange.fr<\/p>\n<p>* LYON : Jeudi 3 mai \u00e0 16h30 devant l&#8217;\u00e9cole maternelle Michel Servet (Croix rousse), rassemblement Place Croix-Paquet , pour interpeller sur la d\u00e9rive du d\u00e9pistage de la d\u00e9linquance chez les enfants. Ni suicidaires, ni p\u00e9dophiles, les enfants naissent innocents et non pas d\u00e9linquants.<\/p>\n<p>Contact : ptitgavroche@gmail.com<\/p>\n<p>* STRASBOURG , le jeudi 3 Mai, \u00e0 7h du matin. D\u00e9part face \u00e0 la gare, au d\u00e9but de la rue du Maire Kuss, via la petite France et jusqu&#8217;\u00e0 la place de l&#8217;homme de fer.<\/p>\n<p>Contact : helenelelay@yahoo.fr<\/p>\n<p>* LORIENT : vendredi 4 mai, \u00e0 partir de 6h30 sur la place de la mairie.<\/p>\n<p>Contact : saliou.bri@orange.fr<\/p>\n<p>* RENNES, rassemblements tous les jours \u00e0 18h30 place de la mairie<\/p>\n<p>Contact : levetot35@voila.fr<\/p>\n<p>* CREPY-EN-VALOIS, jeudi 3 mai \u00e0 6 H 20 devant la gare <\/p>\n<p>Contact : jdterreaux@confederationpaysanne.fr<\/p>\n<p>* TOULOUSE, 3 mai 2007 \u00e0 6h30, place du Capitole<\/p>\n<p>Contacts : nanaouet@gmail.com et sebastien.bosvieux@wanadoo.fr<\/p>\n<p>* GRENOBLE : vendredi 4 mai \u00e0 6h30. RDV \u00e0 F\u00e9lix Poulat (arr\u00eat tram victor Hugo).<\/p>\n<p>Contacts : cucarollo.jerome@hotmail.fr, celinebaudouin@no-log.org<\/p>\n<p>* VANNES : mardi 1er mai \u00e0 5h45, place de l&#8217;h\u00f4tel de ville.<\/p>\n<p>contact : cedric.aubouy@wanadoo.fr<\/p>\n<p>* AGEN : jeudi 3 mai, 6h30 place des laitiers, jeudi<\/p>\n<p>Contact : Lydie : 06 61 51 51 21, lydieokrongley@hotmail.com<\/p>\n<p>* DANS LE METRO : quand on veut, mais en particulier jeudi 3 mai apr\u00e8s le rassemblement parisien \u00e0 Javel : larepubliquedu metro.org<\/p>\n","protected":false},"excerpt":{"rendered":"<p>Tract d&#8217;appel (voir tous les RDV partout en France en bas de page) : Venez mettre de la Javel dans votre k\u00e4rcher ! Rendez-vous Jeudi 3 mai 7h au m\u00e9tro Javel (ligne 10) et vendredi 4 mai 7h du matin pour un grand rassemblement pour &#8220;r\u00e9veiller la (place de la) R\u00e9publique \u00e0 J-2&#8221; Le collectif [&hellip;]<\/p>\n","protected":false},"author":1,"featured_media":0,"comment_status":"open","ping_status":"open","sticky":false,"template":"","format":"standard","meta":{"_themeisle_gutenberg_block_has_review":false,"footnotes":""},"categories":[141],"tags":[290],"class_list":["post-2717","post","type-post","status-publish","format-standard","hentry","category-archives-web","tag-elections"],"_links":{"self":[{"href":"https:\/\/archives.regards.fr\/index.php?rest_route=\/wp\/v2\/posts\/2717","targetHints":{"allow":["GET"]}}],"collection":[{"href":"https:\/\/archives.regards.fr\/index.php?rest_route=\/wp\/v2\/posts"}],"about":[{"href":"https:\/\/archives.regards.fr\/index.php?rest_route=\/wp\/v2\/types\/post"}],"author":[{"embeddable":true,"href":"https:\/\/archives.regards.fr\/index.php?rest_route=\/wp\/v2\/users\/1"}],"replies":[{"embeddable":true,"href":"https:\/\/archives.regards.fr\/index.php?rest_route=%2Fwp%2Fv2%2Fcomments&post=2717"}],"version-history":[{"count":0,"href":"https:\/\/archives.regards.fr\/index.php?rest_route=\/wp\/v2\/posts\/2717\/revisions"}],"wp:attachment":[{"href":"https:\/\/archives.regards.fr\/index.php?rest_route=%2Fwp%2Fv2%2Fmedia&parent=2717"}],"wp:term":[{"taxonomy":"category","embeddable":true,"href":"https:\/\/archives.regards.fr\/index.php?rest_route=%2Fwp%2Fv2%2Fcategories&post=2717"},{"taxonomy":"post_tag","embeddable":true,"href":"https:\/\/archives.regards.fr\/index.php?rest_route=%2Fwp%2Fv2%2Ftags&post=2717"}],"curies":[{"name":"wp","href":"https:\/\/api.w.org\/{rel}","templated":true}]}}