{"id":2716,"date":"2007-05-02T00:00:00","date_gmt":"2007-05-01T22:00:00","guid":{"rendered":"https:\/\/wp.muchomaas.com\/ag45-la-maison-des-medias-libres2716\/"},"modified":"2007-05-02T00:00:00","modified_gmt":"2007-05-01T22:00:00","slug":"ag45-la-maison-des-medias-libres2716","status":"publish","type":"post","link":"https:\/\/archives.regards.fr\/?p=2716","title":{"rendered":"&#8220;AG45 &#8211; La Maison des m\u00e9dias libres&#8221; : quel relogement ?"},"content":{"rendered":"<p>La maison des m\u00e9dias associatifs et coop\u00e9ratifs (AG45) est menac\u00e9e d&#8217;expulsion de ses locaux ( Cours du Maroc, 45 rue d&#8217;Aubervilliers dans le 18\u00e8me arrondissement de Paris). La mairie de Paris n&#8217;a pour l&#8217;instant rien propos\u00e9 de satisfaisant et d&#8217;accessible financi\u00e8rement pour les associations. L&#8217;AG45 regroupe des organismes m\u00e9diatiques associatifs, coop\u00e9ratifs et ind\u00e9pendants, avec notamment \u00ab co-errances \u00bb, une coop\u00e9rative de diffusion et de distribution de revues, films et sons ( www.co-errances.org), \u00ab Fr\u00e9quence Paris Plurielle \u00bb, une radio libre anim\u00e9e par les associations, pour les associations (106.3 Fm), \u00ab R\u00e9seau 2000 \u00bb, un p\u00f4le technologique de d\u00e9mocratisation et d&#8217;acc\u00e8s aux nouvelles technologies de l&#8217;information et de la communication (www.reseau2000.net), \u00ab Zal\u00e9a TV \u00bb, t\u00e9l\u00e9vision nationale g\u00e9n\u00e9raliste de libre expression (www.zalea.org) et \u00ab Les P\u00e9riph\u00e9riques Vous Parlent \u00bb, revue de culture et de sciences sociales ( www.lesperiphriques.org). A c\u00f4t\u00e9 de ces associations gestionnaires, l&#8217;AG45 accueille \u00e9galement le collectif d&#8217;Indymedia Paris, L&#8217;Echo des Cit\u00e9s, et d&#8217;autres associations. <\/p>\n<p>Voici une lettre ouverte de AG45 adress\u00e9e \u00e0 la mairie de Paris :<\/p>\n<p><strong> Lettre ouverte d&#8217;AG45 \u00e0  Monsieur Bertrand Delano\u00eb, Maire de Paris, \u00e0 propos du non-relogement du p\u00f4le d&#8217;associations &#8220;AG45 &#8211; La Maison des M\u00e9dias Libres&#8221; <\/strong> <\/p>\n<p>Paris, le 20 avril 2007 <\/p>\n<p>Monsieur Le Maire, <\/p>\n<p>Vous inaugurerez, Monsieur le Maire, le 12 mai prochain, les Jardins d&#8217;Eole, dont l&#8217;implantation sur le site de la Cour du Maroc, rue d&#8217;Aubervilliers, dans le XVIII\u00e8me arrondissement, contribuera sans nul doute \u00e0 apporter un mieux-\u00eatre aux habitants de ce quartier d\u00e9favoris\u00e9. Vous n&#8217;\u00eates pas sans savoir que notre f\u00e9d\u00e9ration d&#8217;associations, qui s&#8217;acquitte depuis plusieurs ann\u00e9es d&#8217;un loyer aupr\u00e8s de votre Mairie, occupe \u00e0 ce jour l&#8217;un des b\u00e2timents situ\u00e9 dans ces jardins et qui, apr\u00e8s r\u00e9novation, devrait accueillir l&#8217;Ecole de la deuxi\u00e8me chance, scellant notre d\u00e9part des lieux. <\/p>\n<p>Nous souhaitons attirer votre attention sur le probl\u00e8me pos\u00e9 par la r\u00e9affectation envisag\u00e9e du b\u00e2timent o\u00f9 intervient actuellement notre p\u00f4le m\u00e9dia associatif AG45 et, au-del\u00e0, sur le devenir du tissu associatif parisien, de plus en plus entrav\u00e9 pour mener \u00e0 bien ses missions d&#8217;utilit\u00e9 sociale et culturelle, et d&#8217;information. <\/p>\n<p>En effet, notre situation t\u00e9moigne des incertitudes et des inqui\u00e9tudes dans lesquelles de nombreuses associations se trouvent \u00eatre immerg\u00e9es aujourd&#8217;hui, sous l&#8217;effet de la flamb\u00e9e des prix locatifs, qui contribue \u00e0 leur \u00e9tranglement financier et compromet leur ind\u00e9pendance d&#8217;action, voire leur survie. <\/p>\n<p>Des dizaines de salari\u00e9s travaillent depuis plus de six ans dans les associations qui constituent AG45, sans compter les b\u00e9n\u00e9voles et les stagiaires. Trois \u00e0 quatre cent personnes s&#8217;y relaient chaque semaine pour s&#8217;y former gratuitement \u00e0 l&#8217;informatique et \u00e0 internet, pour y produire des programmes radiophoniques et audiovisuels, des manifestations culturelles et artistiques, pour y d\u00e9couvrir des livres, des films et des revues. Les savoirs y sont \u00e9chang\u00e9s gratuitement, et la culture accessible \u00e0 tous, au niveau r\u00e9gional mais aussi national. Cette exp\u00e9rience participe, de mani\u00e8re \u00e9vidente, au pluralisme de l&#8217;expression et de l&#8217;information. <\/p>\n<p>Nous tenons \u00e0 rappeler la fragilit\u00e9, les bas salaires, les conditions chroniques de pr\u00e9carit\u00e9 du monde associatif, dans une p\u00e9riode de r\u00e9duction drastique de subventions et d&#8217;aide \u00e0 l&#8217;emploi. Le maintien de ces emplois est \u00e9videmment li\u00e9 \u00e0 la mise \u00e0 disposition d&#8217;un lieu de travail \u00e0 des conditions financi\u00e8res viables. <\/p>\n<p>Notre d\u00e9part du site prochainement semble avoir \u00e9t\u00e9 d\u00e9cid\u00e9. Pourtant les activit\u00e9s men\u00e9es depuis plusieurs ann\u00e9es par nos associations, en lien avec les habitants du quartier, ont contribu\u00e9 \u00e0 sa r\u00e9habilitation en construisant un climat de solidarit\u00e9 et d&#8217;entraide. En cons\u00e9quence, la d\u00e9cision de nous maintenir sur les lieux n&#8217;aurait rien eu de scandaleuse ni d&#8217;usurp\u00e9e \u00e0 nos yeux. Il en a \u00e9t\u00e9 d\u00e9cid\u00e9 autrement. <\/p>\n<p>Nous nous sommes engag\u00e9s d\u00e8s 2002 dans une d\u00e9marche consensuelle avec vos Services. Force est de constater que, de ce fait, nous n&#8217;avons gu\u00e8re communiqu\u00e9 sur notre travail et nos actions ; ce qui a permis \u00e0 certains de les minimiser au nom d&#8217;enjeux locaux. Cette situation ne saurait perdurer. <\/p>\n<p>Nos inqui\u00e9tudes, Monsieur le Maire, sont attenantes aujourd&#8217;hui tant \u00e0 notre relogement et \u00e0 la nature des solutions pr\u00e9conis\u00e9es jusque l\u00e0 par la Mairie, qu&#8217;\u00e0 la place que vous accordez \u00e0 la question des m\u00e9dias dans le cadre de votre mandature, \u00e0 l&#8217;heure o\u00f9 cette question est abandonn\u00e9e \u00e0 l&#8217;initiative du seul secteur marchand. <\/p>\n<p>Nous avons toujours \u00e9t\u00e9 dispos\u00e9s \u00e0 n\u00e9gocier des propositions compatibles avec nos possibilit\u00e9s. Or, \u00e0 ce jour, l&#8217;unique r\u00e9ponse qui a suivi les nombreuses prises de contact a \u00e9t\u00e9 de nous proposer des locaux dont les loyers s&#8217;alignent sur les prix du march\u00e9, bien au-del\u00e0 de nos capacit\u00e9s financi\u00e8res et alors m\u00eame qu&#8217;une surface de 35 000 m\u00b2 d\u00e9di\u00e9e \u00e0 la culture ouvrira ses portes \u00e0 quelques pas d&#8217;AG45, au 104 Rue d&#8217;Aubervilliers. <\/p>\n<p>Ce type de proposition est tout simplement inacceptable, non par choix, mais par n\u00e9cessit\u00e9. Les conditions de fragilit\u00e9 financi\u00e8re du tissu associatif parisien, y compris nos associations, rendent en effet impossible l&#8217;acquittement d&#8217;un loyer au prix du march\u00e9. <\/p>\n<p>De plus, cela nous para\u00eet contradictoire avec notre vocation : celle de faire vivre un espace public citoyen, non-marchand et ind\u00e9pendant, oeuvrant au renforcement des solidarit\u00e9s sociales et humaines. Comment se fait-il que des associations comme les n\u00f4tres ne puissent aujourd&#8217;hui disposer d&#8217;espaces \u00e0 loyers accessibles, alors qu&#8217;elles sont productrices d&#8217;une richesse sociale et culturelle av\u00e9r\u00e9e ? <\/p>\n<p>Cette question est indissociable de celles de la d\u00e9mocratie participative et de la culture de proximit\u00e9, qui anime les 45 salari\u00e9s travaillant \u00e0 AG45, ses milliers d&#8217;usagers, ainsi que les nombreux collectifs et personnalit\u00e9s qui nous soutiennent afin qu&#8217;une solution digne de relogement soit trouv\u00e9e. Comme semblerait l&#8217;indiquer votre projet d&#8217;\u00ab \u00e9cole de la deuxi\u00e8me chance \u00bb en lieu et place d&#8217;AG45, vous ne pouvez manquer d&#8217;\u00eatre sensible \u00e0 ces enjeux et concern\u00e9s plus g\u00e9n\u00e9ralement par la situation de pr\u00e9carisation des populations les plus vuln\u00e9rables, rel\u00e9gu\u00e9es inexorablement dans les p\u00e9riph\u00e9ries de nos villes ; ceci pour faire place nette \u00e0 des projets immobiliers qui n&#8217;ont pour unique objectif que le profit. <\/p>\n<p>Cette pr\u00e9carit\u00e9 grandissante des associations fragilise les droits sociaux, repr\u00e9sente une limite au pluralisme, \u00e0 la libert\u00e9 d&#8217;expression et \u00e0 l&#8217;appropriation par les citoyens des outils indispensables au d\u00e9veloppement de la cr\u00e9ativit\u00e9 individuelle et collective, et \u00e0 tout effort de transformation sociale &#8211; laissant alors prosp\u00e9rer la pens\u00e9e unique et ses logiques de concurrence. <\/p>\n<p>Dans ce contexte, nous demandons aujourd&#8217;hui que notre situation soit enfin \u00e9tudi\u00e9e et consid\u00e9r\u00e9e avec tout le respect d\u00fb \u00e0 nos activit\u00e9s, sans que les int\u00e9r\u00eats partisans et particuliers des uns et des autres pr\u00e9valent. L&#8217;avenir de nos associations en d\u00e9pend. <\/p>\n<p>C&#8217;est pourquoi nous souhaitons, Monsieur le Maire, un engagement clair de votre part, lors de l&#8217;inauguration des Jardins d&#8217;Eole, pour permettre le relogement d&#8217;AG45 dans des conditions financi\u00e8res identiques. Vous manifesteriez par l\u00e0 votre soutien \u00e0 la cr\u00e9ation durable d&#8217;un lieu d\u00e9di\u00e9 aux m\u00e9dias associatifs et populaires. En effet, devant le recul permanent des libert\u00e9s et la marchandisation croissante de la culture, le pole AG45 que nous avons pr\u00e9figur\u00e9 s&#8217;av\u00e8re \u00eatre un espace d&#8217;expression citoyenne et, \u00e0 travers les m\u00e9dias, un outil d&#8217;apprentissage de la d\u00e9mocratie participative. <\/p>\n<p>Nous vous prions, Monsieur le Maire, d&#8217;accepter l&#8217;expression de nos salutations distingu\u00e9es. <\/p>\n<p>Les repr\u00e9sentants d&#8217;AG45 &#8211; La Maison des M\u00e9dias Libres constitu\u00e9e de : <\/p>\n<p> la coop\u00e9rative de distribution Co-errances <\/p>\n<p> la radio libre Fr\u00e9quence Paris Plurielle <\/p>\n<p> la revue Les p\u00e9riph\u00e9riques vous parlent <\/p>\n<p> l&#8217;espace public num\u00e9rique R\u00e9seau 2000 <\/p>\n<p> la t\u00e9l\u00e9vision libre Zalea TV <\/p>\n<p>le mardi 24 avril 2007 \u00e0 16h26<\/p>\n","protected":false},"excerpt":{"rendered":"<p>La maison des m\u00e9dias associatifs et coop\u00e9ratifs (AG45) est menac\u00e9e d&#8217;expulsion de ses locaux ( Cours du Maroc, 45 rue d&#8217;Aubervilliers dans le 18\u00e8me arrondissement de Paris). La mairie de Paris n&#8217;a pour l&#8217;instant rien propos\u00e9 de satisfaisant et d&#8217;accessible financi\u00e8rement pour les associations. L&#8217;AG45 regroupe des organismes m\u00e9diatiques associatifs, coop\u00e9ratifs et ind\u00e9pendants, avec notamment [&hellip;]<\/p>\n","protected":false},"author":1,"featured_media":0,"comment_status":"open","ping_status":"open","sticky":false,"template":"","format":"standard","meta":{"_themeisle_gutenberg_block_has_review":false,"footnotes":""},"categories":[141],"tags":[287],"class_list":["post-2716","post","type-post","status-publish","format-standard","hentry","category-archives-web","tag-medias"],"_links":{"self":[{"href":"https:\/\/archives.regards.fr\/index.php?rest_route=\/wp\/v2\/posts\/2716","targetHints":{"allow":["GET"]}}],"collection":[{"href":"https:\/\/archives.regards.fr\/index.php?rest_route=\/wp\/v2\/posts"}],"about":[{"href":"https:\/\/archives.regards.fr\/index.php?rest_route=\/wp\/v2\/types\/post"}],"author":[{"embeddable":true,"href":"https:\/\/archives.regards.fr\/index.php?rest_route=\/wp\/v2\/users\/1"}],"replies":[{"embeddable":true,"href":"https:\/\/archives.regards.fr\/index.php?rest_route=%2Fwp%2Fv2%2Fcomments&post=2716"}],"version-history":[{"count":0,"href":"https:\/\/archives.regards.fr\/index.php?rest_route=\/wp\/v2\/posts\/2716\/revisions"}],"wp:attachment":[{"href":"https:\/\/archives.regards.fr\/index.php?rest_route=%2Fwp%2Fv2%2Fmedia&parent=2716"}],"wp:term":[{"taxonomy":"category","embeddable":true,"href":"https:\/\/archives.regards.fr\/index.php?rest_route=%2Fwp%2Fv2%2Fcategories&post=2716"},{"taxonomy":"post_tag","embeddable":true,"href":"https:\/\/archives.regards.fr\/index.php?rest_route=%2Fwp%2Fv2%2Ftags&post=2716"}],"curies":[{"name":"wp","href":"https:\/\/api.w.org\/{rel}","templated":true}]}}