{"id":2711,"date":"2007-04-25T00:00:00","date_gmt":"2007-04-24T22:00:00","guid":{"rendered":"https:\/\/wp.muchomaas.com\/non-un-film-contre-la-societe2711\/"},"modified":"2007-04-25T00:00:00","modified_gmt":"2007-04-24T22:00:00","slug":"non-un-film-contre-la-societe2711","status":"publish","type":"post","link":"https:\/\/archives.regards.fr\/?p=2711","title":{"rendered":"&#8220;NON ! Un film contre la soci\u00e9t\u00e9 sarkozyste&#8221;"},"content":{"rendered":"<p class=\"post_excerpt\"><em> Regards <\/em> apporte son soutien \u00e0 ce film qui s&#8217;attaque au programme que le candidat Sarkozy mettra en place s&#8217;il l&#8217;emporte le 6 mai. <\/p>\n<p><em> Non ! Un film contre la soci\u00e9t\u00e9 sarkosyste <\/em> (50 min)  : Le programme que l&#8217;on nous pr\u00e9pare, d\u00e9cortiqu\u00e9 et contr\u00e9 par des chercheurs, militants et praticiens de &#8220;l&#8217;Autre campagne&#8221;.<\/p>\n<p>Avec : <\/p>\n<p>Monique Chemillier Gendreau : Immigration et libert\u00e9 publique<\/p>\n<p>Anne Debr\u00e9geas : Services publics <\/p>\n<p>Eric Fassin : G\u00e9n\u00e9tique, naturalisation de la nationalit\u00e9 et rh\u00e9torique de la confusion <\/p>\n<p>H\u00e9l\u00e8ne Franco : Justice et criminalit\u00e9 \u00e9conomique et financi\u00e8re<\/p>\n<p>Susan George : Politiques internationales<\/p>\n<p>Michel Husson : Travailler plus pour gagner plus et la r\u00e9forme des retraites (Fillon et ses suites)<\/p>\n<p>Bruno Julliard : Ecole et jeunesse<\/p>\n<p>Christian Lehmann : Sant\u00e9 et franchise sur les soins<\/p>\n<p>Henri Maler : M\u00e9dias<\/p>\n<p>Richard Moyon : Expulsions et exp\u00e9rience d&#8217;RSF<\/p>\n<p>Thomas Piketty : Fiscalit\u00e9 et redistribution<\/p>\n<p>Emmanuel Terray : Europe<\/p>\n<p>Louis-Georges Tin : Violence et discrimination<\/p>\n<p>Alain Trautmann : Recherche et enseignement sup\u00e9rieur<\/p>\n<p><strong> Pour soutenir l&#8217;initiative, achetez le DVD (10 ?) ou faites un don : <\/strong><\/p>\n<p>Paiement par ch\u00e8que :<\/p>\n<p>Les ch\u00e8ques sont \u00e0 envoyer et \u00e0 libeller \u00e0 :<\/p>\n<p>L&#8217;autre association<\/p>\n<p>3, rue des Petites Ecuries<\/p>\n<p>75010 Paris <\/p>\n<p>Paiement en ligne :<\/p>\n<p>Payez via Paypal (paiement s\u00e9curis\u00e9) sur http:\/\/www.lautrecampagne.org<\/p>\n<p><strong> Pour en savoir plus, http:\/\/www.lautrecampagne.org <\/strong><\/p>\n","protected":false},"excerpt":{"rendered":"<p><em> Regards <\/em> apporte son soutien \u00e0 ce film qui s&#8217;attaque au programme que le candidat Sarkozy mettra en place s&#8217;il l&#8217;emporte le 6 mai. <\/p>\n","protected":false},"author":1,"featured_media":0,"comment_status":"open","ping_status":"open","sticky":false,"template":"","format":"standard","meta":{"_themeisle_gutenberg_block_has_review":false,"footnotes":""},"categories":[141],"tags":[290],"class_list":["post-2711","post","type-post","status-publish","format-standard","hentry","category-archives-web","tag-elections"],"_links":{"self":[{"href":"https:\/\/archives.regards.fr\/index.php?rest_route=\/wp\/v2\/posts\/2711","targetHints":{"allow":["GET"]}}],"collection":[{"href":"https:\/\/archives.regards.fr\/index.php?rest_route=\/wp\/v2\/posts"}],"about":[{"href":"https:\/\/archives.regards.fr\/index.php?rest_route=\/wp\/v2\/types\/post"}],"author":[{"embeddable":true,"href":"https:\/\/archives.regards.fr\/index.php?rest_route=\/wp\/v2\/users\/1"}],"replies":[{"embeddable":true,"href":"https:\/\/archives.regards.fr\/index.php?rest_route=%2Fwp%2Fv2%2Fcomments&post=2711"}],"version-history":[{"count":0,"href":"https:\/\/archives.regards.fr\/index.php?rest_route=\/wp\/v2\/posts\/2711\/revisions"}],"wp:attachment":[{"href":"https:\/\/archives.regards.fr\/index.php?rest_route=%2Fwp%2Fv2%2Fmedia&parent=2711"}],"wp:term":[{"taxonomy":"category","embeddable":true,"href":"https:\/\/archives.regards.fr\/index.php?rest_route=%2Fwp%2Fv2%2Fcategories&post=2711"},{"taxonomy":"post_tag","embeddable":true,"href":"https:\/\/archives.regards.fr\/index.php?rest_route=%2Fwp%2Fv2%2Ftags&post=2711"}],"curies":[{"name":"wp","href":"https:\/\/api.w.org\/{rel}","templated":true}]}}