{"id":2700,"date":"2007-02-01T00:00:00","date_gmt":"2007-01-31T23:00:00","guid":{"rendered":"https:\/\/wp.muchomaas.com\/marie-george-buffet-entre-identite2700\/"},"modified":"2007-02-01T00:00:00","modified_gmt":"2007-01-31T23:00:00","slug":"marie-george-buffet-entre-identite2700","status":"publish","type":"post","link":"https:\/\/archives.regards.fr\/?p=2700","title":{"rendered":"Marie-George Buffet, entre identit\u00e9 communiste et rassemblement antilib\u00e9ral"},"content":{"rendered":"<p class=\"post_excerpt\"> La campagne de Marie-George Buffet ne se pr\u00e9sente pas formellement sous le sigle du PCF, mais sous le nom de \u00ab gauche populaire et antilib\u00e9rale \u00bb. Le d\u00e9fi : associer l&#8217;identit\u00e9 du PCF et les th\u00e9matiques de la dynamique antilib\u00e9rale. <\/p>\n<p>Le PCF a finalement d\u00e9cid\u00e9, on le sait, de maintenir la candidature de Marie-George Buffet \u00e0 l&#8217;\u00e9lection pr\u00e9sidentielle d&#8217;avril prochain. Pour la direction du PCF, ce choix a \u00e9t\u00e9 doublement l\u00e9gitim\u00e9 : il correspondait \u00e0 une d\u00e9cision formelle des communistes prise en d\u00e9cembre dernier, apr\u00e8s la r\u00e9union des collectifs antilib\u00e9raux \u00e0 Saint-Ouen ; dans la pr\u00e9paration de cette r\u00e9union, une majorit\u00e9 des collectifs locaux s&#8217;\u00e9taient prononc\u00e9s en faveur de la candidature de la secr\u00e9taire nationale. Il n&#8217;y a pas eu consensus, reconna\u00eet-on, place du Colonel-Fabien, mais ce consensus n&#8217;\u00e9tait pas r\u00e9ellement possible : il n&#8217;y avait donc pas d&#8217;autre solution que de se rabattre sur la r\u00e8gle de la majorit\u00e9. Sans doute cette r\u00e8gle avait-elle \u00e9t\u00e9 explicitement repouss\u00e9e quelques semaines plus t\u00f4t, avec l&#8217;assentiment appuy\u00e9e de dirigeants communistes qui redoutaient alors la logique des \u00ab primaires \u00bb r\u00e9clam\u00e9e par Jos\u00e9 Bov\u00e9. Mais, faute de grives il faut savoir se contenter de merles et, faute de consensus, s&#8217;en remettre \u00e0 la majorit\u00e9 des collectifs : et non \u00e0 la majorit\u00e9 des militants&#8230; Au final, la campagne de Marie-George Buffet ne se pr\u00e9sente donc pas formellement sous le sigle du PCF, mais sous celui d&#8217;une \u00ab gauche populaire antilib\u00e9rale \u00bb.<\/p>\n<p><strong> Risques et p\u00e9rils <\/strong><\/p>\n<p>La d\u00e9cision prise l&#8217;a \u00e9t\u00e9 sur la base d&#8217;un assentiment largement majoritaire \u00e0 l&#8217;int\u00e9rieur du PCF. Mais la majorit\u00e9 n&#8217;est bien s\u00fbr pas l&#8217;unanimit\u00e9. En fait, les f\u00e9d\u00e9rations communistes qui se sont prononc\u00e9es le plus nettement en faveur du maintien d&#8217;une candidature Buffet ont \u00e9t\u00e9 souvent celles (par exemple le Nord et le Pas-de-Calais) o\u00f9 le choix du rassemblement antilib\u00e9ral avait \u00e9t\u00e9 le moins retenu en f\u00e9vrier dernier, dans la pr\u00e9paration du Congr\u00e8s. En revanche, les f\u00e9d\u00e9rations o\u00f9 la densit\u00e9 et l&#8217;anciennet\u00e9 des collectifs unitaires est forte et o\u00f9 les communistes s&#8217;y sont massivement investis ont vot\u00e9 pour plus de la moyenne en faveur de l&#8217;option du retrait (certaines f\u00e9d\u00e9rations de la r\u00e9gion parisienne, du Sud-Ouest ou de l&#8217;arc m\u00e9diterran\u00e9en).<\/p>\n<p>Le pari du groupe dirigeant est risqu\u00e9. Pour l&#8217;instant, les sondages ne t\u00e9moignent pas d&#8217;un d\u00e9collage des intentions de vote qui restent \u00e0 un niveau tr\u00e8s bas (3 % en moyenne), surtout chez les jeunes et les cat\u00e9gories populaires. Les communistes, traditionnellement, comptent sur la mobilisation militante pour inverser le cours des choses, m\u00eame si les exp\u00e9riences pr\u00e9c\u00e9dentes, depuis 1981, n&#8217;attestent gu\u00e8re du fait. Si Jos\u00e9 Bov\u00e9 n&#8217;est pas candidat au final et si Olivier Besancenot n&#8217;obtient pas les signatures n\u00e9cessaires, le PCF peut, il est vrai, esp\u00e9rer \u00e9viter le pire. Mais que se passera-t-il si Besancenot parvient in extremis au quota de signatures n\u00e9cessaire et, a fortiori, si Jos\u00e9 Bov\u00e9 se pr\u00e9sente \u00e0 son tour, qui plus est avec l&#8217;onction d&#8217;une autre partie des collectifs antilib\u00e9raux ?<\/p>\n<p>En tout \u00e9tat de cause, le processus de d\u00e9signation de la candidature aura plut\u00f4t aviv\u00e9 les dissensions internes. Une part des militants attend une campagne identitaire assum\u00e9e, sous le signe de la faucille et du marteau. Ceux-l\u00e0 manifestent d\u00e9j\u00e0 leur agacement, devant un mat\u00e9riel de campagne qui valorise les symboles (ou plut\u00f4t les non-symboles) de la \u00ab gauche populaire et antilib\u00e9rale \u00bb plut\u00f4t que ceux associ\u00e9s historiquement au communisme. De plus, l&#8217;\u00e9quipe de campagne proprement dite a fait la part belle aux proches de la secr\u00e9taire nationale, au d\u00e9triment de ceux qui, autour de Nicolas Marchand ou d&#8217;Yves Dimicoli, plaident depuis longtemps pour une entr\u00e9e en campagne d&#8217;une candidate du Parti communiste \u00e8s qualit\u00e9s.<\/p>\n<p>Sur l&#8217;autre versant de l&#8217;organisation communiste, nombre de militants qui plaidaient pour le retrait de l&#8217;offre communiste initiale restent amers devant l&#8217;\u00e9chec d&#8217;une candidature permettant au courant antilib\u00e9ral de s&#8217;approcher de l&#8217;arc des forces rassembl\u00e9 en 2005, lors de la campagne r\u00e9f\u00e9rendaire. Certains se pr\u00e9parent certes \u00e0 soutenir, plus ou moins ouvertement, la candidate de leur parti, pour \u00ab limiter les d\u00e9g\u00e2ts \u00bb. D&#8217;autres pourraient ne pas s&#8217;y r\u00e9signer, \u00e0 commencer par celles et ceux qui ont d&#8217;ores et d\u00e9j\u00e0 d\u00e9cid\u00e9 de s&#8217;engager autour d&#8217;une candidature Bov\u00e9. Les communistes, plaident ceux-l\u00e0, ne peuvent sans se d\u00e9juger rester \u00e0 l&#8217;\u00e9cart de ce qui s&#8217;av\u00e8re un mouvement massif, du point de vue militant en tout cas. Le PCF de 1988 avait d\u00e9j\u00e0 \u00e9t\u00e9 plac\u00e9 devant le dilemme pos\u00e9 par la candidature de Pierre Juquin, qui avait \u00e9t\u00e9 longtemps dirigeant du PCF. Cette fois, le trouble pourrait-\u00eatre plus grand, sans que l&#8217;on puisse encore en mesurer pr\u00e9cis\u00e9ment les effets.<\/p>\n<p>Au bout du compte, la situation est plus d\u00e9licate que jamais dans une organisation qui n&#8217;a pas oubli\u00e9 le choc traumatisant de la pr\u00e9c\u00e9dente consultation pr\u00e9sidentielle. Manifestement, la majorit\u00e9 de la direction communiste a craint que, en n&#8217;allant pas jusqu&#8217;au bout de la candidature Buffet, elle laisse le champ libre \u00e0 une recomposition politique \u00e0 terme qui, pense-t-elle, se serait faite \u00e0 son d\u00e9triment. Pour une part, le choix a \u00e9t\u00e9 culturellement facilit\u00e9 par une relecture de l&#8217;histoire qui attribue une part non n\u00e9gligeable du d\u00e9clin communiste \u00e0 la d\u00e9cision de ne pas pr\u00e9senter de candidature face \u00e0 Fran\u00e7ois Mitterrand, en 1965 et en 1974. Le parti absent \u00e0 une consultation pr\u00e9sidentielle hypoth\u00e8que ses chances d&#8217;avenir&#8230;<\/p>\n<p>A contrario, le probl\u00e8me est qu&#8217;un parti qui s&#8217;installe dans la marginalit\u00e9 \u00e0 l&#8217;occasion des scrutins pr\u00e9sidentiels risque d&#8217;avoir beaucoup de mal \u00e0 reconqu\u00e9rir un seuil minimal de cr\u00e9dibilit\u00e9 politique. Le PCF table sur le fait que, \u00e0 la diff\u00e9rence de 2002, sa candidate ne sera pas affaiblie par le discr\u00e9dit qui avait pes\u00e9 sur la gauche plurielle et les deux principales formations gouvernementales. Mais il n&#8217;ignore pas non plus le poids du vote utile, auquel s&#8217;ajoute d\u00e9sormais le trouble d&#8217;une op\u00e9ration antilib\u00e9rale rat\u00e9e. Dans la confusion cr\u00e9\u00e9e par l&#8217;\u00e9chec de la grande r\u00e9union des collectifs antilib\u00e9raux \u00e0 Saint-Ouen en d\u00e9cembre dernier, le PCF parviendra-t-il \u00e0 associer son image propre, qu&#8217;incarne sa personnalit\u00e9 la plus embl\u00e9matique, avec les th\u00e9matiques qui ont port\u00e9 la dynamique antilib\u00e9rale depuis deux ans ? La campagne permettra vite de le dire.<\/p>\n","protected":false},"excerpt":{"rendered":"<p> La campagne de Marie-George Buffet ne se pr\u00e9sente pas formellement sous le sigle du PCF, mais sous le nom de \u00ab gauche populaire et antilib\u00e9rale \u00bb. Le d\u00e9fi : associer l&#8217;identit\u00e9 du PCF et les th\u00e9matiques de la dynamique antilib\u00e9rale. <\/p>\n","protected":false},"author":1,"featured_media":0,"comment_status":"open","ping_status":"open","sticky":false,"template":"","format":"standard","meta":{"_themeisle_gutenberg_block_has_review":false,"footnotes":""},"categories":[141],"tags":[290],"class_list":["post-2700","post","type-post","status-publish","format-standard","hentry","category-archives-web","tag-elections"],"_links":{"self":[{"href":"https:\/\/archives.regards.fr\/index.php?rest_route=\/wp\/v2\/posts\/2700","targetHints":{"allow":["GET"]}}],"collection":[{"href":"https:\/\/archives.regards.fr\/index.php?rest_route=\/wp\/v2\/posts"}],"about":[{"href":"https:\/\/archives.regards.fr\/index.php?rest_route=\/wp\/v2\/types\/post"}],"author":[{"embeddable":true,"href":"https:\/\/archives.regards.fr\/index.php?rest_route=\/wp\/v2\/users\/1"}],"replies":[{"embeddable":true,"href":"https:\/\/archives.regards.fr\/index.php?rest_route=%2Fwp%2Fv2%2Fcomments&post=2700"}],"version-history":[{"count":0,"href":"https:\/\/archives.regards.fr\/index.php?rest_route=\/wp\/v2\/posts\/2700\/revisions"}],"wp:attachment":[{"href":"https:\/\/archives.regards.fr\/index.php?rest_route=%2Fwp%2Fv2%2Fmedia&parent=2700"}],"wp:term":[{"taxonomy":"category","embeddable":true,"href":"https:\/\/archives.regards.fr\/index.php?rest_route=%2Fwp%2Fv2%2Fcategories&post=2700"},{"taxonomy":"post_tag","embeddable":true,"href":"https:\/\/archives.regards.fr\/index.php?rest_route=%2Fwp%2Fv2%2Ftags&post=2700"}],"curies":[{"name":"wp","href":"https:\/\/api.w.org\/{rel}","templated":true}]}}