{"id":2699,"date":"2007-02-01T00:00:00","date_gmt":"2007-01-31T23:00:00","guid":{"rendered":"https:\/\/wp.muchomaas.com\/en-2007-on-s-eclate2699\/"},"modified":"2007-02-01T00:00:00","modified_gmt":"2007-01-31T23:00:00","slug":"en-2007-on-s-eclate2699","status":"publish","type":"post","link":"https:\/\/archives.regards.fr\/?p=2699","title":{"rendered":"En 2007 on s&#8217;\u00e9clate !"},"content":{"rendered":"<p class=\"post_excerpt\"> Et de trois ! Jos\u00e9 Bov\u00e9, Marie-George Buffet et Olivier Besancenot sont, sauf coup de th\u00e9\u00e2tre, tous candidats \u00e0 la pr\u00e9sidentielle. Tableau de groupe en ordre dispers\u00e9. <\/p>\n<p>S i vous avez envie d&#8217;y aller, moi aussi j&#8217;ai envie d&#8217;y aller \u00bb, lan\u00e7ait Jos\u00e9 Bov\u00e9 devant les 600 repr\u00e9sentants des collectifs unitaires antilib\u00e9raux r\u00e9unis \u00e0 Montreuil les 20 et 21 janvier. Ce week-end-l\u00e0, le leader altermondialiste r\u00e9pondait pr\u00e9sent \u00e0 l&#8217;appel formul\u00e9 par les d\u00e9\u00e7us de la dynamique unitaire, \u00e9chou\u00e9e avec la d\u00e9cision de Marie-George Buffet d&#8217;entrer en campagne (voir article Antoine Ch\u00e2telain). Avant m\u00eame l&#8217;annonce officielle de son entr\u00e9e en campagne, fix\u00e9e au 1er f\u00e9vrier, Jos\u00e9 Bov\u00e9 encourageait d\u00e9j\u00e0 ses partisans \u00e0 se mettre en recherche des 500 parrainages d&#8217;\u00e9lus n\u00e9cessaires. Confiant, il a m\u00eame invit\u00e9 \u00e0 aller jusqu&#8217;\u00e0 1000 signatures : \u00ab Ce sera un signe que la campagne est port\u00e9e sur tout le territoire \u00bb, a-t-il insist\u00e9.<\/p>\n<p>A l&#8217;origine de ce retournement, une p\u00e9tition sur Internet. La p\u00e9tition en faveur de sa candidature a en effet circul\u00e9 de blogs en bo\u00eetes mail pour finir sur le site unisavecbove.org, qui revendiquait fin janvier plus de 27 000 signatures. Cette sp\u00e9cificit\u00e9 ne renseigne pas seulement sur les modes d&#8217;exercice du politique mais, au- del\u00e0, sur le fond. Jos\u00e9 Bov\u00e9 est une figure de l&#8217;altermondialisme, ce n&#8217;est pas un scoop. Mais la vitesse \u00e0 laquelle a gonfl\u00e9 la p\u00e9tition \u00e9claire un r\u00e9seau qui ne peut pas \u00eatre seulement celui des collectifs. Selon le chercheur Guilhem Fouetillou, \u00ab la communaut\u00e9 altermondialiste est la plus puissante du web fran\u00e7ais \u00bb. Les premiers mails seraient partis fin novembre sans l&#8217;avis du principal int\u00e9ress\u00e9. Mais le leader paysan a vite vu le moyen de renouer avec la \u00ab votation citoyenne \u00bb, l&#8217;une de ses marottes durant tout le processus de d\u00e9signation du candidat unitaire. Au fur et \u00e0 mesure de leur afflux, les signatures ont constitu\u00e9 le barom\u00e8tre de sa popularit\u00e9. Jusqu&#8217;\u00e0 provoquer, comme il en t\u00e9moignait \u00e0 Montreuil, des \u00ab picotements dans le ventre \u00bb et une forte envie \u00ab d&#8217;y aller \u00bb.<\/p>\n<p><strong> Irruption <\/strong><\/p>\n<p>Qu&#8217;incarne r\u00e9ellement Jos\u00e9 Bov\u00e9 et de quoi sa candidature est-elle le signe ? Elle semble d&#8217;abord s&#8217;inscrire dans l&#8217;air du temps. De gauche \u00e0 droite de l&#8217;\u00e9chiquier politique, ce n&#8217;est pas le personnel politique traditionnel qui s&#8217;exprime. A l&#8217;UMP, c&#8217;est le d\u00e9fenseur de la \u00ab rupture \u00bb qui remporte la mise. Au PS, l&#8217;ascension de S\u00e9gol\u00e8ne Royal s&#8217;est construite sur l&#8217;affichage, peu importe l&#8217;artifice, d&#8217;une d\u00e9marcation d&#8217;avec ses coll\u00e8gues masculins, \u00e9l\u00e9phants et \u00e9narques. Le succ\u00e8s r\u00e9v\u00e9l\u00e9 par les sondages de la presque-candidature de Nicolas Hulot, un profil singuli\u00e8rement atypique se revendiquant au dessus des partis, montre une dynamique similaire de rupture. Fran\u00e7ois Bayrou glisse sur cette tendance en gommant les rep\u00e8res qui opposent les deux p\u00f4les traditionnels. Bov\u00e9, lui aussi, semble remplir ce r\u00f4le \u00e0 la gauche de la gauche, que ni Besancenot, ni Buffet ne peuvent structurellement remplir. En subliminal, Jos\u00e9 Bov\u00e9 appelait bien \u00e0 Montreuil les d\u00e9go\u00fbt\u00e9s de la politique \u00e0 le rejoindre : \u00ab Il faut mettre en mouvement les collectifs, pr\u00e9cisait-il. Mettre en mouvement les p\u00e9titionnaires, qui sont pour l&#8217;instant invisibles mais qui ont autant le droit \u00e0 la parole que ceux qui font de la politique depuis longtemps. \u00bb Issu du mouvement altermondialiste et des luttes syndicales, Jos\u00e9 Bov\u00e9 incarne, volontairement ou non, la d\u00e9fiance \u00e0 l&#8217;\u00e9gard des partis. Son entourage relaye le propos. Pour le chercheur Raoul Marc Jennar, r\u00e9cemment ralli\u00e9 \u00e0 la cause de Bov\u00e9, \u00ab l&#8217;unit\u00e9 a \u00e9t\u00e9 pi\u00e9g\u00e9e par les appareils \u00bb. Pour Yannis Youlountas, \u00e0 l&#8217;origine de la p\u00e9tition pro-Bov\u00e9, les signataires sont des gens \u00ab invisibles \u00bb, \u00ab populaires et protestataires \u00bb. Le mot du week-end des 20 et 21 janvier sera \u00ab irruption \u00bb, l\u00e0 encore, on n&#8217;est pas loin de \u00ab rupture \u00bb. Pour Francine Bavay, Verte partisane de Bov\u00e9, les collectifs vivent une \u00ab irruption citoyenne : la p\u00e9tition reprend le succ\u00e8s d&#8217;une dynamique antilib\u00e9rale qui existe depuis une douzaine d&#8217;ann\u00e9es \u00bb. Le d\u00e9put\u00e9 communiste Patrick Braouezec utilisera lui aussi le terme dans son intervention : \u00ab la p\u00e9tition a fait irruption dans le monde politique \u00bb. Toujours cette id\u00e9e sous-jacente de l&#8217;ext\u00e9riorit\u00e9, des marges des partis qui feraient leur entr\u00e9e dans la vie politique, au b\u00e9n\u00e9fice des exclus de la politique.<\/p>\n<p><strong> Jouer perso <\/strong><\/p>\n<p>Sauf que la dynamique populaire est aussi une affaire de partis, puisqu&#8217;il s&#8217;agit de la culture d&#8217;une frange non n\u00e9gligeable de ses partisans. Jos\u00e9 Bov\u00e9 ne peut l&#8217;ignorer et leur a donn\u00e9 des signes. \u00ab Les militants communistes ne sont pas nos adversaires, a-t-il expliqu\u00e9 \u00e0 Montreuil, m\u00eame ceux qui ont sign\u00e9 en toute bonne foi pour la candidature de Marie-George Buffet. \u00bb Il a \u00e9galement tenu \u00e0 souligner le \u00ab courage \u00bb des communistes, nommant notamment Jacques Perreux, Patrick Braouezec ou Jean Brafman (1), ou encore les \u00ab minoritaires \u00bb de la LCR, favorables \u00e0 la candidature unitaire&#8230; Tout en tapant de l&#8217;autre main sur la LCR majoritaire et le PCF : \u00ab Notre projet n&#8217;est pas compatible avec le projet socialiste, a-t-il martel\u00e9. Si Besancenot n&#8217;a pas entendu ce qu&#8217;on disait, c&#8217;est qu&#8217;il n&#8217;a pas voulu l&#8217;entendre. \u00bb \u00ab Marie-George Buffet et la direction du Parti communiste ont fait semblant de jouer le jeu unitaire, a-t-il poursuivi, en construisant depuis le d\u00e9but un enfermement des collectifs, en retournant la logique du double consensus \u00e0 son avantage pour faire croire que c&#8217;\u00e9tait au nom de la d\u00e9mocratie qu&#8217;elle se pr\u00e9sentait&#8230; \u00bb<\/p>\n<p>Depuis le d\u00e9part du processus unitaire, Jos\u00e9 Bov\u00e9 se voit reprocher de la jouer trop \u00ab perso \u00bb. \u00ab Si l&#8217;outil collectif n&#8217;avait pas exist\u00e9, on ne serait pas en train de lancer la campagne \u00bb, a-t-il tent\u00e9 de corriger, le 21 janvier, appelant dans la foul\u00e9e Patrick Braouezec, Cl\u00e9mentine Autain, Yves Salesse et Claude Debons, du collectif national, \u00e0 devenir ses porte-parole. Les quatre, avec moins d&#8217;entrain pour les deux derniers, ont quitt\u00e9 Montreuil avec un regard plut\u00f4t favorable \u00e0 la candidature Bov\u00e9. \u00ab Si sa candidature ne fait \u00e9videmment pas l&#8217;unanimit\u00e9, \u00e9crivait Cl\u00e9mentine Autain le jour m\u00eame sur son blog, cette perspective suscite vraiment de l&#8217;enthousiasme. (&#8230;) Diff\u00e9rentes interventions ont bien s\u00fbr mis en garde contre les risques d&#8217;une candidature suppl\u00e9mentaire, pouvant g\u00e9n\u00e9rer encore plus d&#8217;\u00e9parpillement. Il n&#8217;en reste pas moins qu&#8217;en l&#8217;occurrence, les candidatures de divisions sont celles d\u00e9j\u00e0 en lice. Elles contribuent \u00e0 fossoyer la dynamique unitaire&#8230; Encore bien vivace pourtant ! \u00bb<\/p>\n<p>Sur les questions de programme, le leader paysan ne fait pas non plus l&#8217;unanimit\u00e9, y compris dans les collectifs. Les plus circonspects doutent de sa capacit\u00e9 \u00e0 sortir de ses th\u00e8mes de pr\u00e9dilection. On lui reproche, c&#8217;est m\u00eame devenu une boutade dans le petit univers de la candidature unitaire, d&#8217;\u00eatre riv\u00e9 sur les question d&#8217;OGM et d&#8217;OMC et d&#8217;en avoir fait son seul axe d&#8217;intervention publique. Les d\u00e9l\u00e9gu\u00e9s lui ont d&#8217;ailleurs demand\u00e9 de se caler sur les 125 propositions issues des collectifs, suppos\u00e9es incarner la diversit\u00e9 des revendications antilib\u00e9rales. Il semblait, \u00e0 Montreuil, vouloir corriger cette image qui lui colle aux moustaches. Lors de son intervention de dimanche matin, il a insist\u00e9 sur la n\u00e9cessit\u00e9 d&#8217;insuffler une envie de politique dans les quartiers populaires et sur les droits des travailleurs. Pour R\u00e9my Jean, \u00e0 l&#8217;origine avec Yannis Youlountas de l&#8217;appel qui a circul\u00e9 sur Internet, \u00ab il \u00e9tait effectivement centr\u00e9 sur des questions bien sp\u00e9cifiques mais cela devrait changer d\u00e8s lors qu&#8217;il sera dans la peau d&#8217;un candidat \u00bb.<\/p>\n<p>Si pour certains, Jos\u00e9 Bov\u00e9 appara\u00eet comme l&#8217;homme providentiel, le d\u00e9part vers la pr\u00e9sidentielle de trois candidats \u00e0 la gauche du PS (cinq, en ajoutant Lutte ouvri\u00e8re et le Parti des travailleurs) peut malgr\u00e9 tout appara\u00eetre comme un cuisant \u00e9chec. Des trois B (Buffet, Bov\u00e9, Besancenot) du \u00ab non \u00bb au r\u00e9f\u00e9rendum et d&#8217;une volont\u00e9 affich\u00e9e de se r\u00e9unir sous la banni\u00e8re antilib\u00e9rale, il reste trois candidatures distinctes. Buffet et Besancenot ont d&#8217;ailleurs fait savoir qu&#8217;ils n&#8217;avaient pas l&#8217;intention de se d\u00e9sister pour Bov\u00e9. Pour le PCF, la candidature de l&#8217;altermondialiste ajoute \u00ab de la division et de la confusion \u00bb l\u00e0 o\u00f9 celle de Marie-George Buffet a \u00ab pour ambition de rassembler \u00bb. Du c\u00f4t\u00e9 de la LCR, l&#8217;un et l&#8217;autre sont renvoy\u00e9s dos \u00e0 dos. L&#8217;annonce de cette candidature \u00ab n&#8217;a pas plus de l\u00e9gitimit\u00e9 que l&#8217;autoproclamation de Marie-George Buffet, pr\u00e9cise le parti de Besancenot. Ni vis-\u00e0-vis de tous ceux et celles qui se sont engag\u00e9s dans la bataille du \u00abnon\u00bbde gauche, ni vis-\u00e0-vis de la plupart des collectifs antilib\u00e9raux qui, au cours des derniers mois, n&#8217;ont jamais vot\u00e9 sur cette nouvelle candidature, ce qui va les diviser davantage. Jos\u00e9 Bov\u00e9, militant \u00e9cologiste radical, n&#8217;est d\u00e8s lors qu&#8217;un candidat de plus, celui d&#8217;un des courants politiques du \u00abnon\u00bbde gauche \u00bb. Jos\u00e9 Bov\u00e9, feignant pour l&#8217;heure d&#8217;ignorer les attaques de ses anciens camarades d&#8217;estrade, reste l&#8217;\u0153il riv\u00e9 sur les sondages, attendant beaucoup d&#8217;un pl\u00e9biscite populaire pour continuer.  <\/p>\n<p>(1)Respectivement vice-pr\u00e9sident du Conseil g\u00e9n\u00e9ral du Val-de-Marne, d\u00e9put\u00e9 communiste et conseiller r\u00e9gional Ile-de-France.<\/p>\n<p><strong> Rep\u00e8res <\/strong><\/p>\n<p><strong> par L\u00e9o Huisman <\/strong><\/p>\n<p><strong> 29 Mai 2005 <\/strong> <\/p>\n<p>Rejet du trait\u00e9 constitutionnel europ\u00e9en, le Collectif national du 29 mai issu du Collectif national pour un \u00ab non \u00bb de gauche, voit le jour. <\/p>\n<p>Objectif : construire une alternative au lib\u00e9ralisme.<\/p>\n<p><strong> 10 mai 2006 <\/strong><\/p>\n<p>Un appel est lanc\u00e9 \u00ab pour un rassemblement antilib\u00e9ral de gauche et des candidatures communes \u00bb. Naissance du Collectif national d&#8217;initiative pour un rassemblement antilib\u00e9ral de gauche et des candidatures communes.<\/p>\n<p><strong> 13 mai <\/strong> <\/p>\n<p>Adoption, de la Charte antilib\u00e9rale.<\/p>\n<p><strong> 25 juin <\/strong><\/p>\n<p>Olivier Besancenot est candidat \u00e0 la pr\u00e9sidentielle, \u00ab faute de mieux \u00bb. \u00ab Arlette [Laguiller] est candidate depuis des mois, Jos\u00e9 [Bov\u00e9] depuis deux semaines. Buffet r\u00e9p\u00e8te que le candidat antilib\u00e9ral sera issu des rangs communistes. Certains se voient capitaines, nous n&#8217;avons pas la vocation d&#8217;\u00eatre les rempla\u00e7ants de service \u00bb.<\/p>\n<p><strong> 10 septembre <\/strong> <\/p>\n<p>A Saint-Denis, Cl\u00e9mentine Autain estime qu&#8217;un \u00ab profil comme le (sien) peut nous sortir de l&#8217;impasse \u00bb.<\/p>\n<p><strong> 6 novembre <\/strong><\/p>\n<p>Premier grand meeting national au Mans, tous les candidats d\u00e9clar\u00e9s, Jos\u00e9 Bov\u00e9, Marie-George Buffet (PCF), Cl\u00e9mentine Autain (apparent\u00e9e PCF), Patrick Braouezec (d\u00e9put\u00e9 PCF de Saint-Denis), Yves Salesse (Fondation Copernic) croient en une candidature unitaire. Marie-George Buffet est enthousiaste : \u00ab Nous sommes en train de faire quelque chose de formidable : faire \u00e9merger une gauche populaire. \u00bb Tous sont l\u00e0 sauf Olivier Besancenot.<\/p>\n<p><strong> 24 novembre <\/strong><\/p>\n<p>Accusant le PCF et la LCR de vouloir imposer leurs candidats respectifs, Jos\u00e9 Bov\u00e9 se retire du jeu.<\/p>\n<p><strong> 20 d\u00e9cembre <\/strong> <\/p>\n<p>Marie-George Buffet est candidate.<\/p>\n<p><strong> Les 20 et 21 janvier 2007 <\/strong> <\/p>\n<p>A Montreuil. Fort de 25 000 signatures \u00e0 la p\u00e9tition appelant \u00e0 sa candidature, Jos\u00e9 Bov\u00e9 est quasi-candidat.<\/p>\n","protected":false},"excerpt":{"rendered":"<p> Et de trois ! Jos\u00e9 Bov\u00e9, Marie-George Buffet et Olivier Besancenot sont, sauf coup de th\u00e9\u00e2tre, tous candidats \u00e0 la pr\u00e9sidentielle. Tableau de groupe en ordre dispers\u00e9. <\/p>\n","protected":false},"author":569,"featured_media":0,"comment_status":"open","ping_status":"open","sticky":false,"template":"","format":"standard","meta":{"_themeisle_gutenberg_block_has_review":false,"footnotes":""},"categories":[141],"tags":[290],"class_list":["post-2699","post","type-post","status-publish","format-standard","hentry","category-archives-web","tag-elections"],"_links":{"self":[{"href":"https:\/\/archives.regards.fr\/index.php?rest_route=\/wp\/v2\/posts\/2699","targetHints":{"allow":["GET"]}}],"collection":[{"href":"https:\/\/archives.regards.fr\/index.php?rest_route=\/wp\/v2\/posts"}],"about":[{"href":"https:\/\/archives.regards.fr\/index.php?rest_route=\/wp\/v2\/types\/post"}],"author":[{"embeddable":true,"href":"https:\/\/archives.regards.fr\/index.php?rest_route=\/wp\/v2\/users\/569"}],"replies":[{"embeddable":true,"href":"https:\/\/archives.regards.fr\/index.php?rest_route=%2Fwp%2Fv2%2Fcomments&post=2699"}],"version-history":[{"count":0,"href":"https:\/\/archives.regards.fr\/index.php?rest_route=\/wp\/v2\/posts\/2699\/revisions"}],"wp:attachment":[{"href":"https:\/\/archives.regards.fr\/index.php?rest_route=%2Fwp%2Fv2%2Fmedia&parent=2699"}],"wp:term":[{"taxonomy":"category","embeddable":true,"href":"https:\/\/archives.regards.fr\/index.php?rest_route=%2Fwp%2Fv2%2Fcategories&post=2699"},{"taxonomy":"post_tag","embeddable":true,"href":"https:\/\/archives.regards.fr\/index.php?rest_route=%2Fwp%2Fv2%2Ftags&post=2699"}],"curies":[{"name":"wp","href":"https:\/\/api.w.org\/{rel}","templated":true}]}}