{"id":2698,"date":"2007-02-01T00:00:00","date_gmt":"2007-01-31T23:00:00","guid":{"rendered":"https:\/\/wp.muchomaas.com\/enjeux-de-campagne2698\/"},"modified":"2007-02-01T00:00:00","modified_gmt":"2007-01-31T23:00:00","slug":"enjeux-de-campagne2698","status":"publish","type":"post","link":"https:\/\/archives.regards.fr\/?p=2698","title":{"rendered":"Enjeux de campagne"},"content":{"rendered":"<p>Regards est un journal engag\u00e9 et entend, dans ce contexte de campagne \u00e9lectorale, continuer d&#8217;assumer cette position. Apr\u00e8s les rebondissements qui ont vu la LCR d&#8217;Olivier Besancenot, puis le PCF de Marie-George Buffet partir en campagne de leur c\u00f4t\u00e9 et enfin le nom de Jos\u00e9 Bov\u00e9 \u00e9merger des collectifs apr\u00e8s l&#8217;\u00e9chec enregistr\u00e9 le 10 d\u00e9cembre dernier, nous ressentons \u00e0 la r\u00e9daction de Regards le besoin de r\u00e9affirmer notre posture. Les identit\u00e9s et les positionnements du bin\u00f4me de direction Cl\u00e9mentine Autain et Roger Martelli sont connus de tous. L&#8217;une est apparent\u00e9e communiste, l&#8217;autre est l&#8217;une des figures des communistes refondateurs. Cependant, Regards n&#8217;est ni le mensuel du Parti communiste, ni l&#8217;organe des communistes refondateurs. Regards est une soci\u00e9t\u00e9 coop\u00e9rative, aucun lien organique ne lie plus le titre au PCF et l&#8217;identit\u00e9, plus large, de journal engag\u00e9 et antilib\u00e9ral inscrit dans une tradition politique que nous revendiquons, nous convient tout \u00e0 fait. Notre vocation est avant tout de livrer une analyse utile et notre perspective reste l&#8217;unit\u00e9 la plus large des antilib\u00e9raux. A l&#8217;int\u00e9rieur m\u00eame de la r\u00e9daction, certains auront des avis et des engagements individuels aupr\u00e8s de l&#8217;un-e ou de l&#8217;autre des candidats en lice pour l&#8217;Elys\u00e9e. Mais cela ne nous emp\u00eachera pas de traiter la campagne le plus honn\u00eatement possible, ce qui implique bien entendu de restituer tous les enjeux, de droite \u00e0 gauche de l&#8217;\u00e9chiquier politique. Notre engagement revendiqu\u00e9 nous conduira \u00e0 porter la plus grande attention aux formations qui entrent en campagne en se r\u00e9clamant de l&#8217;antilib\u00e9ralisme. Nous les suivrons de pr\u00e8s et relaierons enjeux et d\u00e9bats de ces espaces politiques. Cela ind\u00e9pendamment, sans nous soumettre aux injonctions, que nous recevons d\u00e9j\u00e0, de nous ranger derri\u00e8re l&#8217;une ou l&#8217;autre des candidatures.<\/p>\n","protected":false},"excerpt":{"rendered":"<p>Regards est un journal engag\u00e9 et entend, dans ce contexte de campagne \u00e9lectorale, continuer d&#8217;assumer cette position. Apr\u00e8s les rebondissements qui ont vu la LCR d&#8217;Olivier Besancenot, puis le PCF de Marie-George Buffet partir en campagne de leur c\u00f4t\u00e9 et enfin le nom de Jos\u00e9 Bov\u00e9 \u00e9merger des collectifs apr\u00e8s l&#8217;\u00e9chec enregistr\u00e9 le 10 d\u00e9cembre [&hellip;]<\/p>\n","protected":false},"author":569,"featured_media":0,"comment_status":"open","ping_status":"open","sticky":false,"template":"","format":"standard","meta":{"_themeisle_gutenberg_block_has_review":false,"footnotes":""},"categories":[141],"tags":[328],"class_list":["post-2698","post","type-post","status-publish","format-standard","hentry","category-archives-web","tag-editorial"],"_links":{"self":[{"href":"https:\/\/archives.regards.fr\/index.php?rest_route=\/wp\/v2\/posts\/2698","targetHints":{"allow":["GET"]}}],"collection":[{"href":"https:\/\/archives.regards.fr\/index.php?rest_route=\/wp\/v2\/posts"}],"about":[{"href":"https:\/\/archives.regards.fr\/index.php?rest_route=\/wp\/v2\/types\/post"}],"author":[{"embeddable":true,"href":"https:\/\/archives.regards.fr\/index.php?rest_route=\/wp\/v2\/users\/569"}],"replies":[{"embeddable":true,"href":"https:\/\/archives.regards.fr\/index.php?rest_route=%2Fwp%2Fv2%2Fcomments&post=2698"}],"version-history":[{"count":0,"href":"https:\/\/archives.regards.fr\/index.php?rest_route=\/wp\/v2\/posts\/2698\/revisions"}],"wp:attachment":[{"href":"https:\/\/archives.regards.fr\/index.php?rest_route=%2Fwp%2Fv2%2Fmedia&parent=2698"}],"wp:term":[{"taxonomy":"category","embeddable":true,"href":"https:\/\/archives.regards.fr\/index.php?rest_route=%2Fwp%2Fv2%2Fcategories&post=2698"},{"taxonomy":"post_tag","embeddable":true,"href":"https:\/\/archives.regards.fr\/index.php?rest_route=%2Fwp%2Fv2%2Ftags&post=2698"}],"curies":[{"name":"wp","href":"https:\/\/api.w.org\/{rel}","templated":true}]}}