{"id":2697,"date":"2007-02-01T00:00:00","date_gmt":"2007-01-31T23:00:00","guid":{"rendered":"https:\/\/wp.muchomaas.com\/qu-il-retourne-a-neuilly-la-queue2697\/"},"modified":"2007-02-01T00:00:00","modified_gmt":"2007-01-31T23:00:00","slug":"qu-il-retourne-a-neuilly-la-queue2697","status":"publish","type":"post","link":"https:\/\/archives.regards.fr\/?p=2697","title":{"rendered":"Qu&#8217;il retourne \u00e0 neuilly la queue basse&#8230;"},"content":{"rendered":"<p class=\"post_excerpt\"> Presidentielle vue par Nadir Dendoune <\/p>\n<p>Dans moins de trois mois, il faudra choisir. Dans les halls des immeubles de la cit\u00e9 Maurice-Thorez de L&#8217;Ile-Saint-Denis o\u00f9 j&#8217;ai grandi, Diderot aurait kiff\u00e9 ! Ici comme dans beaucoup de quartiers impopulaires, les \u00ab Jacques le Fataliste \u00bb s&#8217;\u00e9talent de fa\u00e7on ostensible. \u00ab Tous des enfoir\u00e9s, ces politicards \u00bb, qu&#8217;ils te r\u00e9p\u00e8tent sans cesse.<\/p>\n<p>J&#8217;ai oubli\u00e9 de me pr\u00e9senter. Nadir Dendoune, 34 balais, Fran\u00e7ais \u00ab issu de l&#8217;immigration \u00bb, pas encore \u00ab Fran\u00e7ais sans rien derri\u00e8re \u00bb (faut pas r\u00eaver !). Pour beaucoup, un mod\u00e8le de m\u00e9ritocratie : parce que je suis une ancienne \u00ab racaille \u00bb devenue journaliste.<\/p>\n<p>Carte de presse BBR constamment dans la poche gauche du jean. Faut me comprendre : \u00e0 la trentaine pass\u00e9e, j&#8217;ai encore droit aux contr\u00f4les de papelards. Les forces de l&#8217;ordre (j&#8217;ai surtout pas dit gardien de la paix) doivent me prendre pour un cland\u00e9, moi le polyglotte aux trois passeports !<\/p>\n<p>J&#8217;irai voter le 22 avril. M\u00eame si je ne sais pas encore pour qui&#8230; T&#8217;inqui\u00e8tes la gauche, j&#8217;irai finalement voter pour ta pomme. Comme toujours. Pour toujours ? Pas s\u00fbr&#8230; Un jour, je ne te pardonnerai plus.<\/p>\n<p>Parce que je n&#8217;ai pas la m\u00e9moire courte. Moi ! Dans le quartier o\u00f9 j&#8217;ai pouss\u00e9, c&#8217;\u00e9tait \u00e0 gauche toute. Mais on ne t&#8217;apprenait pas \u00e0 d\u00e9battre, \u00e0 revendiquer, on prenait souvent les d\u00e9cisions pour toi. Au lieu de nous aider \u00e0 nous \u00e9manciper, vous \u00eates venus \u00e0 notre secours, en nous consid\u00e9rant toujours comme des pauvres victimes. Pour moi, \u00eatre de gauche, ce n&#8217;est pas faire de l&#8217;humanitaire, c&#8217;est traiter l&#8217;autre d&#8217;\u00e9gal \u00e0 \u00e9gal et tout faire pour que celui qui subit une in\u00e9galit\u00e9 arrive \u00e0 votre niveau.<\/p>\n<p>Rappelle-toi aussi de tous ces cris d&#8217;alarme que ni vous, ni la droite n&#8217;avez voulu entendre. Souviens-toi de ces premi\u00e8res r\u00e9voltes urbaines, celles des Minguettes \u00e0 V\u00e9nissieux, eh bien, elles datent de 1981 ! \u00c7a fait plus de 25 piges&#8230; Et la \u00ab marche des Beurs \u00bb (qui s&#8217;appelait en fait \u00ab Marche pour l&#8217;\u00e9galit\u00e9 et contre le racisme \u00bb), c&#8217;\u00e9tait en 1983. Il y a eu ensuite Vaulx-en-Velin en 1990, Mantes-la-Jolie l&#8217;ann\u00e9e suivante, jusqu&#8217;\u00e0 Clichy-sous-Bois en 2005. Et qu&#8217;est-ce qui s&#8217;est pass\u00e9 entre-temps ? On a repeint quelques b\u00e2timents, install\u00e9 des murs d&#8217;escalade. On a cr\u00e9\u00e9 SOS Racisme aussi, et dit : \u00ab Le racisme, c&#8217;est mal \u00bb. Mais concr\u00e8tement ? Le ch\u00f4mage, les discriminations, l&#8217;exclusion sociale, l&#8217;augmentation de la violence dans les \u00e9coles, les \u00ab rod\u00e9os \u00bb de flics, tout cela a continu\u00e9 \u00e0 augmenter tranquillement.<\/p>\n<p>T&#8217;inqui\u00e8tes la gauche. Malgr\u00e9 tout, mon ennemi, \u00e7a reste tout de m\u00eame Lui. Lui, l&#8217;affreux jojo qui veut faire croire que le lib\u00e9ralisme, c&#8217;est donner sa chance \u00e0 tout le monde. Mais Lui est un mytho. La soci\u00e9t\u00e9 qu&#8217;il d\u00e9fend, Lui, c&#8217;est celle qui consiste \u00e0 donner encore plus \u00e0 ceux qui ont d\u00e9j\u00e0 tout, et \u00e0 \u00e9craser les autres, les faiblards, les mal-n\u00e9s. Pas de justice, pas de m\u00e9rite, contrairement \u00e0 ce qu&#8217;il pr\u00e9tend. Seulement la chance d&#8217;\u00eatre n\u00e9, comme lui, du bon c\u00f4t\u00e9 de la France. Lui, qui promet du social, de la s\u00e9curit\u00e9 et qui laisse la merde grossir une fois que les cam\u00e9ras ont disparu. Comme aux 4 000 de la Courneuve o\u00f9 il avait promis \u00e0 cette dame en juin 2005 qu&#8217;il allait nettoyer la cit\u00e9 au K\u00e4rcher. Et pour \u00e9quilibrer son discours, il avait aussi parl\u00e9 de redonner de l&#8217;espoir aux gens, de cr\u00e9er des emplois, etc. Un an apr\u00e8s, deux \u00e9coles ont \u00e9t\u00e9 class\u00e9es en ZEP et une trentaine d&#8217;emplois ont \u00e9t\u00e9 cr\u00e9\u00e9s chez les jeunes. Enorme ! En un an, le ch\u00f4mage a baiss\u00e9 de 0,8 % ! Et la d\u00e9linquance ? Eh bien, elle a explos\u00e9 dans la cit\u00e9 ! Il para\u00eet qu&#8217;on voit l&#8217;ouvrier au pied du mur. Lui, le nabot qui flirte ostensiblement avec les id\u00e9es de Jean-Marie, en reprenant, main sur le c\u0153ur, une des phrases pr\u00e9f\u00e9r\u00e9es du leader frontiste : \u00ab la France, tu l&#8217;aimes ou tu la quittes \u00bb, accr\u00e9ditant par l\u00e0 m\u00eame ce vieux fantasme de nettoyer ce beau territoire de tous ces \u00e9l\u00e9ments \u00e9trangers, color\u00e9s, d\u00e9g\u00e9n\u00e9r\u00e9s. L&#8217;\u00ab anti-France \u00bb&#8230; Je ferai tout (m\u00eame si je suis un tout petit citoyen, une sorte de David par rapport \u00e0 Lui) pour que Lui, le cingl\u00e9, qui se vante de conna\u00eetre bien le terrain (la banlieue) mais qui le regarde en v\u00e9rit\u00e9 de tr\u00e8s loin \u00e0 l&#8217;aide de jumelles, n&#8217;entre pas \u00e0 l&#8217;Elys\u00e9e et qu&#8217;il retourne \u00e0 Neuilly le 6 mai prochain la queue basse. Ce n&#8217;est pas qu&#8217;une promesse, je le jure sur la vie de ma m\u00e8re. Et en banlieue, la maman, c&#8217;est encore ce qu&#8217;il y a de plus sacr\u00e9&#8230;  <\/p>\n<p><strong> Nadir Dendoune est journaliste, auteur du livre Lettre ouverte \u00e0 un fils d&#8217;immigr\u00e9, \u00c9ditions Danger public, \u00e0 para\u00eetre le 15 f\u00e9vrier 2007 <\/strong><\/p>\n","protected":false},"excerpt":{"rendered":"<p> Presidentielle vue par Nadir Dendoune <\/p>\n","protected":false},"author":1,"featured_media":0,"comment_status":"open","ping_status":"open","sticky":false,"template":"","format":"standard","meta":{"_themeisle_gutenberg_block_has_review":false,"footnotes":""},"categories":[141],"tags":[290],"class_list":["post-2697","post","type-post","status-publish","format-standard","hentry","category-archives-web","tag-elections"],"_links":{"self":[{"href":"https:\/\/archives.regards.fr\/index.php?rest_route=\/wp\/v2\/posts\/2697","targetHints":{"allow":["GET"]}}],"collection":[{"href":"https:\/\/archives.regards.fr\/index.php?rest_route=\/wp\/v2\/posts"}],"about":[{"href":"https:\/\/archives.regards.fr\/index.php?rest_route=\/wp\/v2\/types\/post"}],"author":[{"embeddable":true,"href":"https:\/\/archives.regards.fr\/index.php?rest_route=\/wp\/v2\/users\/1"}],"replies":[{"embeddable":true,"href":"https:\/\/archives.regards.fr\/index.php?rest_route=%2Fwp%2Fv2%2Fcomments&post=2697"}],"version-history":[{"count":0,"href":"https:\/\/archives.regards.fr\/index.php?rest_route=\/wp\/v2\/posts\/2697\/revisions"}],"wp:attachment":[{"href":"https:\/\/archives.regards.fr\/index.php?rest_route=%2Fwp%2Fv2%2Fmedia&parent=2697"}],"wp:term":[{"taxonomy":"category","embeddable":true,"href":"https:\/\/archives.regards.fr\/index.php?rest_route=%2Fwp%2Fv2%2Fcategories&post=2697"},{"taxonomy":"post_tag","embeddable":true,"href":"https:\/\/archives.regards.fr\/index.php?rest_route=%2Fwp%2Fv2%2Ftags&post=2697"}],"curies":[{"name":"wp","href":"https:\/\/api.w.org\/{rel}","templated":true}]}}