{"id":2696,"date":"2007-02-01T00:00:00","date_gmt":"2007-01-31T23:00:00","guid":{"rendered":"https:\/\/wp.muchomaas.com\/quelle-entente-a-gauche2696\/"},"modified":"2007-02-01T00:00:00","modified_gmt":"2007-01-31T23:00:00","slug":"quelle-entente-a-gauche2696","status":"publish","type":"post","link":"https:\/\/archives.regards.fr\/?p=2696","title":{"rendered":"Quelle entente \u00e0 gauche ?"},"content":{"rendered":"<p>Comment unifier un peuple dans la diversit\u00e9 de ses composantes, trouver une perspective commune de progression sociale et de modernit\u00e9, un projet global ? Travaux pratiques pour les gauches. La difficult\u00e9 de dialogue et d&#8217;accord au sein de la gauche ne sont pas, comme Fran\u00e7ois Hollande semble le penser, d&#8217;abord des probl\u00e8mes de positionnement politique. L&#8217;ext\u00e9riorit\u00e9 par rapport \u00e0 la politique institutionnelle et au pouvoir politique, qui tente \u00e0 la fois l&#8217;extr\u00eame gauche et une gauche \u00ab mouvementiste \u00bb valorisant les contre-pouvoirs, n&#8217;est pas h\u00e9g\u00e9monique \u00e0 la gauche du PS. Il est heureux que la question du pouvoir soit l&#8217;objet d&#8217;une tension dans la culture de gauche. Gilles Deleuze n&#8217;\u00e9crivait-il pas d\u00e8s 1981 que l&#8217;esprit de la gauche ne se nichait pas dans l&#8217;exercice du pouvoir mais dans sa contestation ?<\/p>\n<p>Mais la question de l&#8217;exercice du pouvoir n&#8217;est pas seulement une question philosophique. Elle est une question pratique. Quand on croise les 125 propositions programmatiques des antilib\u00e9raux et celles d\u00e9fendues par le PS, on se dit que la diff\u00e9rence ne tient pas d&#8217;abord \u00e0 l&#8217;ampleur de la transformation exig\u00e9e mais aux priorit\u00e9s et \u00e0 ses champs d&#8217;exercice. C&#8217;est l\u00e0, en fait, que g\u00eet la principale difficult\u00e9 du dialogue \u00e0 l&#8217;int\u00e9rieur de la gauche : elle n&#8217;est pas d&#8217;ordre tactique (jusqu&#8217;o\u00f9 peut-on transformer ?) mais porte sur le c\u0153ur des projets (quel ordre des choses s&#8217;agit-il de transformer ?).<\/p>\n<p><strong> La posture antilib\u00e9rale <\/strong><\/p>\n<p>Si l&#8217;on s&#8217;en tenait l\u00e0, on serait tent\u00e9 de conclure que la division de la gauche est irr\u00e9m\u00e9diable et il faudrait alors se r\u00e9soudre \u00e0 l&#8217;exercice du pouvoir par une droite radicalis\u00e9e. Il ne saurait en \u00eatre question. Et cette analyse est trop h\u00e2tive. Il est possible de penser une gauche rassembl\u00e9e sur d&#8217;autres lignes de force que celles du PS actuel. Encore convient-il que l&#8217;antilib\u00e9ralisme progresse plus qu&#8217;il ne l&#8217;a fait encore sur le terrain du projet global de transformation sociale. La posture antilib\u00e9rale permet d&#8217;\u00eatre cons\u00e9quent en mati\u00e8re de libert\u00e9s individuelles et collectives, d&#8217;\u00e9galit\u00e9 entre les territoires, de protection de l&#8217;environnement, d&#8217;anticipation des mutations dans la sant\u00e9 et dans la formation. Elle le permet \u00e0 condition qu&#8217;elle soit capable de d\u00e9ployer son discours sur ces th\u00e8mes structurants. Le jeune mouvement antilib\u00e9ral s&#8217;est pour le moment concentr\u00e9 classiquement sur les questions \u00e9conomico-sociales, au d\u00e9triment d&#8217;une approche qui fonde un projet de soci\u00e9t\u00e9.<\/p>\n<p>Cela n&#8217;est pas sans rapport avec le n\u00e9cessaire r\u00e9examen de ce que sont et de ce qu&#8217;attendent les cat\u00e9gories populaires. La repr\u00e9sentation du peuple reste tiraill\u00e9e entre une tradition ouvri\u00e8re aujourd&#8217;hui destructur\u00e9e et une vision r\u00e9publicaine qui assimile la R\u00e9publique \u00e0 l&#8217;ordre et \u00e0 l&#8217;int\u00e9gration. Sur cette base, la dynamique d&#8217;agr\u00e9gation sociale qui faisait la force de la gauche est \u00e9rod\u00e9e : les couches moyennes sont en crise et les cat\u00e9gories populaires sont d\u00e9boussol\u00e9es et \u00e9clat\u00e9es. Le socialisme fran\u00e7ais et la droite radicalis\u00e9e se situent dans le cadre de ce d\u00e9litement des rep\u00e8res pr\u00e9c\u00e9dents. Or la capacit\u00e9 \u00e0 unifier un peuple dans la diversit\u00e9 de ses composantes passe par une perspective commune de progression sociale et de modernit\u00e9. Celle-ci suppose un projet global, qui exprime ses finalit\u00e9s, les formes de r\u00e9gulation, les voies de la coh\u00e9sion.<\/p>\n<p>Peu ou prou toutes les forces politiques sont en train de s&#8217;exercer \u00e0 red\u00e9finir ce nouveau projet. L&#8217;\u00e9lection pr\u00e9sidentielle est pour toutes un moment de cette mutation. C&#8217;est l&#8217;objet du travail qui s&#8217;op\u00e8re au PS. C&#8217;est celui que doivent poursuivre les antilib\u00e9raux, stopp\u00e9s dans un \u00e9lan qu&#8217;ils doivent retrouver.<\/p>\n","protected":false},"excerpt":{"rendered":"<p>Comment unifier un peuple dans la diversit\u00e9 de ses composantes, trouver une perspective commune de progression sociale et de modernit\u00e9, un projet global ? Travaux pratiques pour les gauches. La difficult\u00e9 de dialogue et d&#8217;accord au sein de la gauche ne sont pas, comme Fran\u00e7ois Hollande semble le penser, d&#8217;abord des probl\u00e8mes de positionnement politique. [&hellip;]<\/p>\n","protected":false},"author":464,"featured_media":0,"comment_status":"open","ping_status":"open","sticky":false,"template":"","format":"standard","meta":{"_themeisle_gutenberg_block_has_review":false,"footnotes":""},"categories":[141],"tags":[290],"class_list":["post-2696","post","type-post","status-publish","format-standard","hentry","category-archives-web","tag-elections"],"_links":{"self":[{"href":"https:\/\/archives.regards.fr\/index.php?rest_route=\/wp\/v2\/posts\/2696","targetHints":{"allow":["GET"]}}],"collection":[{"href":"https:\/\/archives.regards.fr\/index.php?rest_route=\/wp\/v2\/posts"}],"about":[{"href":"https:\/\/archives.regards.fr\/index.php?rest_route=\/wp\/v2\/types\/post"}],"author":[{"embeddable":true,"href":"https:\/\/archives.regards.fr\/index.php?rest_route=\/wp\/v2\/users\/464"}],"replies":[{"embeddable":true,"href":"https:\/\/archives.regards.fr\/index.php?rest_route=%2Fwp%2Fv2%2Fcomments&post=2696"}],"version-history":[{"count":0,"href":"https:\/\/archives.regards.fr\/index.php?rest_route=\/wp\/v2\/posts\/2696\/revisions"}],"wp:attachment":[{"href":"https:\/\/archives.regards.fr\/index.php?rest_route=%2Fwp%2Fv2%2Fmedia&parent=2696"}],"wp:term":[{"taxonomy":"category","embeddable":true,"href":"https:\/\/archives.regards.fr\/index.php?rest_route=%2Fwp%2Fv2%2Fcategories&post=2696"},{"taxonomy":"post_tag","embeddable":true,"href":"https:\/\/archives.regards.fr\/index.php?rest_route=%2Fwp%2Fv2%2Ftags&post=2696"}],"curies":[{"name":"wp","href":"https:\/\/api.w.org\/{rel}","templated":true}]}}