{"id":2695,"date":"2007-02-01T00:00:00","date_gmt":"2007-01-31T23:00:00","guid":{"rendered":"https:\/\/wp.muchomaas.com\/pouvoir-royal2695\/"},"modified":"2007-02-01T00:00:00","modified_gmt":"2007-01-31T23:00:00","slug":"pouvoir-royal2695","status":"publish","type":"post","link":"https:\/\/archives.regards.fr\/?p=2695","title":{"rendered":"Pouvoir Royal"},"content":{"rendered":"<p class=\"post_excerpt\"> L&#8217;objectif du parti socialiste de conqu\u00eate du pouvoir d&#8217;\u00c9tat se construit dans une mutation du parti lui-m\u00eame. \u00ab Le vieux PS \u00bb, celui d&#8217;\u00c9pinay et de l&#8217;union de la gauche, c\u00e8de la place \u00e0 un nouveau PS. Les ajustements autour de la strat\u00e9gie politique et du programme de la candidate Royal en t\u00e9moignent. Analyse. <\/p>\n<p>La strat\u00e9gie politique du PS s&#8217;identifie d\u00e9sormais \u00e0 la proposition de \u00ab gauche unie \u00bb. Dans l&#8217;analyse de l&#8217;\u00e9chec de la \u00ab gauche plurielle \u00bb arrive en bonne place la critique de la mani\u00e8re dont a \u00e9t\u00e9 scell\u00e9 l&#8217;accord politique avec les partenaires du PS. On se souvient qu&#8217;en 1997, au moment de la dissolution surprise, les accords \u00e9taient rest\u00e9s bilat\u00e9raux entre le PCF et le PS d&#8217;une part, les Verts et le PS d&#8217;autre part. Cette situation avait entra\u00een\u00e9 le PCF et les Verts dans une sorte de concurrence pour se faire entendre du parti dominant et conqu\u00e9rir la place de deuxi\u00e8me parti. Le PS entend aujourd&#8217;hui proposer un accord politique englobant tous ses partenaires. Cet accord \u00e0 g\u00e9om\u00e9trie variable a pour objectif d&#8217;int\u00e9grer le premier cercle autour de la candidature socialiste (c&#8217;est fait pour les radicaux de gauche et les chev\u00e8nementistes&#8230;). Les Verts et le PCF, eux, sont soutenus dans leur l\u00e9gitimit\u00e9 \u00e0 pr\u00e9senter un candidat. Eric Benzekri \u00e9crit ainsi dans La T\u00eate \u00e0 gauche (1), le 22 d\u00e9cembre 2006 : \u00ab La gauche unie, c&#8217;est notre int\u00e9r\u00eat : le rassemblement au deuxi\u00e8me tour se ferait d&#8217;autant plus naturellement si un accord de gouvernement existe d\u00e8s le premier. La gauche unie, c&#8217;est aussi l&#8217;int\u00e9r\u00eat de nos alli\u00e9s. Le bulletin de vote \u00ables Verts\u00bbsera l\u00e9gitim\u00e9 comme le vote \u00e9cologiste utile et celui des communistes comme le vote antilib\u00e9ral utile. \u00bb<\/p>\n<p><strong> La synth\u00e8se <\/strong><\/p>\n<p>Fran\u00e7ois Hollande, qui se d\u00e9finit lui- m\u00eame comme l&#8217;homme de la \u00ab synth\u00e8se \u00bb (2), est centr\u00e9 sur l&#8217;objectif de combler le foss\u00e9 entre les diff\u00e9rentes familles de la gauche, foss\u00e9 aggrav\u00e9 avec la mont\u00e9e des contestations altermondialistes et antilib\u00e9rales. Il fait bien s\u00fbr r\u00e9f\u00e9rence \u00e0 la traditionnelle conclusion des congr\u00e8s socialistes, mais pas seulement. Il affirme volontiers ne pas croire \u00e0 un congr\u00e8s de Tours \u00e0 l&#8217;envers et n&#8217;envisage nullement la fusion de la vieille famille socialiste-communiste. S&#8217;il ne c\u00e8de pas un pouce de terrain sur l&#8217;analyse de l&#8217;\u00e9chec et des erreurs du communisme, il se veut tr\u00e8s ouvert \u00e0 l&#8217;apport militant et \u00e0 l&#8217;id\u00e9al des communistes. Cet objectif de synth\u00e8se s&#8217;est traduit lors du congr\u00e8s du Mans, au lendemain du r\u00e9f\u00e9rendum europ\u00e9en, par un compromis valid\u00e9 par toutes les familles socialistes (\u00e0 l&#8217;exception de Montebourg). Cela s&#8217;exprime encore dans les choix faits par S\u00e9gol\u00e8ne Royal de r\u00e9unir autour d&#8217;elle des figures embl\u00e9matiques du \u00ab non \u00bb de gauche : m\u00eame si Fabius et M\u00e9lenchon, d\u00e9terminants dans la victoire du \u00ab non \u00bb, ne seront jamais pardonn\u00e9s. L&#8217;\u00e9quilibre des proches de la candidate socialiste est soign\u00e9 : Arnaud Montebourg et Patrick Menucci sont aux premi\u00e8res places.<\/p>\n<p><strong> Tradition sociale-d\u00e9mocrate <\/strong><\/p>\n<p>Mais surmonter la fracture du \u00ab non \u00bb passe aussi par le refus de laisser s&#8217;installer une conception de deux gauches irr\u00e9conciliables. La crainte de se couper d&#8217;une part significative de l&#8217;\u00e9lectorat de gauche est patente dans les discours socialistes. Bien qu&#8217;ils argumentent assez peu sur la port\u00e9e transformatrice de leurs propositions actuelles, les socialistes ne se privent pas de faire remarquer que la gauche au pouvoir a pes\u00e9 dans les conqu\u00eates que les antilib\u00e9raux entendent aujourd&#8217;hui d\u00e9fendre. Officiellement, le discours socialiste ne prend pas de distance avec les choix \u00e9conomiques et sociaux du gouvernement Jospin tout en laissant Royal contester les 35 heures&#8230; La direction du PS conduit une offensive de clarification. Elle s&#8217;affirme d\u00e9sormais clairement sociale-d\u00e9mocrate, \u00ab le socialisme de la responsabilit\u00e9 \u00bb, explicite Hollande. De fait, si l&#8217;on additionne les voix de S\u00e9gol\u00e8ne Royal et celles de Dominique Strauss-Kahn, c&#8217;est pr\u00e8s de 80 % des socialistes qui ont fait ce choix.<\/p>\n<p>La coh\u00e9rence aussi bien de m\u00e9thode que de propositions s&#8217;affirme. Dans la tradition sociale-d\u00e9mocrate, la candidate socialiste entend promouvoir le dialogue social, notamment par la valorisation du contrat face \u00e0 la loi, par un poids plus grand accord\u00e9 aux syndicats. Malgr\u00e9 le cafouillage, le discours socialiste n&#8217;est pas purement social-lib\u00e9ral. Il continue, dans la tradition sociale-d\u00e9mocrate, \u00e0 donner \u00e0 l&#8217;imp\u00f4t une fonction redistributrice. Le projet socialiste insiste sur les marges de man\u0153uvre possibles. Non sans pertinence (voir encadr\u00e9 ci-dessous)&#8230; Qui niera que l&#8217;\u00e9cole, la d\u00e9mocratie, la ville, l&#8217;\u00e9galit\u00e9 hommes-femmes sont des questions cl\u00e9s dans la vie de chacun ? La charpente du discours du PS s&#8217;adresse aux classes moyennes soucieuses de coh\u00e9sion sociale, de modernit\u00e9 dans les relations sociales et d&#8217;avenir pour leurs enfants. La candidate socialiste porte quant \u00e0 elle un discours plus franchement destin\u00e9 aux cat\u00e9gories populaires. C&#8217;est ainsi qu&#8217;on la voit d\u00e9velopper un discours sur la s\u00e9curit\u00e9 et \u00ab l&#8217;ordre juste \u00bb suppos\u00e9 leur convenir ; elle affirme son attachement \u00e0 la \u00ab valeur travail \u00bb et ne se presse gu\u00e8re dans les combats pour les plus d\u00e9munis (SDF, sans-papiers, etc.). Enfin, sur la fonction du politique et sur l&#8217;exercice du pouvoir lui-m\u00eame, on assiste \u00e0 une recherche de coh\u00e9rence nouvelle. Hollande n&#8217;h\u00e9site pas \u00e0 se d\u00e9marquer de la symbolique mitterrandienne qui incarnait : au moins dans les ann\u00e9es 1970 et d\u00e9but 1980 : la force (tranquille) de la volont\u00e9 politique. \u00ab (&#8230;) comme si la d\u00e9mocratie n&#8217;exigeait pas d&#8217;abord de ressembler aux citoyens que nous avons vocation \u00e0 fid\u00e8lement repr\u00e9senter. Non. Le pouvoir est une chose ordinaire pour faire des choses ordinaires \u00bb (3). La politique n&#8217;est plus le lieu du (grand) dessein mais celui de la (bonne) gestion.  <\/p>\n<p>(1) La T\u00eate \u00e0 gauche (http:\/\/www.lateteagauche.org\/) est issue de la scission de la \u00ab Gauche socialiste \u00bb qui rassemblait alors Julien Dray, Jean-Luc M\u00e9lenchon, Marie-No\u00eblle Lienemann. D\u00e9sormais tr\u00e8s \u00ab hollandaise \u00bb, elle r\u00e9unit Julien Dray et Harlem Desir.<\/p>\n<p>(2) Cf. Fran\u00e7ois Hollande, Devoirs de v\u00e9rit\u00e9. Dialogue avec Edwy Plenel, Stock, 2006.<\/p>\n<p>(3) Fran\u00e7ois Hollande, Devoirs de v\u00e9rit\u00e9, p. 115.<\/p>\n<p><strong> Devoirs de v\u00e9rit\u00e9 de Fran\u00e7ois Hollande. Extrait <\/strong><\/p>\n<p>Dans ce passage, Fran\u00e7ois Hollande exprime de fa\u00e7on ramass\u00e9e les principaux axes qui fondent le projet socialiste.<\/p>\n<p>\u00ab Changer la vie \u00bb, c&#8217;\u00e9tait changer de majorit\u00e9, avoir enfin un pr\u00e9sident de gauche. Le \u00ab Pr\u00e9sider autrement \u00bb de la campagne de 2002 suffit \u00e0 montrer le chemin parcouru. On ne le refera pas en sens inverse : l&#8217;id\u00e9e que le changement ne tiendrait qu&#8217;\u00e0 nous-m\u00eames ne vaut plus. L&#8217;alternance s&#8217;est banalis\u00e9e. Le changement, ce n&#8217;est pas non plus, comme on l&#8217;avait un moment con\u00e7u, le passage \u00e0 un autre syst\u00e8me \u00e9conomique : c&#8217;\u00e9tait l&#8217;offre politique de 1981. Aujourd&#8217;hui, ce sont les r\u00e9sultats concrets qui sont attendus, au-del\u00e0 m\u00eame de la baisse du ch\u00f4mage : c&#8217;\u00e9tait d\u00e9j\u00e0 notre proposition centrale en 1997. L&#8217;horizon du changement n&#8217;est plus simplement dans le registre \u00e9conomique ou dans la l\u00e9gitimit\u00e9 politique, il est dans le rapport \u00e0 la d\u00e9mocratie et \u00e0 la soci\u00e9t\u00e9. La gauche doit avoir pour premi\u00e8re ambition de changer le pouvoir lui-m\u00eame. Son organisation, son mode de d\u00e9cision, comme le contr\u00f4le d\u00e9mocratique dont il doit \u00eatre l&#8217;objet.<\/p>\n<p>Ensuite elle doit porter de nouveau l&#8217;id\u00e9e de progr\u00e8s, mais en d\u00e9passant la vision r\u00e9ductrice de la seule croissance, de l&#8217;\u00e9conomique et du social. Comme l&#8217;a soulign\u00e9 Amartya Sen, le Prix Nobel d&#8217;\u00e9conomie, le d\u00e9veloppement humain est aussi affaire de \u00ab capabilit\u00e9s \u00bb, c&#8217;est-\u00e0-dire de l&#8217;existence pour chaque individu d&#8217;un espace du possible dans lequel il peut projeter son avenir. L&#8217;\u00e9galit\u00e9, la place des femmes, la politique de la famille, la ville et les territoires, la cit\u00e9 et l&#8217;environnement, etc. : c&#8217;est une conception beaucoup plus globale et soci\u00e9tale du changement qu&#8217;il nous faut avoir. Une conception o\u00f9 l&#8217;individu et l&#8217;individualisme ont leur place. Car on est pass\u00e9 d&#8217;un rapport collectif au changement social \u00e0 un rapport personnel. Cela change vraiment quand, concr\u00e8tement, le citoyen lui-m\u00eame en ressent  la r\u00e9alit\u00e9.<\/p>\n<p>Enfin, la gauche doit parler de la France, de ce qu&#8217;elle est, de ses valeurs, de son destin. Elle doit montrer que la nation n&#8217;est pas contradictoire avec son projet politique, et pas non plus un frein \u00e0 la construction europ\u00e9enne telle qu&#8217;elle l&#8217;a con\u00e7ue originellement.<\/p>\n","protected":false},"excerpt":{"rendered":"<p> L&#8217;objectif du parti socialiste de conqu\u00eate du pouvoir d&#8217;\u00c9tat se construit dans une mutation du parti lui-m\u00eame. \u00ab Le vieux PS \u00bb, celui d&#8217;\u00c9pinay et de l&#8217;union de la gauche, c\u00e8de la place \u00e0 un nouveau PS. Les ajustements autour de la strat\u00e9gie politique et du programme de la candidate Royal en t\u00e9moignent. Analyse. <\/p>\n","protected":false},"author":464,"featured_media":0,"comment_status":"open","ping_status":"open","sticky":false,"template":"","format":"standard","meta":{"_themeisle_gutenberg_block_has_review":false,"footnotes":""},"categories":[141],"tags":[290],"class_list":["post-2695","post","type-post","status-publish","format-standard","hentry","category-archives-web","tag-elections"],"_links":{"self":[{"href":"https:\/\/archives.regards.fr\/index.php?rest_route=\/wp\/v2\/posts\/2695","targetHints":{"allow":["GET"]}}],"collection":[{"href":"https:\/\/archives.regards.fr\/index.php?rest_route=\/wp\/v2\/posts"}],"about":[{"href":"https:\/\/archives.regards.fr\/index.php?rest_route=\/wp\/v2\/types\/post"}],"author":[{"embeddable":true,"href":"https:\/\/archives.regards.fr\/index.php?rest_route=\/wp\/v2\/users\/464"}],"replies":[{"embeddable":true,"href":"https:\/\/archives.regards.fr\/index.php?rest_route=%2Fwp%2Fv2%2Fcomments&post=2695"}],"version-history":[{"count":0,"href":"https:\/\/archives.regards.fr\/index.php?rest_route=\/wp\/v2\/posts\/2695\/revisions"}],"wp:attachment":[{"href":"https:\/\/archives.regards.fr\/index.php?rest_route=%2Fwp%2Fv2%2Fmedia&parent=2695"}],"wp:term":[{"taxonomy":"category","embeddable":true,"href":"https:\/\/archives.regards.fr\/index.php?rest_route=%2Fwp%2Fv2%2Fcategories&post=2695"},{"taxonomy":"post_tag","embeddable":true,"href":"https:\/\/archives.regards.fr\/index.php?rest_route=%2Fwp%2Fv2%2Ftags&post=2695"}],"curies":[{"name":"wp","href":"https:\/\/api.w.org\/{rel}","templated":true}]}}