{"id":2690,"date":"2007-02-01T00:00:00","date_gmt":"2007-01-31T23:00:00","guid":{"rendered":"https:\/\/wp.muchomaas.com\/les-invites-de-la-redaction2690\/"},"modified":"2007-02-01T00:00:00","modified_gmt":"2007-01-31T23:00:00","slug":"les-invites-de-la-redaction2690","status":"publish","type":"post","link":"https:\/\/archives.regards.fr\/?p=2690","title":{"rendered":"les invit\u00e9s de la r\u00e9daction : Georges Debr\u00e9geas et Thomas Lacoste pour une Autre Campagne"},"content":{"rendered":"<p>Georges Debr\u00e9geas  est Physicien au CNRS, militant \u00e0 l&#8217;association Sauvons la recherche.<\/p>\n<p>Thomas Lacoste  est \u00c9crivain et \u00e9diteur, pr\u00e9sident et fondateur de l&#8217;association et de la revue Le Passant ordinaire.<\/p>\n<p><strong> Des mots aux faits <\/strong><\/p>\n<p><strong> L&#8217;Autre Campagne propose des contributions originales issues du monde social : syndicats, associations, mouvements : et intellectuel. Le but : reformuler les questions de la campagne officielle. <\/strong><\/p>\n<p> La prochaine \u00e9lection pr\u00e9sidentielle pourrait bien voir l&#8217;aboutissement en France de la \u00ab r\u00e9volution conservatrice \u00bb, cette doctrine qui allie id\u00e9ologie n\u00e9olib\u00e9rale et pratique autoritaire du pouvoir. Si un tel sc\u00e9nario est aujourd&#8217;hui possible, c&#8217;est que le parti de Nicolas Sarkozy ne trouve face \u00e0 lui qu&#8217;une gauche \u00e9clat\u00e9e dont une large partie a perdu tout contact avec les cat\u00e9gories populaires qu&#8217;elle est cens\u00e9e d\u00e9fendre.<\/p>\n<p>Cette perspective est d&#8217;autant plus inacceptable que le rejet de la politique gouvernementale ne cesse de cro\u00eetre depuis plusieurs ann\u00e9es. Il s&#8217;est exprim\u00e9 dans une s\u00e9rie de luttes sociales, de la d\u00e9fense des retraites au mouvement dit \u00ab anti-CPE \u00bb, dans la campagne men\u00e9e autour du r\u00e9f\u00e9rendum sur le trait\u00e9 constitutionnel europ\u00e9en, ainsi que dans la myriade de mouvements sectoriels qui ont marqu\u00e9 la d\u00e9cennie. En s&#8217;ancrant explicitement sur le terrain local : l&#8217;opposition \u00e0 l&#8217;expulsion d&#8217;un enfant d&#8217;immigr\u00e9s dans une \u00e9cole de quartier, \u00e0 la fermeture d&#8217;un h\u00f4pital ou d&#8217;un bureau de poste dans une commune : ces luttes ont permis une large prise de conscience des d\u00e9g\u00e2ts irr\u00e9m\u00e9diables caus\u00e9s par ces politiques r\u00e9gressives. Ces r\u00e9sistances se sont accompagn\u00e9es d&#8217;un renouveau des pratiques militantes et syndicales \u00e0 partir desquelles ont \u00e9t\u00e9 \u00e9labor\u00e9es de v\u00e9ritables propositions politiques.<\/p>\n<p><strong> Construction alternative <\/strong><\/p>\n<p>La plupart des militants qui animent ces mouvements s&#8217;accordent \u00e0 reconna\u00eetre que leurs luttes ne pourront aboutir sans l&#8217;\u00e9laboration d&#8217;un projet de soci\u00e9t\u00e9 global, capable d&#8217;articuler avec rigueur les multiples dimensions, sociales, \u00e9conomiques et culturelles de leurs exigences. Plusieurs initiatives, dont les forums sociaux, Attac et la Fondation Copernic restent \u00e0 ce jour les plus marquantes, se sont attel\u00e9es \u00e0 cette t\u00e2che en s&#8217;appuyant sur un r\u00e9seau militant qui s&#8217;est renforc\u00e9 \u00e0 l&#8217;occasion de la campagne r\u00e9f\u00e9rendaire de 2005. Mais la transformation de ces projets en force politique se heurte \u00e0 deux difficult\u00e9s. D&#8217;une part, la question du d\u00e9bouch\u00e9 politique et de la participation \u00e0 des \u00e9ch\u00e9ances \u00e9lectorales aiguise les contradictions et comporte des risques d&#8217;\u00e9clatement d&#8217;une construction politique encore r\u00e9cente. D&#8217;autre part, en d\u00e9pit de la qualit\u00e9 incontestable des travaux men\u00e9s, ces initiatives n&#8217;ont pas pu imposer pleinement le d\u00e9bat autour de leur alternative au-del\u00e0 des cercles militants traditionnels. Ce manque de visibilit\u00e9 n&#8217;a pas permis de transformer le rejet massif des politiques actuelles, notamment dans les couches sociales les plus d\u00e9favoris\u00e9es, en un soutien actif large \u00e0 ces alternatives.<\/p>\n<p><strong> Des termes d\u00e9tourn\u00e9s <\/strong><\/p>\n<p>Par contraste, le mod\u00e8le politique n\u00e9olib\u00e9ral a su imposer depuis plusieurs d\u00e9cennies un cadre de pens\u00e9e dont la simplicit\u00e9 et la coh\u00e9rence apparentes permettent de cr\u00e9er une forme d&#8217;adh\u00e9sion imm\u00e9diate. De fa\u00e7on perverse, le projet n\u00e9olib\u00e9ral s&#8217;est appropri\u00e9 les termes traditionnellement et symboliquement associ\u00e9s \u00e0 la gauche tels que r\u00e9forme, progr\u00e8s ou libert\u00e9, parvenant m\u00eame \u00e0 aspirer les propositions issues de la gauche tout en les d\u00e9tournant et les vidant de leur sens : ainsi la droite peut-elle aujourd&#8217;hui pr\u00e9tendre int\u00e9grer \u00e0 son programme la discrimination positive, le d\u00e9veloppement durable, la s\u00e9curit\u00e9 sociale professionnelle ou, plus r\u00e9cemment, le droit au logement opposable. Cette pens\u00e9e dominante s&#8217;est construite avec la complicit\u00e9 d&#8217;institutions de pouvoir, de clubs de pens\u00e9e, et de la majorit\u00e9 des m\u00e9dias qui ont contribu\u00e9 \u00e0 \u00e9touffer toute critique radicale du syst\u00e8me politique et \u00e9conomique en place.<\/p>\n<p><strong> Reformuler les questions <\/strong><\/p>\n<p>L&#8217;Autre Campagne est n\u00e9e du refus de cette confiscation de la parole dans un moment qui appara\u00eet d\u00e9cisif pour l&#8217;avenir du pays, mais aussi de la gauche. Plut\u00f4t que d&#8217;accepter les termes du d\u00e9bat impos\u00e9s par les partis dominants, il s&#8217;agit de construire la confrontation politique sur la base des multiples exp\u00e9riences, analyses et propositions issues du monde social et intellectuel. Au fondement de cette d\u00e9marche, il y a la conviction que c&#8217;est la mise en valeur de ces paroles singuli\u00e8res, relayant des exp\u00e9riences concr\u00e8tes, qui rendra incontournable la pertinence du projet social et politique dont elles sont porteuses, et exposera par contraste la vacuit\u00e9 et les fausses \u00e9vidences du programme n\u00e9olib\u00e9ral.<\/p>\n<p>L&#8217;Autre Campagne n&#8217;est pas Autre parce qu&#8217;elle traite de questions distinctes de celles que pr\u00e9tend aborder la campagne \u00ab officielle \u00bb, mais parce qu&#8217;elle se propose de les reformuler en faisant de la description des situations v\u00e9cues, de leur analyse, la base de l&#8217;engagement et de l&#8217;invention de r\u00e9ponses politiques. Ce faisant, elle reconna\u00eet explicitement la n\u00e9cessit\u00e9 de traiter avec la m\u00eame rigueur et le m\u00eame respect des formes vari\u00e9es d&#8217;expertise, militantes, syndicales, associatives, intellectuelles, tout en les enjoignant \u00e0 produire des propositions politiques pour aller au-del\u00e0 du simple constat et de la d\u00e9nonciation des politiques actuelles. Elle entend aussi contribuer \u00e0 une r\u00e9appropriation du langage politique qui redonne un sens aux id\u00e9aux communs de la gauche (r\u00e9forme, progr\u00e8s, solidarit\u00e9, universalisme, \u00e9galit\u00e9) par leur traduction concr\u00e8te sur le terrain.<\/p>\n<p><strong> Contributions <\/strong><\/p>\n<p>L&#8217;Autre Campagne rassemble aujourd&#8217;hui une centaine de contributions originales issues du monde social : syndicats, associations, mouvements : et intellectuel. Chacune d&#8217;entre elles explicite une proposition, de la politique internationale \u00e0 la souffrance au travail, de la r\u00e9forme institutionnelle aux politiques familiales. Le livre L&#8217;Autre Campagne, publi\u00e9 en janvier aux \u00e9ditions La D\u00e9couverte, r\u00e9unit 80 de ces textes. Mais l&#8217;int\u00e9gralit\u00e9 de ces contributions est \u00e9galement librement disponible sur le site afin que chacune d&#8217;entre elles puisse \u00eatre d\u00e9battue avec les auteurs, les lecteurs et internautes.<\/p>\n<p>Ces propositions, et celles qui viendront enrichir l&#8217;initiative, ont pour vocation \u00e0 \u00eatre reprises, d\u00e9battues, r\u00e9investies. Il s&#8217;agira, \u00e0 partir de cet inventaire raisonn\u00e9 et non exhaustif, de donner une force collective \u00e0 des pens\u00e9es et des pratiques s\u00e9par\u00e9es. Par ce regroupement, il cr\u00e9e un pr\u00e9c\u00e9dent qui autorise de nouveaux agencements afin de contribuer \u00e0 un d\u00e9placement du d\u00e9bat politique. Dans cette optique, la pr\u00e9sidentielle peut constituer une occasion de faire d&#8217;une \u00e9ch\u00e9ance peu d\u00e9mocratique le point de d\u00e9part d&#8217;une nouvelle donne \u00e0 gauche pour les \u00e9lections et les ann\u00e9es \u00e0 venir.   G.D. et T.L.<\/p>\n<p><strong> L&#8217;Autre campagne, \u00e9d. La D\u00e9couverte, <\/strong> 300 pages, 14 e. L&#8217;Autre Campagne est une initiative coordonn\u00e9e par un collectif \u00e9ditorial constitu\u00e9 d&#8217;une dizaine de militants associatifs, \u00e9diteurs et chercheurs. L&#8217;ensemble des informations est disponible sur le site www.lautrecampagne.org\/. La premi\u00e8re rencontre publique de L&#8217;Autre Campagne \u00ab D\u00e9-poss\u00e9der : Limites et alternatives \u00e0 la propri\u00e9t\u00e9 priv\u00e9e \u00bb se d\u00e9roulera le samedi 10 f\u00e9vrier au minist\u00e8re de la Crise du logement social, immeuble r\u00e9cemment \u00ab r\u00e9quisitionn\u00e9 \u00bb par plusieurs collectifs, et situ\u00e9 au 24, rue de la Banque, Paris 2e.<\/p>\n","protected":false},"excerpt":{"rendered":"<p>Georges Debr\u00e9geas est Physicien au CNRS, militant \u00e0 l&#8217;association Sauvons la recherche. Thomas Lacoste est \u00c9crivain et \u00e9diteur, pr\u00e9sident et fondateur de l&#8217;association et de la revue Le Passant ordinaire. Des mots aux faits L&#8217;Autre Campagne propose des contributions originales issues du monde social : syndicats, associations, mouvements : et intellectuel. Le but : reformuler [&hellip;]<\/p>\n","protected":false},"author":1,"featured_media":0,"comment_status":"open","ping_status":"open","sticky":false,"template":"","format":"standard","meta":{"_themeisle_gutenberg_block_has_review":false,"footnotes":""},"categories":[141],"tags":[290],"class_list":["post-2690","post","type-post","status-publish","format-standard","hentry","category-archives-web","tag-elections"],"_links":{"self":[{"href":"https:\/\/archives.regards.fr\/index.php?rest_route=\/wp\/v2\/posts\/2690","targetHints":{"allow":["GET"]}}],"collection":[{"href":"https:\/\/archives.regards.fr\/index.php?rest_route=\/wp\/v2\/posts"}],"about":[{"href":"https:\/\/archives.regards.fr\/index.php?rest_route=\/wp\/v2\/types\/post"}],"author":[{"embeddable":true,"href":"https:\/\/archives.regards.fr\/index.php?rest_route=\/wp\/v2\/users\/1"}],"replies":[{"embeddable":true,"href":"https:\/\/archives.regards.fr\/index.php?rest_route=%2Fwp%2Fv2%2Fcomments&post=2690"}],"version-history":[{"count":0,"href":"https:\/\/archives.regards.fr\/index.php?rest_route=\/wp\/v2\/posts\/2690\/revisions"}],"wp:attachment":[{"href":"https:\/\/archives.regards.fr\/index.php?rest_route=%2Fwp%2Fv2%2Fmedia&parent=2690"}],"wp:term":[{"taxonomy":"category","embeddable":true,"href":"https:\/\/archives.regards.fr\/index.php?rest_route=%2Fwp%2Fv2%2Fcategories&post=2690"},{"taxonomy":"post_tag","embeddable":true,"href":"https:\/\/archives.regards.fr\/index.php?rest_route=%2Fwp%2Fv2%2Ftags&post=2690"}],"curies":[{"name":"wp","href":"https:\/\/api.w.org\/{rel}","templated":true}]}}