{"id":2677,"date":"2007-01-01T00:00:00","date_gmt":"2006-12-31T23:00:00","guid":{"rendered":"https:\/\/wp.muchomaas.com\/dialogue-de-sourds2677\/"},"modified":"2007-01-01T00:00:00","modified_gmt":"2006-12-31T23:00:00","slug":"dialogue-de-sourds2677","status":"publish","type":"post","link":"https:\/\/archives.regards.fr\/?p=2677","title":{"rendered":"Dialogue de sourds"},"content":{"rendered":"<p class=\"post_excerpt\"> Presidentielle vue par Chloe Juhel <\/p>\n<p>(chlo\u00e9 juhel est journaliste \u00e0 radio G\u00e9n\u00e9rations 88.2 Elle Anime la Matinale de 6 heures \u00e0 10 heures et l&#8217;\u00e9mission G\u00e9n\u00e9ration citoyen)<\/p>\n<p>L&#8217;un parle blessure du pass\u00e9 et m\u00e9moire coloniale, l&#8217;autre parle courbe du ch\u00f4mage et d\u00e9linquance juv\u00e9nile. Le dialogue est vou\u00e9 \u00e0 l&#8217;\u00e9chec. Ils n&#8217;utilisent pas la m\u00eame langue. Ils n&#8217;emploient pas les m\u00eames termes, les m\u00eames expressions. Cette semaine-l\u00e0, l&#8217;\u00e9mission \u00ab G\u00e9n\u00e9rations Citoyen \u00bb (1) \u00e9tait consacr\u00e9e \u00e0 Nicolas Dupont-Aignan. Face au candidat souverainiste \u00e9tiquet\u00e9 UMP, pour d\u00e9battre, comme d&#8217;habitude, j&#8217;ai choisi d&#8217;installer des rappeurs, des graffeurs, des danseurs et des repr\u00e9sentants du milieu associatif. Parmi les invit\u00e9s, Ekou\u00e9, du groupe La Rumeur. Un face-\u00e0-face surprenant et d\u00e9tonnant qui m&#8217;a permis de mesurer l&#8217;ampleur du foss\u00e9. L&#8217;ampleur des d\u00e9g\u00e2ts aussi. Une des premi\u00e8res choses qui m&#8217;a frapp\u00e9e, lorsque je suis arriv\u00e9e \u00e0 G\u00e9n\u00e9rations (2) il y a trois ans, c&#8217;est la ferveur avec laquelle mes coll\u00e8gues et les artistes que j&#8217;ai pu rencontrer m&#8217;ont expliqu\u00e9 leurs blessures. Ou plut\u00f4t les cicatrices de leurs parents. Moi, je d\u00e9barquais avec, coinc\u00e9e sous le bras droit, mon Histoire de France apprise par c\u0153ur et sagement dans les manuels scolaires et, cal\u00e9e sous le bras gauche, mon histoire de famille normande, tout ce qu&#8217;il y a de plus basique. J&#8217;\u00e9tais donc, bien s\u00fbr, loin de me douter de la col\u00e8re de ces \u00ab personnes issues de l&#8217;immigration \u00bb. Au passage, au bout de combien de g\u00e9n\u00e9rations verra-t-on le terme \u00ab fils d&#8217;immigr\u00e9s \u00bb dispara\u00eetre ? Certains pr\u00e9f\u00e8rent se donner bonne conscience et se dire : \u00ab cessons de nous torturer avec le pass\u00e9 et de nous victimiser pour si peu. \u00bb Bref. Soixante ans apr\u00e8s la Seconde Guerre mondiale, toujours rien. Pas de reconnaissance pour ces anciens combattants, ces tirailleurs, ces hommes qui se sont battus pour la France. Pas de c\u00e9r\u00e9monie officielle organis\u00e9e par l&#8217;Etat. Rien de tout \u00e7a. A peu de choses pr\u00e8s. Il y a quelques mois, le film Indig\u00e8nes de Rachid Bouchareb a quand m\u00eame permis de mettre un s\u00e9rieux coup de pied dans la fourmili\u00e8re, de faire avancer le schmilblick de quelques centim\u00e8tres. Mais on est tellement loin du compte. 2007, ann\u00e9e \u00e9lectorale. L&#8217;occasion r\u00eav\u00e9e pour profiter de l&#8217;\u00e9lan m\u00e9diatique suscit\u00e9 par ce film et de mettre, enfin, les pieds dans le plat. L&#8217;occasion tout simplement de parler de cette douloureuse m\u00e9moire fran\u00e7aise et de placer des mots sur ces cicatrices.<\/p>\n<p>La campagne pr\u00e9sidentielle est maintenant bien lanc\u00e9e. En avant toute, direction l&#8217;immigration. Allons-y gaiement. S\u00e9gol\u00e8ne Fontenoy et Nicolas Lemonchois ont fix\u00e9 le cap. Et rien ne les en d\u00e9tournera. Pas m\u00eame la d\u00e9ferlante m\u00e9diatique Nicolas Hulot. L&#8217;\u00e9colo a pourtant bien tent\u00e9 de d\u00e9vier la route des candidats. En vain. A grands coups de sondages et de couvertures de magazines, on nous dit que l&#8217;\u00e9cologie est une des pr\u00e9occupations des Fran\u00e7ais. Rien n&#8217;y fait. Imaginez, la cause des anciens combattants&#8230; Cause perdue ou plut\u00f4t oubli\u00e9e. Alors, avec nos petites mains et nos micros, chaque semaine, sur l&#8217;antenne de G\u00e9n\u00e9rations, on essaie, tant bien que mal, de rafra\u00eechir la m\u00e9moire de ces \u00e9narques et autres politiques. Ceux-l\u00e0 m\u00eame qui ont dans leurs biblioth\u00e8ques des livres d&#8217;histoire dont certaines pages sont rest\u00e9es bien coll\u00e9es. Peut-\u00eatre repartiront-ils du studio avec quelques questions dans la t\u00eate ? Questions dont les r\u00e9ponses se situent tout pr\u00e8s, juste en bas des tours, dans les halls des HLM.    C.J.<\/p>\n<p>(1) Emission de d\u00e9bat politique et soci\u00e9t\u00e9 diffus\u00e9e sur G\u00e9n\u00e9rations tous les dimanches de 18h \u00e0 19h<\/p>\n<p>(2) Radio francilienne sur 88.2, qui diffuse du rap, de la soul et de la funk et qui invite les jeunes \u00e0 aller voter.<\/p>\n","protected":false},"excerpt":{"rendered":"<p> Presidentielle vue par Chloe Juhel <\/p>\n","protected":false},"author":1,"featured_media":0,"comment_status":"open","ping_status":"open","sticky":false,"template":"","format":"standard","meta":{"_themeisle_gutenberg_block_has_review":false,"footnotes":""},"categories":[141],"tags":[290],"class_list":["post-2677","post","type-post","status-publish","format-standard","hentry","category-archives-web","tag-elections"],"_links":{"self":[{"href":"https:\/\/archives.regards.fr\/index.php?rest_route=\/wp\/v2\/posts\/2677","targetHints":{"allow":["GET"]}}],"collection":[{"href":"https:\/\/archives.regards.fr\/index.php?rest_route=\/wp\/v2\/posts"}],"about":[{"href":"https:\/\/archives.regards.fr\/index.php?rest_route=\/wp\/v2\/types\/post"}],"author":[{"embeddable":true,"href":"https:\/\/archives.regards.fr\/index.php?rest_route=\/wp\/v2\/users\/1"}],"replies":[{"embeddable":true,"href":"https:\/\/archives.regards.fr\/index.php?rest_route=%2Fwp%2Fv2%2Fcomments&post=2677"}],"version-history":[{"count":0,"href":"https:\/\/archives.regards.fr\/index.php?rest_route=\/wp\/v2\/posts\/2677\/revisions"}],"wp:attachment":[{"href":"https:\/\/archives.regards.fr\/index.php?rest_route=%2Fwp%2Fv2%2Fmedia&parent=2677"}],"wp:term":[{"taxonomy":"category","embeddable":true,"href":"https:\/\/archives.regards.fr\/index.php?rest_route=%2Fwp%2Fv2%2Fcategories&post=2677"},{"taxonomy":"post_tag","embeddable":true,"href":"https:\/\/archives.regards.fr\/index.php?rest_route=%2Fwp%2Fv2%2Ftags&post=2677"}],"curies":[{"name":"wp","href":"https:\/\/api.w.org\/{rel}","templated":true}]}}