{"id":2658,"date":"2006-12-01T00:00:00","date_gmt":"2006-11-30T23:00:00","guid":{"rendered":"https:\/\/wp.muchomaas.com\/les-choix-cruciaux-du-pcf2658\/"},"modified":"2006-12-01T00:00:00","modified_gmt":"2006-11-30T23:00:00","slug":"les-choix-cruciaux-du-pcf2658","status":"publish","type":"post","link":"https:\/\/archives.regards.fr\/?p=2658","title":{"rendered":"Les choix cruciaux du PCF"},"content":{"rendered":"<p class=\"post_excerpt\"> Officiellement, la priorit\u00e9 d&#8217;une candidature de rassemblement est \u00e9nonc\u00e9e. Oui, mais&#8230; <\/p>\n<p> L e  PCF qui aborde aujourd&#8217;hui l&#8217;\u00e9lection pr\u00e9sidentielle a beaucoup \u00e9volu\u00e9 en quelques ann\u00e9es. Au printemps 2004, lors des \u00e9lections r\u00e9gionales, ses f\u00e9d\u00e9rations s&#8217;\u00e9taient partag\u00e9es en trois groupes : une majorit\u00e9 de d\u00e9partements avaient choisi de reconduire l&#8217;alliance \u00e9lectorale avec le PS ; deux r\u00e9gions (Nord et Picardie) avaient d\u00e9pos\u00e9 des listes estampill\u00e9es communistes ; l&#8217;Ile-de-France avait pr\u00e9f\u00e9r\u00e9 tester une formule in\u00e9dite, celle de la \u00ab gauche populaire et citoyenne \u00bb associant des communistes et d&#8217;autres militants de l&#8217;alternative. Aux \u00e9lections europ\u00e9ennes qui avaient suivi, la d\u00e9marche suivie en Ile-de-France a \u00e9t\u00e9 reconduite, tandis que, dans la majorit\u00e9 des nouvelles circonscriptions \u00e9lectorales, le PCF d\u00e9posait des listes communistes traditionnelles, plus ou moins ouvertes \u00e0 des personnalit\u00e9s ext\u00e9rieures. Aux \u00e9lections r\u00e9gionales comme aux europ\u00e9ennes, le choix francilien avait plut\u00f4t \u00e9t\u00e9 consid\u00e9r\u00e9 comme pertinent sur le plan \u00e9lectoral : le PCF y avait trouv\u00e9 son compte.<\/p>\n<p>La campagne r\u00e9f\u00e9rendaire de 2005 a engag\u00e9 les communistes plus avant dans la d\u00e9marche unitaire. Pendant plusieurs mois, les militants se sont immerg\u00e9s dans une activit\u00e9 militante o\u00f9, \u00e0 l&#8217;int\u00e9rieur de collectifs ad hoc, ils c\u00f4toyaient des individus et des sensibilit\u00e9s qu&#8217;ils n&#8217;avaient pas toujours eu l&#8217;occasion de rencontrer auparavant. L&#8217;\u00e9chantillon des personnalit\u00e9s pr\u00e9sentes sur les tribunes, la densit\u00e9 des r\u00e9unions, la chaleur des meetings ont cr\u00e9\u00e9 une sorte de choc culturel, une accoutumance in\u00e9dite au rassemblement. Ce qui jusqu&#8217;alors n&#8217;\u00e9tait qu&#8217;une formule : le rassemblement antilib\u00e9ral : \u00e9tait devenu une exp\u00e9rience, d&#8217;abord francilienne puis nationale.<\/p>\n<p><strong> construction antilib\u00e9rale <\/strong><\/p>\n<p>Quand, au printemps de 2006, s&#8217;est structur\u00e9e une d\u00e9marche collective visant \u00e0 organiser la recherche d&#8217;une construction antilib\u00e9rale commune, \u00e0 la gauche du Parti socialiste, la direction communiste a d\u00e9cid\u00e9 de la soutenir officiellement et d&#8217;y engager le PCF \u00ab \u00e8s qualit\u00e9s \u00bb. Quelque temps auparavant, le parti avait lanc\u00e9 \u00e0 son Congr\u00e8s ce qu&#8217;il appelait une \u00ab offre politique \u00bb : il proposait une alliance globale pour le bloc des \u00e9lections pr\u00e9sidentielle et l\u00e9gislatives de 2007, ajoutant qu&#8217;une personnalit\u00e9 \u00ab issue des rangs du parti communiste \u00bb serait la mieux plac\u00e9e pour incarner la gauche antilib\u00e9rale au scrutin proprement pr\u00e9sidentiel. Quelques semaines plus tard, la proposition se d\u00e9pla\u00e7ait : Marie-George Buffet devenait la personnalit\u00e9 communiste propos\u00e9e.<\/p>\n<p><strong> Une \u00ab sortie par le haut \u00bb ? <\/strong><\/p>\n<p>La forte identification de la secr\u00e9taire nationale est-elle compatible avec la n\u00e9cessit\u00e9 de trouver une personnalit\u00e9 embl\u00e9matique d&#8217;un rassemblement extraordinairement divers ? Manifestement, la proposition communiste, ent\u00e9rin\u00e9e par les militants les 10 et 11 novembre derniers, provoque de vives r\u00e9ticences chez l&#8217;ensemble des formations partenaires du PCF dans les collectifs unitaires. Le PCF peut-il s&#8217;appuyer sur ses propres effectifs militants pour imposer son choix dans les collectifs ? Quelles en seraient les cons\u00e9quences sur l&#8217;opinion dans un premier temps, sur les r\u00e9sultats \u00e9lectoraux dans un second ?<\/p>\n<p>La crainte d&#8217;un nouvel \u00e9chec \u00e0 la pr\u00e9sidentielle de 2007 pousse de nombreux responsables et militants de sensibilit\u00e9s diverses \u00e0 pr\u00f4ner la prudence, mettant en garde le parti devant la perspective de ce qui pourrait \u00eatre per\u00e7u comme un cavalier seul \u00e0 l&#8217;arriv\u00e9e. Le PCF a toujours affirm\u00e9 que son offre d&#8217;une candidature de sa secr\u00e9taire nationale n&#8217;\u00e9tait pas un \u00ab pr\u00e9alable \u00bb. Officiellement, donc, la priorit\u00e9 est \u00e9nonc\u00e9e d&#8217;une candidature de rassemblement, quel que soit le choix final. Les m\u00eames voix internes sugg\u00e8rent ainsi que le moment est venu de r\u00e9fl\u00e9chir \u00e0 un \u00ab atterrissage \u00bb, autour d&#8217;une personnalit\u00e9 qui permette le consensus et dont la d\u00e9signation n&#8217;apparaisse pas comme une d\u00e9faite pour le PCF. Le nom de Cl\u00e9mentine Autain est alors souvent prononc\u00e9 comme une sortie possible \u00ab par le haut \u00bb. Reste \u00e0 savoir si cette option serait admise par les militants.   Antoine Chatelain<\/p>\n","protected":false},"excerpt":{"rendered":"<p> Officiellement, la priorit\u00e9 d&#8217;une candidature de rassemblement est \u00e9nonc\u00e9e. Oui, mais&#8230; <\/p>\n","protected":false},"author":1,"featured_media":0,"comment_status":"open","ping_status":"open","sticky":false,"template":"","format":"standard","meta":{"_themeisle_gutenberg_block_has_review":false,"footnotes":""},"categories":[141],"tags":[290],"class_list":["post-2658","post","type-post","status-publish","format-standard","hentry","category-archives-web","tag-elections"],"_links":{"self":[{"href":"https:\/\/archives.regards.fr\/index.php?rest_route=\/wp\/v2\/posts\/2658","targetHints":{"allow":["GET"]}}],"collection":[{"href":"https:\/\/archives.regards.fr\/index.php?rest_route=\/wp\/v2\/posts"}],"about":[{"href":"https:\/\/archives.regards.fr\/index.php?rest_route=\/wp\/v2\/types\/post"}],"author":[{"embeddable":true,"href":"https:\/\/archives.regards.fr\/index.php?rest_route=\/wp\/v2\/users\/1"}],"replies":[{"embeddable":true,"href":"https:\/\/archives.regards.fr\/index.php?rest_route=%2Fwp%2Fv2%2Fcomments&post=2658"}],"version-history":[{"count":0,"href":"https:\/\/archives.regards.fr\/index.php?rest_route=\/wp\/v2\/posts\/2658\/revisions"}],"wp:attachment":[{"href":"https:\/\/archives.regards.fr\/index.php?rest_route=%2Fwp%2Fv2%2Fmedia&parent=2658"}],"wp:term":[{"taxonomy":"category","embeddable":true,"href":"https:\/\/archives.regards.fr\/index.php?rest_route=%2Fwp%2Fv2%2Fcategories&post=2658"},{"taxonomy":"post_tag","embeddable":true,"href":"https:\/\/archives.regards.fr\/index.php?rest_route=%2Fwp%2Fv2%2Ftags&post=2658"}],"curies":[{"name":"wp","href":"https:\/\/api.w.org\/{rel}","templated":true}]}}